{"id":119973,"date":"2023-12-04T16:05:35","date_gmt":"2023-12-04T15:05:35","guid":{"rendered":"https:\/\/www.empackmadrid.com\/2023\/12\/04\/empack-y-logistics-automation-abren-sus-puertas-dos-dias-de-innovacion-y-networking-con-los-referentes-del-packaging-la-logistica-y-el-transporte\/"},"modified":"2023-12-04T16:05:37","modified_gmt":"2023-12-04T15:05:37","slug":"empack-y-logistics-automation-abren-sus-puertas-dos-dias-de-innovacion-y-networking-con-los-referentes-del-packaging-la-logistica-y-el-transporte","status":"publish","type":"post","link":"https:\/\/www.empackmadrid.com\/en\/2023\/12\/04\/empack-y-logistics-automation-abren-sus-puertas-dos-dias-de-innovacion-y-networking-con-los-referentes-del-packaging-la-logistica-y-el-transporte\/","title":{"rendered":"Empack y Logistics &amp; Automation abren sus puertas: dos d\u00edas de innovaci\u00f3n y networking con los referentes del packaging, la log\u00edstica y el transporte"},"content":{"rendered":"\t\t<div data-elementor-type=\"wp-post\" data-elementor-id=\"119973\" class=\"elementor elementor-119973 elementor-119502\" data-elementor-post-type=\"post\">\n\t\t\t\t\t\t<section class=\"elementor-section elementor-top-section elementor-element elementor-element-186bb815 elementor-section-full_width elementor-section-height-default elementor-section-height-default\" data-id=\"186bb815\" data-element_type=\"section\">\n\t\t\t\t\t\t<div class=\"elementor-container elementor-column-gap-default\">\n\t\t\t\t\t<div class=\"elementor-column elementor-col-50 elementor-top-column elementor-element elementor-element-717d635b\" data-id=\"717d635b\" data-element_type=\"column\">\n\t\t\t<div class=\"elementor-widget-wrap elementor-element-populated\">\n\t\t\t\t\t\t<div class=\"elementor-element elementor-element-2aecddd elementor-invisible elementor-widget elementor-widget-heading\" data-id=\"2aecddd\" data-element_type=\"widget\" data-settings=\"{&quot;_animation&quot;:&quot;fadeInRight&quot;}\" data-widget_type=\"heading.default\">\n\t\t\t\t<div class=\"elementor-widget-container\">\n\t\t\t\t\t<h1 class=\"elementor-heading-title elementor-size-default\">Empack y Logistics &amp; Automation abren sus puertas: dos d\u00edas de innovaci\u00f3n y networking con los referentes del packaging, la log\u00edstica y el transporte<\/h1>\t\t\t\t<\/div>\n\t\t\t\t<\/div>\n\t\t\t\t<div class=\"elementor-element elementor-element-a5b91c7 elementor-widget elementor-widget-text-editor\" data-id=\"a5b91c7\" data-element_type=\"widget\" data-widget_type=\"text-editor.default\">\n\t\t\t\t<div class=\"elementor-widget-container\">\n\t\t\t\t\t\t\t\t\t<ul>\r\n<li><em>Lidl, Procter &amp; Gamble, L&#8217;Or\u00e9al, Guerlain, Beam Suntory, Mahou San Miguel, Siemens, Beiersdorf, Bonduelle, Eroski, Cash Converters, Fujitsu o Metro de Madrid son solo algunas de las empresas que estar\u00e1n presentes en el mayor programa de conferencias de ambas ferias.<\/em><\/li>\r\n<\/ul>\r\n<ul>\r\n<li><em>400 marcas expositoras acercar\u00e1n al visitante las \u00faltimas novedades y tendencias para optimizar su cadena de suministro, haci\u00e9ndola m\u00e1s sostenible y rentable desde el packaging hasta el almacenaje y la distribuci\u00f3n de sus mercancias.<\/em><\/li>\r\n<\/ul>\r\n<ul>\r\n<li><em>El completo programa de actividades incluye los Live Tours, recorridos guiados para en grupos reducidos de visitantes conocer los productos m\u00e1s innovadores de la edici\u00f3n, y cuatro ceremonias de entrega de premios; Premios L\u00edderes de la Log\u00edstica, Premios Truck Friendly, Premios Log\u00edstica y Talento y Premios Cartonplast a la sostenibilidad. <\/em><\/li>\r\n<\/ul>\r\n<p><strong>Madrid, 23 de noviembre de 2023. <\/strong>La nueva edici\u00f3n de <a href=\"https:\/\/www.empackmadrid.com\/es\/?utm_source=referral&amp;utm_medium=media-partner&amp;utm_campaign=NotaDePrensa&amp;utm_content=REGISTRO&amp;utm_term=EMP23&amp;actioncode=NDP2\">Empack<\/a> y <a href=\"https:\/\/www.logisticsautomationmadrid.com\/es\/?utm_source=referral&amp;utm_medium=media-partner&amp;utm_campaign=NotaDePrensa&amp;utm_content=REGISTRO&amp;utm_term=LOG23&amp;actioncode=NDP2\">Logistics &amp; Automation<\/a>, las ferias de referencia en el sector del packaging, la log\u00edstica y el transporte, organizadas por Easyfairs, est\u00e1 muy cerca. Ambas se llevar\u00e1n a cabo de forma conjunta en IFEMA (Madrid) los pr\u00f3ximos 29 y 30 de noviembre, donde se dar\u00e1n cita los principales representantes de estos sectores y se explorar\u00e1n las perspectivas de un futuro marcado por la digitalizaci\u00f3n, el uso de las nuevas tecnolog\u00edas y la sostenibilidad. Con la presencia y participaci\u00f3n de compa\u00f1\u00edas de primer nivel como Lidl, Borges, Mahou San Miguel, Procter &amp; Gamble, Bavaria, L&#8217;Or\u00e9al, Guerlain o Beam Suntory, en el caso de Empack; o de Siemens, Beiersdorf, Fujitsu, Bonduelle, Eroski, Seur, Bosch, CargoON o Metro de Madrid, en el caso de Logistics &amp; Automation, esta edici\u00f3n va a contar con el mayor programa de conferencias hasta la fecha, con m\u00e1s de 250 expertos.<\/p>\r\n<p><em>&#8220;Vivimos en un mundo en constante evoluci\u00f3n donde el packaging, la log\u00edstica y el transporte son pilares fundamentales para el \u00e9xito empresarial. Por ello, en Easyfairs estamos muy orgullosos de poder contribuir con la celebraci\u00f3n Empack y Logistics &amp; Automation como ferias de referencia. Estamos comprometidos en proporcionar una experiencia enriquecedora que contribuya al crecimiento y la transformaci\u00f3n de estas industrias y en ofrecer un espacio din\u00e1mico que fomente las relaciones profesionales entre los representantes de dichos sectores\u201d,<\/em> ha afirmado \u00d3scar Barranco, director general de Easyfairs Iberia.<\/p>\r\n<p><strong><u>&nbsp;<\/u><\/strong><\/p>\r\n<p><strong><u>Empack: \u00faltima tecnolog\u00eda aplicada al packaging<\/u><\/strong><\/p>\r\n<p>Esta 15\u00aa edici\u00f3n de Empack Madrid permitir\u00e1 a los asistentes conocer las \u00faltimas novedades y tendencias para optimizar todos los procesos de envasado, embalaje y etiquetado de sus productos. Con la participaci\u00f3n de m\u00e1s de 180 marcas representadas, esta edici\u00f3n permitir\u00e1 acercarse al futuro del sector en un entorno de negocios, de inspiraci\u00f3n y de networking.<\/p>\r\n<p>Dos salas de conferencias albergar\u00e1n los contenidos de esta edici\u00f3n Empack Madrid. Entre ellos destaca la mesa redonda \u201c<strong>La sostenibilidad en el packaging de lujo<\/strong>\u201d, con un enfoque en perfumer\u00eda y cosm\u00e9tica, y en la que &nbsp;participar\u00e1n expertos l\u00edderes, como Carles Solsona, director de Ventas de Perfumer\u00eda y Cosm\u00e9tica en Podium Global; Olaya Granado, Digital Manager and Sustainability Lead en Guerlain; Carmen Yago, directora de Marketing &amp; ESG en Salinas Packaging Group; Cristina Vaquero, manager de Sostenibilidad y RSC de L\u2019Or\u00e9al Espa\u00f1a y Portugal; Jessica Baj\u00f3n Mart\u00ednez, CMO &amp; Co-Founder de Una Vida Cosm\u00e9tics; y Debora Cortez Miranda, responsable senior de Comunicaci\u00f3n Cient\u00edfica Corporativa y Sostenibilidad en P&amp;G Espa\u00f1a y Portugal.<\/p>\r\n<p>El evento ser\u00e1 tambi\u00e9n una oportunidad para disfrutar del taller inmersivo de neuromarketing aplicado al packaging; asistir a la tercera edici\u00f3n de los premios Cartonplast, que reconocen a las empresas del sector de bebidas y alimentaci\u00f3n que contribuyen en mayor medida a generar un impacto sostenible en el medio ambiente; y para conocer algunos de los packs ganadores en la \u00faltima edici\u00f3n de los prestigiosos premios internacionales Pentawards, disfrutando adem\u00e1s del coloquio \u201cGANADORES PENTAWARDS NXT GEN 2022\u201d.<\/p>\r\n<p>Por otra parte, como cada a\u00f1o, los <strong>Live Tours<\/strong>, recorridos guiados de una hora de duraci\u00f3n para conocer los productos m\u00e1s innovadores de la edici\u00f3n, ser\u00e1n una parte fundamental de la feria, con foco en la sostenibilidad, la innovaci\u00f3n y en la automatizaci\u00f3n y rob\u00f3tica en el sector del packaging.<\/p>\r\n<p><strong><u>&nbsp;<\/u><\/strong><\/p>\r\n<p><strong><u>L&amp;A: soluciones punteras al servicio de la log\u00edstica y la farmacia<\/u><\/strong><\/p>\r\n<p>Tras doce a\u00f1os celebr\u00e1ndose, Logistics &amp; Automation vuelve a convertirse en el punto de encuentro para profesionales del mundo de la log\u00edstica y el transporte. Todo ello, a trav\u00e9s de m\u00e1s de 200 marcas representadas con las propuestas m\u00e1s vanguardistas para la industria, y un programa cargado de novedades, ponencias de expertos, exposiciones, premios e incluso espacios de networking con coffee breaks y c\u00f3cteles.<\/p>\r\n<p>El evento arrancar\u00e1 con un Acto Inagural y con la entrega de Premios L\u00edderes de la Log\u00edstica, organizados por UNO, y que ser\u00e1n presididos por Angel Asensio, presidente de la C\u00e1mara de Comercio de Madrid. Estos galardones buscan promover el reconocimiento social, econ\u00f3mico y sectorial de la actividad log\u00edstica y el transporte en el marco de la econom\u00eda del pa\u00eds, as\u00ed como premiar las mejores y m\u00e1s innovadoras pr\u00e1cticas de las empresas en estos sectores y reconocer su aportaci\u00f3n a la competitividad empresarial.<\/p>\r\n<p>Durante las dos jornadas de feria se celebrar\u00e1n tambi\u00e9n las entregas de los Premios Talento y Log\u00edstica organizados por Foro de Log\u00edstica, y los Premios Truck Friendly Movement promovidos por ACE Cargadores, y dirigidos a premiar todas aquellas iniciativas de responsabilidad social empresarial en el mundo del transporte de mercanc\u00edas.<\/p>\r\n<p>Como novedad de esta edici\u00f3n de Logistics &amp; Automation Madrid, los visitantes encontrar\u00e1n un nuevo <strong>Espacio Manutenci\u00f3n<\/strong>, donde participar\u00e1n marcas como Aconfis, Aesa, Cedecar, Faraone, GAM, Global, Manitou, JCB, Still o Toyota. Esta \u00e1rea constar\u00e1 de una zona de stands para las firmas fabricantes y distribuidoras participantes, un parque m\u00f3vil donde se expondr\u00e1n las m\u00e1quinas y una zona demo. Adem\u00e1s, al igual que Empack, L&amp;A tambi\u00e9n contar\u00e1 con Live Tours pero en este caso especializados en innovaciones en log\u00edstica y transporte.<\/p>\r\n<p>En paralelo a todo ello, cabe destacar que m\u00e1s de 200 ponentes participaran en las cinco salas de congreso. Destaca la celebraci\u00f3n en esta edici\u00f3n del <strong>primer Encuentro de excelencia operacional en el sector farma<\/strong>, que surge con la finalidad de unir todos los eslabones de la cadena de suministro para identificar buenas pr\u00e1cticas a nivel mundial, implantar excelencia operacional y conseguir la m\u00e1xima satisfacci\u00f3n del paciente que requiere de medicamentos o productos complementarios. Para ello, se llevar\u00e1n a cabo ponencias y una mesa participativa que correr\u00e1n a cargo de laboratorios, operadores log\u00edsticos, cooperativas, agrupaciones sectoriales y empresas de retail farmac\u00e9utico.<\/p>\r\n<p>Como se puede ver, esta edici\u00f3n conjunta de Empack y Logistics &amp; Automation 2023 est\u00e1 repleta de actividades a las que los visitantes tendr\u00e1n acceso total a trav\u00e9s de un \u00fanico pase, ofreci\u00e9ndoles la oportunidad de descubrir y mantenerse actualizado sobre las \u00faltimas tendencias y herramientas de que dispone el sector del packaging, la log\u00edstica y el transporte.<\/p>\r\n<p><strong>Programaci\u00f3n y registro para Empack y Logistics &amp; Automation:<\/strong><\/p>\r\n<ul>\r\n<li><a href=\"https:\/\/www.empackmadrid.com\/es\/conferencias\/?utm_source=referral&amp;utm_medium=pr-agent&amp;utm_campaign=Evercom&amp;utm_content=NotaDePrensaFullAgenda&amp;utm_term=EMP23&amp;actioncode=NDP2\">Empack<\/a><\/li>\r\n<li><a href=\"https:\/\/www.logisticsautomationmadrid.com\/es\/conferencias\/?utm_source=referral&amp;utm_medium=pr-agent&amp;utm_campaign=Evercom&amp;utm_content=NotaDePrensaFullAgenda&amp;utm_term=LOG23&amp;actioncode=NDP2\">Logistics &amp; Automation<\/a><\/li>\r\n<\/ul>\r\n<p><strong>&nbsp;<\/strong><\/p>\r\n<p><strong>Sobre Easyfairs <\/strong><\/p>\r\n<p>Easyfairs organiza eventos siendo puntos de encuentro para las comunidades que deseen visitar el futuro.<\/p>\r\n<p>Actualmente organizamos 200 eventos presenciales en 14 pa\u00edses (Argelia, B\u00e9lgica, Dinamarca, Finlandia, Francia, Alemania, Italia, Pa\u00edses Bajos, Noruega, Portugal, Espa\u00f1a, Suecia, Suiza y Reino Unido) y gestionamos ocho recintos feriales en B\u00e9lgica, Holanda y Suecia (Amberes, Gante, Malinas-Bruselas Norte, Namur, Gorinchem, Hardenberg, Malm\u00f6 y Estocolmo).<\/p>\r\n<p>Nos apasiona &#8220;facilitar&#8221; la vida de nuestros clientes y aumentar el retorno de su inversi\u00f3n y de su tiempo a trav\u00e9s de nuestras f\u00f3rmulas integrales (all-in), tecnolog\u00eda avanzada y estrategia centrada en el cliente. Nuestra oferta digital adem\u00e1s brinda a estas comunidades excelentes oportunidades para establecer contactos de manera efectiva y hacer negocios durante todo el a\u00f1o.&nbsp;<\/p>\r\n<p>El Grupo Easyfairs emplea a 800 talentos altamente comprometidos, implementa las mejores herramientas de marketing y tecnolog\u00eda y desarrolla marcas con un fuerte atractivo para nuestros stakeholders. Por quinto a\u00f1o consecutivo, en 2023, Deloitte otorg\u00f3 a Easyfairs el estatus de \u201cBest Managed Company\u201d. Easyfairs ocupa el puesto 11 entre los principales organizadores de exposiciones del mundo, seg\u00fan el ranking anual STAX.<\/p>\r\n<p>Visita el futuro con Easyfairs y consulta m\u00e1s informaci\u00f3n en <a href=\"http:\/\/www.easyfairsgroup.com\">www.easyfairsgroup.com<\/a>.<\/p>\t\t\t\t\t\t\t\t<\/div>\n\t\t\t\t<\/div>\n\t\t\t\t<div class=\"elementor-element elementor-element-1acd7351 elementor-invisible elementor-widget elementor-widget-text-editor\" data-id=\"1acd7351\" data-element_type=\"widget\" data-settings=\"{&quot;_animation&quot;:&quot;fadeInRight&quot;}\" data-widget_type=\"text-editor.default\">\n\t\t\t\t<div class=\"elementor-widget-container\">\n\t\t\t\t\t\t\t\t\t<p><span style=\"vertical-align: inherit\"><span style=\"vertical-align: inherit\"><span style=\"vertical-align: inherit\"><span style=\"vertical-align: inherit\"><span style=\"vertical-align: inherit\"><span style=\"vertical-align: inherit\">Share this article<\/span><\/span><\/span><\/span><\/span><\/span><\/p>\n\t\t\t\t\t\t\t\t<\/div>\n\t\t\t\t<\/div>\n\t\t\t\t<div class=\"elementor-element elementor-element-e058e3b elementor-share-buttons--view-icon elementor-share-buttons--skin-flat elementor-share-buttons--shape-rounded elementor-share-buttons--color-custom elementor-grid-0 elementor-widget elementor-widget-share-buttons\" data-id=\"e058e3b\" data-element_type=\"widget\" data-widget_type=\"share-buttons.default\">\n\t\t\t\t<div class=\"elementor-widget-container\">\n\t\t\t\t\t\t\t<div class=\"elementor-grid\" role=\"list\">\n\t\t\t\t\t\t\t\t<div class=\"elementor-grid-item\" role=\"listitem\">\n\t\t\t\t\t\t<div class=\"elementor-share-btn elementor-share-btn_facebook\" role=\"button\" tabindex=\"0\" aria-label=\"Share on facebook\">\n\t\t\t\t\t\t\t\t\t\t\t\t\t\t\t<span class=\"elementor-share-btn__icon\">\n\t\t\t\t\t\t\t\t<i class=\"fab fa-facebook\" aria-hidden=\"true\"><\/i>\t\t\t\t\t\t\t<\/span>\n\t\t\t\t\t\t\t\t\t\t\t\t\t\t\t\t\t\t\t\t<\/div>\n\t\t\t\t\t<\/div>\n\t\t\t\t\t\t\t\t\t<div class=\"elementor-grid-item\" role=\"listitem\">\n\t\t\t\t\t\t<div class=\"elementor-share-btn elementor-share-btn_twitter\" role=\"button\" tabindex=\"0\" aria-label=\"Share on twitter\">\n\t\t\t\t\t\t\t\t\t\t\t\t\t\t\t<span class=\"elementor-share-btn__icon\">\n\t\t\t\t\t\t\t\t<i class=\"fab fa-twitter\" aria-hidden=\"true\"><\/i>\t\t\t\t\t\t\t<\/span>\n\t\t\t\t\t\t\t\t\t\t\t\t\t\t\t\t\t\t\t\t<\/div>\n\t\t\t\t\t<\/div>\n\t\t\t\t\t\t\t\t\t<div class=\"elementor-grid-item\" role=\"listitem\">\n\t\t\t\t\t\t<div class=\"elementor-share-btn elementor-share-btn_linkedin\" role=\"button\" tabindex=\"0\" aria-label=\"Share on linkedin\">\n\t\t\t\t\t\t\t\t\t\t\t\t\t\t\t<span class=\"elementor-share-btn__icon\">\n\t\t\t\t\t\t\t\t<i class=\"fab fa-linkedin\" aria-hidden=\"true\"><\/i>\t\t\t\t\t\t\t<\/span>\n\t\t\t\t\t\t\t\t\t\t\t\t\t\t\t\t\t\t\t\t<\/div>\n\t\t\t\t\t<\/div>\n\t\t\t\t\t\t<\/div>\n\t\t\t\t\t\t<\/div>\n\t\t\t\t<\/div>\n\t\t\t\t\t<\/div>\n\t\t<\/div>\n\t\t\t\t<div class=\"elementor-column elementor-col-50 elementor-top-column elementor-element elementor-element-42bf2a35\" data-id=\"42bf2a35\" data-element_type=\"column\">\n\t\t\t<div class=\"elementor-widget-wrap elementor-element-populated\">\n\t\t\t\t\t\t<div class=\"elementor-element elementor-element-f4979c4 elementor-invisible elementor-widget elementor-widget-heading\" data-id=\"f4979c4\" data-element_type=\"widget\" data-settings=\"{&quot;_animation&quot;:&quot;fadeInRight&quot;}\" data-widget_type=\"heading.default\">\n\t\t\t\t<div class=\"elementor-widget-container\">\n\t\t\t\t\t<h1 class=\"elementor-heading-title elementor-size-default\">Stay informed<\/h1>\t\t\t\t<\/div>\n\t\t\t\t<\/div>\n\t\t\t\t<div class=\"elementor-element elementor-element-f418aad elementor-widget__width-inherit elementor-hidden-phone elementor-button-align-stretch elementor-widget elementor-widget-form\" data-id=\"f418aad\" data-element_type=\"widget\" data-settings=\"{&quot;button_width&quot;:&quot;20&quot;,&quot;step_next_label&quot;:&quot;Next&quot;,&quot;step_previous_label&quot;:&quot;Previous&quot;,&quot;step_type&quot;:&quot;number_text&quot;,&quot;step_icon_shape&quot;:&quot;circle&quot;}\" data-widget_type=\"form.default\">\n\t\t\t\t<div class=\"elementor-widget-container\">\n\t\t\t\t\t\t\t<form class=\"elementor-form\" method=\"post\" name=\"Newsletter\" aria-label=\"Newsletter\">\n\t\t\t<input type=\"hidden\" name=\"post_id\" value=\"119973\"\/>\n\t\t\t<input type=\"hidden\" name=\"form_id\" value=\"f418aad\"\/>\n\t\t\t<input type=\"hidden\" name=\"referer_title\" value=\"\" \/>\n\n\t\t\t\n\t\t\t<div class=\"elementor-form-fields-wrapper elementor-labels-\">\n\t\t\t\t\t\t\t\t<div class=\"elementor-field-type-text elementor-field-group elementor-column elementor-field-group-FirstName elementor-col-100\">\n\t\t\t\t\t\t\t\t\t\t\t\t<label for=\"form-field-FirstName\" class=\"elementor-field-label elementor-screen-only\">\n\t\t\t\t\t\t\t\tName\t\t\t\t\t\t\t<\/label>\n\t\t\t\t\t\t\t\t\t\t\t\t\t\t<input size=\"1\" type=\"text\" name=\"form_fields[FirstName]\" id=\"form-field-FirstName\" class=\"elementor-field elementor-size-sm  elementor-field-textual\" placeholder=\"Name\">\n\t\t\t\t\t\t\t\t\t\t\t<\/div>\n\t\t\t\t\t\t\t\t<div class=\"elementor-field-type-text elementor-field-group elementor-column elementor-field-group-LastName elementor-col-100\">\n\t\t\t\t\t\t\t\t\t\t\t\t<label for=\"form-field-LastName\" class=\"elementor-field-label elementor-screen-only\">\n\t\t\t\t\t\t\t\tSurname\t\t\t\t\t\t\t<\/label>\n\t\t\t\t\t\t\t\t\t\t\t\t\t\t<input size=\"1\" type=\"text\" name=\"form_fields[LastName]\" id=\"form-field-LastName\" class=\"elementor-field elementor-size-sm  elementor-field-textual\" placeholder=\"Surname\">\n\t\t\t\t\t\t\t\t\t\t\t<\/div>\n\t\t\t\t\t\t\t\t<div class=\"elementor-field-type-email elementor-field-group elementor-column elementor-field-group-Email elementor-col-100 elementor-field-required\">\n\t\t\t\t\t\t\t\t\t\t\t\t<label for=\"form-field-Email\" class=\"elementor-field-label elementor-screen-only\">\n\t\t\t\t\t\t\t\tEmail\t\t\t\t\t\t\t<\/label>\n\t\t\t\t\t\t\t\t\t\t\t\t\t\t<input size=\"1\" type=\"email\" name=\"form_fields[Email]\" id=\"form-field-Email\" class=\"elementor-field elementor-size-sm  elementor-field-textual\" placeholder=\"Email\" required=\"required\">\n\t\t\t\t\t\t\t\t\t\t\t<\/div>\n\t\t\t\t\t\t\t\t<div class=\"elementor-field-type-recaptcha_v3 elementor-field-group elementor-column elementor-field-group-field_81a6251 elementor-col-100 recaptcha_v3-inline\">\n\t\t\t\t\t<div class=\"elementor-field\" id=\"form-field-field_81a6251\"><div class=\"elementor-g-recaptcha\" data-sitekey=\"6Le35IIaAAAAAD3jT_Sfue3jxR464FxFobR3cEkm\" data-type=\"v3\" data-action=\"Form\" data-badge=\"inline\" data-size=\"invisible\"><\/div><\/div>\t\t\t\t<\/div>\n\t\t\t\t\t\t\t\t<div class=\"elementor-field-group elementor-column elementor-field-type-submit elementor-col-20 e-form__buttons\">\n\t\t\t\t\t<button class=\"elementor-button elementor-size-md\" type=\"submit\">\n\t\t\t\t\t\t<span class=\"elementor-button-content-wrapper\">\n\t\t\t\t\t\t\t\t\t\t\t\t\t\t\t\t\t\t\t\t\t\t<span class=\"elementor-button-text\">Send<\/span>\n\t\t\t\t\t\t\t\t\t\t\t\t\t<\/span>\n\t\t\t\t\t<\/button>\n\t\t\t\t<\/div>\n\t\t\t<\/div>\n\t\t<\/form>\n\t\t\t\t\t\t<\/div>\n\t\t\t\t<\/div>\n\t\t\t\t<div class=\"elementor-element elementor-element-e94ca32 elementor-hidden-desktop elementor-hidden-tablet elementor-hidden-phone elementor-widget elementor-widget-wp-widget-adsanity-rotating-ads\" data-id=\"e94ca32\" data-element_type=\"widget\" data-widget_type=\"wp-widget-adsanity-rotating-ads.default\">\n\t\t\t\t<div class=\"elementor-widget-container\">\n\t\t\t\t\t<div class=\"adsanity-rotating-ads ad-aligncenter\" data-ids=\"11576,11578,11580,11574\" data-timer=\"5\" data-align=\"aligncenter\" data-max-width=\"0\">\n<div id=\"ad-11576\" class=\"ad-300x250 adsanity-300x250 aligncenter adsanity-aligncenter\"\n><div class=\"adsanity-inner\">\n\n<div class=\"adsanity-gati\" data-title=\"MPU 2\"><a rel=\"nofollow\" href=\"https:\/\/www.empackmadrid.com\/en\/ads\/mpu-2\/\"  target=\"_blank\"><img fetchpriority=\"high\" decoding=\"async\" width=\"300\" height=\"250\" src=\"https:\/\/easyfairsassets.com\/sites\/199\/2020\/12\/300-x-250_Interiors.jpg\" class=\"no-lazy-load wp-post-image\" alt=\"300-x-250_Interiors\" \/><\/a><\/div>\n<\/div><\/div>\n\n<\/div>\t\t\t\t<\/div>\n\t\t\t\t<\/div>\n\t\t\t\t<div class=\"elementor-element elementor-element-496586bb elementor-widget-divider--view-line elementor-widget elementor-widget-divider\" data-id=\"496586bb\" data-element_type=\"widget\" data-widget_type=\"divider.default\">\n\t\t\t\t<div class=\"elementor-widget-container\">\n\t\t\t\t\t\t\t<div class=\"elementor-divider\">\n\t\t\t<span class=\"elementor-divider-separator\">\n\t\t\t\t\t\t<\/span>\n\t\t<\/div>\n\t\t\t\t\t\t<\/div>\n\t\t\t\t<\/div>\n\t\t\t\t<div class=\"elementor-element elementor-element-54989791 elementor-grid-1 elementor-posts--thumbnail-none elementor-grid-tablet-1 elementor-grid-mobile-1 elementor-widget elementor-widget-posts\" data-id=\"54989791\" data-element_type=\"widget\" data-settings=\"{&quot;classic_columns&quot;:&quot;1&quot;,&quot;classic_row_gap&quot;:{&quot;unit&quot;:&quot;px&quot;,&quot;size&quot;:&quot;23&quot;,&quot;sizes&quot;:[]},&quot;classic_columns_tablet&quot;:&quot;1&quot;,&quot;classic_columns_mobile&quot;:&quot;1&quot;,&quot;classic_row_gap_tablet&quot;:{&quot;unit&quot;:&quot;px&quot;,&quot;size&quot;:&quot;&quot;,&quot;sizes&quot;:[]},&quot;classic_row_gap_mobile&quot;:{&quot;unit&quot;:&quot;px&quot;,&quot;size&quot;:&quot;&quot;,&quot;sizes&quot;:[]}}\" data-widget_type=\"posts.classic\">\n\t\t\t\t<div class=\"elementor-widget-container\">\n\t\t\t\t\t\t\t<div class=\"elementor-posts-container elementor-posts elementor-posts--skin-classic elementor-grid\" role=\"list\">\n\t\t\t\t<article class=\"elementor-post elementor-grid-item post-173154 post type-post status-publish format-standard has-post-thumbnail hentry category-sin-categorizar tag-actualidad tag-envases tag-normativa tag-packaging tag-regulacion\" role=\"listitem\">\n\t\t\t\t<div class=\"elementor-post__text\">\n\t\t\t\t<h3 class=\"elementor-post__title\">\n\t\t\t<a href=\"https:\/\/www.empackmadrid.com\/en\/2026\/04\/08\/pack-talks-sustainability-as-a-driver-of-innovation-from-trend-to-commodity\/\" >\n\t\t\t\tPack Talks: Sustainability as a Driver of Innovation: From Trend to Commodity\t\t\t<\/a>\n\t\t<\/h3>\n\t\t\t\t<div class=\"elementor-post__excerpt\">\n\t\t\t<p>Sustainability in the packaging sector has evolved from an emerging trend into a key driver of innovation. However, this transition is not as straightforward as<\/p>\n\t\t<\/div>\n\t\t\n\t\t<a class=\"elementor-post__read-more\" href=\"https:\/\/www.empackmadrid.com\/en\/2026\/04\/08\/pack-talks-sustainability-as-a-driver-of-innovation-from-trend-to-commodity\/\" aria-label=\"Read more about Pack Talks: Sustainability as a Driver of Innovation: From Trend to Commodity\" tabindex=\"-1\" >\n\t\t\tRead More \u00bb\t\t<\/a>\n\n\t\t\t\t<\/div>\n\t\t\t\t<\/article>\n\t\t\t\t<article class=\"elementor-post elementor-grid-item post-173168 post type-post status-publish format-standard has-post-thumbnail hentry category-blog-en category-packaging-machinery-technology tag-multicolour-inks-en tag-multicolour-inks-dea2-en tag-roland-dg-en tag-truevis-xp640-en\" role=\"listitem\">\n\t\t\t\t<div class=\"elementor-post__text\">\n\t\t\t\t<h3 class=\"elementor-post__title\">\n\t\t\t<a href=\"https:\/\/www.empackmadrid.com\/en\/2026\/04\/08\/roland-dg-expands-compatibility-of-d-ea2-multicolour-inks-with-the-truevis-xp-640-2\/\" >\n\t\t\t\tRoland DG expands compatibility of D-EA2 multicolour inks with the TrueVIS XP-640\t\t\t<\/a>\n\t\t<\/h3>\n\t\t\t\t<div class=\"elementor-post__excerpt\">\n\t\t\t<p>Roland DG Corporation announces the expanded availability of its cost-effective D-EA2 multicolour eco-solvent inks, now compatible with the TrueVIS XP-640. This upgrade makes Roland DG\u2019s<\/p>\n\t\t<\/div>\n\t\t\n\t\t<a class=\"elementor-post__read-more\" href=\"https:\/\/www.empackmadrid.com\/en\/2026\/04\/08\/roland-dg-expands-compatibility-of-d-ea2-multicolour-inks-with-the-truevis-xp-640-2\/\" aria-label=\"Read more about Roland DG expands compatibility of D-EA2 multicolour inks with the TrueVIS XP-640\" tabindex=\"-1\" >\n\t\t\tRead More \u00bb\t\t<\/a>\n\n\t\t\t\t<\/div>\n\t\t\t\t<\/article>\n\t\t\t\t<article class=\"elementor-post elementor-grid-item post-173178 post type-post status-publish format-standard has-post-thumbnail hentry category-uncategorized tag-roland-dg-en tag-tintas-multicolor-en tag-tintas-multicolor-dea2-en tag-truevis-xp640-en\" role=\"listitem\">\n\t\t\t\t<div class=\"elementor-post__text\">\n\t\t\t\t<h3 class=\"elementor-post__title\">\n\t\t\t<a href=\"https:\/\/www.empackmadrid.com\/en\/2026\/04\/08\/mondi-reveals-how-corrugated-cardboard-packaging-can-reduce-food-waste\/\" >\n\t\t\t\tMondi reveals how corrugated cardboard packaging can reduce food waste\t\t\t<\/a>\n\t\t<\/h3>\n\t\t\t\t<div class=\"elementor-post__excerpt\">\n\t\t\t<p>Mondi has published a new technical report exploring how the right packaging can help food producers and retailers protect product quality and reduce waste in<\/p>\n\t\t<\/div>\n\t\t\n\t\t<a class=\"elementor-post__read-more\" href=\"https:\/\/www.empackmadrid.com\/en\/2026\/04\/08\/mondi-reveals-how-corrugated-cardboard-packaging-can-reduce-food-waste\/\" aria-label=\"Read more about Mondi reveals how corrugated cardboard packaging can reduce food waste\" tabindex=\"-1\" >\n\t\t\tRead More \u00bb\t\t<\/a>\n\n\t\t\t\t<\/div>\n\t\t\t\t<\/article>\n\t\t\t\t<article class=\"elementor-post elementor-grid-item post-171665 post type-post status-publish format-standard has-post-thumbnail hentry category-blog-en category-a-coffee-with tag-entrevista-en tag-llusia-en tag-mondelez-international-en tag-noa-en\" role=\"listitem\">\n\t\t\t\t<div class=\"elementor-post__text\">\n\t\t\t\t<h3 class=\"elementor-post__title\">\n\t\t\t<a href=\"https:\/\/www.empackmadrid.com\/en\/2026\/04\/08\/a-coffee-with-ferran-vaque-private-label-business-director-at-proquimia\/\" >\n\t\t\t\tA coffee with&#8230; Ferran Vaqu\u00e9, Private Label Business Director at PROQUIMIA\t\t\t<\/a>\n\t\t<\/h3>\n\t\t\t\t<div class=\"elementor-post__excerpt\">\n\t\t\t<p>Ferran Vaqu\u00e9 Bover is Director of White Label Business for the Domestic Division of Proquimia, a chemical company specialising in hygiene and cleaning solutions. He<\/p>\n\t\t<\/div>\n\t\t\n\t\t<a class=\"elementor-post__read-more\" href=\"https:\/\/www.empackmadrid.com\/en\/2026\/04\/08\/a-coffee-with-ferran-vaque-private-label-business-director-at-proquimia\/\" aria-label=\"Read more about A coffee with&#8230; Ferran Vaqu\u00e9, Private Label Business Director at PROQUIMIA\" tabindex=\"-1\" >\n\t\t\tRead More \u00bb\t\t<\/a>\n\n\t\t\t\t<\/div>\n\t\t\t\t<\/article>\n\t\t\t\t<\/div>\n\t\t\n\t\t\t\t\t\t<\/div>\n\t\t\t\t<\/div>\n\t\t\t\t<div class=\"elementor-element elementor-element-cf4f095 elementor-hidden-desktop elementor-hidden-tablet elementor-hidden-phone elementor-widget elementor-widget-wp-widget-adsanity-rotating-ads\" data-id=\"cf4f095\" data-element_type=\"widget\" data-widget_type=\"wp-widget-adsanity-rotating-ads.default\">\n\t\t\t\t<div class=\"elementor-widget-container\">\n\t\t\t\t\t<div class=\"adsanity-rotating-ads ad-aligncenter\" data-ids=\"11576,11574,11580,11578\" data-timer=\"5\" data-align=\"aligncenter\" data-max-width=\"0\">\n<div id=\"ad-11576\" class=\"ad-300x250 adsanity-300x250 aligncenter adsanity-aligncenter\"\n><div class=\"adsanity-inner\">\n\n<div class=\"adsanity-gati\" data-title=\"MPU 2\"><a rel=\"nofollow\" href=\"https:\/\/www.empackmadrid.com\/en\/ads\/mpu-2\/\"  target=\"_blank\"><img fetchpriority=\"high\" decoding=\"async\" width=\"300\" height=\"250\" src=\"https:\/\/easyfairsassets.com\/sites\/199\/2020\/12\/300-x-250_Interiors.jpg\" class=\"no-lazy-load wp-post-image\" alt=\"300-x-250_Interiors\" \/><\/a><\/div>\n<\/div><\/div>\n\n<\/div>\t\t\t\t<\/div>\n\t\t\t\t<\/div>\n\t\t\t\t<div class=\"elementor-element elementor-element-32229c2 elementor-hidden-desktop elementor-hidden-tablet elementor-hidden-phone elementor-widget elementor-widget-wp-widget-adsanity-rotating-ads\" data-id=\"32229c2\" data-element_type=\"widget\" data-widget_type=\"wp-widget-adsanity-rotating-ads.default\">\n\t\t\t\t<div class=\"elementor-widget-container\">\n\t\t\t\t\t<div class=\"adsanity-rotating-ads ad-aligncenter\" data-ids=\"11580,11576,11574,11578\" data-timer=\"5\" data-align=\"aligncenter\" data-max-width=\"0\">\n<div id=\"ad-11580\" class=\"ad-300x250 adsanity-300x250 aligncenter adsanity-aligncenter\"\n><div class=\"adsanity-inner\">\n\n<div class=\"adsanity-gati\" data-title=\"MPU 4\"><a rel=\"nofollow\" href=\"https:\/\/www.empackmadrid.com\/en\/ads\/mpu-4\/\"  target=\"_blank\"><img decoding=\"async\" width=\"300\" height=\"250\" src=\"https:\/\/easyfairsassets.com\/sites\/199\/2020\/12\/300-x-250_Edoc.jpg\" class=\"no-lazy-load wp-post-image\" alt=\"P16084 edoc MPU 300x250\" \/><\/a><\/div>\n<\/div><\/div>\n\n<\/div>\t\t\t\t<\/div>\n\t\t\t\t<\/div>\n\t\t\t\t\t<\/div>\n\t\t<\/div>\n\t\t\t\t\t<\/div>\n\t\t<\/section>\n\t\t\t\t<\/div>\n\t\t","protected":false},"excerpt":{"rendered":"<h1 class=\"wp-block wp-block-post-title block-editor-block-list__block editor-post-title editor-post-title__input rich-text is-selected\" style=\"font-weight: inherit; color: var(--ast-global-color-2); font-size: 2.66667rem; line-height: 1.2; word-break: break-word; font-family: -apple-system, BlinkMacSystemFont, 'Segoe UI', Roboto, Oxygen-Sans, Ubuntu, Cantarell, 'Helvetica Neue', sans-serif; max-width: var(--wp--custom--ast-content-width-size); padding: 10px; margin-block: 0px; font-style: normal; white-space-collapse: preserve; min-width: 1px; outline: 1px solid var(--wp-admin-theme-color) !important; margin: revert auto !important revert auto !important;\" role=\"textbox\" aria-label=\"Add title\" aria-multiline=\"true\"><\/h1>\n","protected":false},"author":927,"featured_media":0,"comment_status":"closed","ping_status":"open","sticky":false,"template":"","format":"standard","meta":{"_seopress_robots_primary_cat":"none","_seopress_titles_title":" Empack y Logistics & Automation abren sus puertas: dos d\u00edas de innovaci\u00f3n y networking con los referentes del packaging, la log\u00edstica y el transporte","_seopress_titles_desc":"Empack y Logistics & Automation abren sus puertas: dos d\u00edas de innovaci\u00f3n y networking con los referentes del packaging, la log\u00edstica y el transporte\r\n","_seopress_robots_index":"","footnotes":""},"categories":[332],"tags":[344,629,346,533,2039,1290],"edition":[],"class_list":["post-119973","post","type-post","status-publish","format-standard","hentry","category-press-release","tag-empack-en","tag-logistica-en","tag-logistics-automation-en","tag-packaging-en","tag-programa-en","tag-transporte-en"],"_links":{"self":[{"href":"https:\/\/www.empackmadrid.com\/en\/wp-json\/wp\/v2\/posts\/119973","targetHints":{"allow":["GET"]}}],"collection":[{"href":"https:\/\/www.empackmadrid.com\/en\/wp-json\/wp\/v2\/posts"}],"about":[{"href":"https:\/\/www.empackmadrid.com\/en\/wp-json\/wp\/v2\/types\/post"}],"author":[{"embeddable":true,"href":"https:\/\/www.empackmadrid.com\/en\/wp-json\/wp\/v2\/users\/927"}],"replies":[{"embeddable":true,"href":"https:\/\/www.empackmadrid.com\/en\/wp-json\/wp\/v2\/comments?post=119973"}],"version-history":[{"count":1,"href":"https:\/\/www.empackmadrid.com\/en\/wp-json\/wp\/v2\/posts\/119973\/revisions"}],"predecessor-version":[{"id":119974,"href":"https:\/\/www.empackmadrid.com\/en\/wp-json\/wp\/v2\/posts\/119973\/revisions\/119974"}],"wp:attachment":[{"href":"https:\/\/www.empackmadrid.com\/en\/wp-json\/wp\/v2\/media?parent=119973"}],"wp:term":[{"taxonomy":"category","embeddable":true,"href":"https:\/\/www.empackmadrid.com\/en\/wp-json\/wp\/v2\/categories?post=119973"},{"taxonomy":"post_tag","embeddable":true,"href":"https:\/\/www.empackmadrid.com\/en\/wp-json\/wp\/v2\/tags?post=119973"},{"taxonomy":"edition","embeddable":true,"href":"https:\/\/www.empackmadrid.com\/en\/wp-json\/wp\/v2\/edition?post=119973"}],"curies":[{"name":"wp","href":"https:\/\/api.w.org\/{rel}","templated":true}]}}