{"id":119975,"date":"2023-12-04T16:06:26","date_gmt":"2023-12-04T15:06:26","guid":{"rendered":"https:\/\/www.empackmadrid.com\/2023\/12\/04\/empack-y-logistics-automation-2023-reunen-a-mas-de-250-expertos-en-su-mayor-programa-de-conferencias-hasta-la-fecha\/"},"modified":"2023-12-04T16:06:28","modified_gmt":"2023-12-04T15:06:28","slug":"empack-y-logistics-automation-2023-reunen-a-mas-de-250-expertos-en-su-mayor-programa-de-conferencias-hasta-la-fecha","status":"publish","type":"post","link":"https:\/\/www.empackmadrid.com\/en\/2023\/12\/04\/empack-y-logistics-automation-2023-reunen-a-mas-de-250-expertos-en-su-mayor-programa-de-conferencias-hasta-la-fecha\/","title":{"rendered":"Empack y Logistics &amp; Automation 2023 re\u00fanen a m\u00e1s de 250 expertos en su mayor programa de conferencias hasta la fecha"},"content":{"rendered":"\t\t<div data-elementor-type=\"wp-post\" data-elementor-id=\"119975\" class=\"elementor elementor-119975 elementor-117510\" data-elementor-post-type=\"post\">\n\t\t\t\t\t\t<section class=\"elementor-section elementor-top-section elementor-element elementor-element-186bb815 elementor-section-full_width elementor-section-height-default elementor-section-height-default\" data-id=\"186bb815\" data-element_type=\"section\">\n\t\t\t\t\t\t<div class=\"elementor-container elementor-column-gap-default\">\n\t\t\t\t\t<div class=\"elementor-column elementor-col-50 elementor-top-column elementor-element elementor-element-717d635b\" data-id=\"717d635b\" data-element_type=\"column\">\n\t\t\t<div class=\"elementor-widget-wrap elementor-element-populated\">\n\t\t\t\t\t\t<div class=\"elementor-element elementor-element-2aecddd elementor-invisible elementor-widget elementor-widget-heading\" data-id=\"2aecddd\" data-element_type=\"widget\" data-settings=\"{&quot;_animation&quot;:&quot;fadeInRight&quot;}\" data-widget_type=\"heading.default\">\n\t\t\t\t<div class=\"elementor-widget-container\">\n\t\t\t\t\t<h1 class=\"elementor-heading-title elementor-size-default\">Empack y Logistics &amp; Automation 2023 re\u00fanen a m\u00e1s de 250 expertos en su mayor programa de conferencias hasta la fecha<\/h1>\t\t\t\t<\/div>\n\t\t\t\t<\/div>\n\t\t\t\t<div class=\"elementor-element elementor-element-a5b91c7 elementor-widget elementor-widget-text-editor\" data-id=\"a5b91c7\" data-element_type=\"widget\" data-widget_type=\"text-editor.default\">\n\t\t\t\t<div class=\"elementor-widget-container\">\n\t\t\t\t\t\t\t\t\t<p>Madrid, 7 de noviembre de 2023. Uno de los mayores atractivos de Empack y Logistics &amp; Automation, las principales ferias del sector del packaging, la log\u00edstica y el transporte organizadas por Easyfairs, es su programa de conferencias en el que, cada a\u00f1o, se dan cita los principales protagonistas de la industria. En este sentido, su edici\u00f3n 2023, que se celebrar\u00e1 los pr\u00f3ximos 29 y 30 de noviembre en IFEMA (Madrid), no va a ser una excepci\u00f3n gracias a la participaci\u00f3n de ponentes l\u00edderes, con conferencias centradas en temas de actualidad y perspectivas sobre el futuro del sector, en el que es el mayor programa ofrecido hasta la fecha.<\/p>\n<p>Durante las dos jornadas que duran ambas ferias, los asistentes podr\u00e1n acceder a un total de 100 presentaciones, distribuidas en dos salas en Empack y cinco en Logistics &amp; Automation.<\/p>\n<p><b>Empack: innovaci\u00f3n en packaging y sostenibilidad<\/b><\/p>\n<p>Siendo la feria anual l\u00edder del sector, contar\u00e1 en su 15\u00aa edici\u00f3n con la participaci\u00f3n de m\u00e1s de 50 expertos de la industria, donde ofrecer\u00e1 una amplia selecci\u00f3n de conferencias y mesas redondas repartidas entre sus dos salas:<\/p>\n<ul>\n<li>La <b>Sala Empack<\/b> acoger\u00e1 en su agenda diversas jornadas en materia de envasado y embalaje como la innovaci\u00f3n tecnol\u00f3gica y la circularidad del packaging, la gesti\u00f3n eficiente de envases y materias primas secundarias, m\u00e1s all\u00e1 del packaging de pl\u00e1stico en la alimentaci\u00f3n o los retos y oportunidades del envase en la econom\u00eda circular. Estas charlas ir\u00e1n de la mano de las entidades m\u00e1s representativas de estos sectores: PACKNET, ITENE, El Cl\u00faster de Envase y Embalaje, Packaging Cluster, AIMPLAS, CONFECOI, Basque Food Cluster y ProCarton, entre otras.\n<p>Pero adem\u00e1s de abordar la circularidad y sostenibilidad desde el punto de vista de nuestros productos y empresas, este a\u00f1o los visitantes podr\u00e1n disfrutar de una excepcional charla, a cargo de Carlos Hern\u00e1ndez, conferenciante y consultor que hablar\u00e1 sobre la sostenibilidad con uno mismo a trav\u00e9s de la ponencia \u201cMi packaging personal \u2013 Cuidando y protegiendo mi mejor producto: yo mismo\u201d; porque adaptarse con \u00e9xito a los cambios y gestionar la incertidumbre pasa obligatoriamente por cuidar nuestro mejor producto: nosotros mismos.<\/p>\n<\/li>\n<li>Por otro lado, en la <b>Sala Pentawards<\/b> encontraremos un espacio dedicado a presentar y reconocer la excelencia en dise\u00f1o de envases. Destaca la sesi\u00f3n especial en la que los ganadores de la pasada edici\u00f3n narrar\u00e1n su propia experiencia bajo el t\u00edtulo \u201cGANADORES PENTAWARDS NXT GEN 2022&#8243;.\n<p>Al mismo tiempo, el packaging de lujo, as\u00ed como el packaging cosm\u00e9tico y de bebidas ser\u00e1n protagonistas en esta edici\u00f3n, en sendas ponencias y mesa redondas que reunir\u00e1n a expertos de BAUD, Osborne, Beam Suntory, L\u2019Or\u00e9al, Vida Coms\u00e9tics, Guerlain, P&amp;G, Babaria, Lavernia&amp;Cienfuegos, Vamos Estudio o Series Nemo, entre otros.<\/p>\n<p>Finalmente, este espacio contar\u00e1 por primera vez con un taller de neuromarketing aplicado al packaging, que incluir\u00e1 una demostraci\u00f3n en directo y con casos reales, con la \u00faltima biometr\u00eda que se usa en laboratorios: electroencefalograf\u00eda, seguimiento ocular y medici\u00f3n de emociones en piel.<\/li>\n<\/ul>\n<p><b>Logistics &amp; Automation: automatizaci\u00f3n revolucionaria<\/b><\/p>\n<p>Por su parte, Logistics &amp; Automation ofrecer\u00e1 dos d\u00edas de charlas inspiradoras de la mano de l\u00edderes de la industria, a las que se tendr\u00e1 acceso en sus cinco salas:<\/p>\n<ul>\n<li>La <b>Sala Siemens<\/b> incluir\u00e1 en su agenda una amplia variedad de temas de actualidad como las \u00faltimas tendencias en digitalizaci\u00f3n y modelos operativos, robots inteligentes y sistemas automatizados, el poder de la IA generativa y de los asistentes virtuales, o diferentes alternativas sostenibles para la log\u00edstica urbana. Para ello el programa cuenta con la participaci\u00f3n de entidades y empresas a la vanguardia del sector como ICIL, AER, Miebach, Transporeon, Siemens, Moldstock o Bonduelle, entre otras. Adem\u00e1s, Logistics &amp; Automation albergar\u00e1 en este espacio la Presentaci\u00f3n del III Estudio de la Log\u00edstica del e-commerce y del VI Estudio sobre Software de Movilidad en las Empresas de Log\u00edstica, presentados por CEL y CITET respectivamente.\n<\/li>\n<li>La <b>Sala Foro Tecnol\u00f3gico<\/b> ser\u00e1 sin duda el lugar de encuentro para el sector farmac\u00e9utico, con la celebraci\u00f3n del I Encuentro de Excelencia Operacional en el sector farma, un evento organizado por Global Lean en el que participar\u00e1n responsables de Megalabs, Insudpharma, Beiersdorf y Logistapharma. Identificar de forma conjunta las buenas pr\u00e1cticas a nivel mundial, implantar la excelencia operacional y conseguir la plena satisfacci\u00f3n del cliente\/paciente ser\u00e1n los objetivos de dicho encuentro. Otro de los platos fuertes del Foro ser\u00e1 la ponencia \u201cTransformaci\u00f3n tecnol\u00f3gica en el retail\u201d a cargo de Mar\u00eda Aranzazu Laskurain Etxeberria, responsable de Proyectos de la Red de Eroski.\n<\/li>\n<li>Por su parte, ACE Cargadores reunir\u00e1 en la <b>Sala Transport &amp; Delivery<\/b> a los puertos de A coru\u00f1a, Barcelona, Valencia, Huelva, Santander, Ferrol y Bilbao en torno a una misma mesa redonda para hablar de internacionalizaci\u00f3n, sostenibilidad e innovaci\u00f3n. Y es que, por su posici\u00f3n geoestrat\u00e9gica, su conectividad y su competitividad, los puertos son los grandes facilitadores del comercio internacional y tambi\u00e9n est\u00e1n llamados a desempe\u00f1ar un papel esencial en el avance de la sostenibilidad y el uso de tecnolog\u00eda para hacer sus procesos m\u00e1s eficientes. Adem\u00e1s, la sala reunir\u00e1 a numerosos expertos del sector transporte, como Antonio Aguilar, subdirector de Promoci\u00f3n del Transporte de Mercanc\u00edas de ADIF, Jordi P\u00e9riz, responsable de Transporte para el Sur de Europa de Veepee o Jordi Esp\u00edn, secretario General de Transprime, entre otros muchos.\n<\/li>\n<li>El Aula <b>Punto de Encuentro del Conocimiento<\/b>, organizada junto con Slimstock ofrecer\u00e1 por su parte una serie de conferencias inspiradoras e informativas, destacando entre otras las ponencias \u201cLa log\u00edstica de Metro de Madrid: digitalizaci\u00f3n e innovaci\u00f3n para una Movilidad Sostenible\u201d, a cargo de Pablo Escudero y Rafa Villa, responsables de la Divisi\u00f3n Econ\u00f3mico-Financiera y del Servicio de Log\u00edstica de Metro Madrid o la ponencia de Juan Carlos Pe\u00f1a Castro, eCommerce Director, Cash Convertes, que abordar\u00e1 el papel protagonista del Ecommerce para un consumo m\u00e1s sostenible.\n<\/li>\n<li>Por \u00faltimo, destaca en el programa la participaci\u00f3n de expertos en talento, formaci\u00f3n, diversidad y liderazgo en el sector log\u00edstico, que llenar\u00e1n de contenido la <span style=\"font-size: 15px; letter-spacing: 0.4px;\"><b>Sala LogTalent<\/b> con charlas especializadas y la presentaci\u00f3n del I Estudio de Tendencias de Empleo y Talento.<\/span><\/li>\n<\/ul>\n<p>Esta edici\u00f3n conjunta de Empack y Logistics &amp; Automation permitir\u00e1 a los asistentes acceder a ambas ferias con un solo pase, ofreciendo una experiencia integral en una ubicaci\u00f3n \u00fanica. La sinergia entre estas dos ferias promete ser una magn\u00edfica oportunidad para la colaboraci\u00f3n, el aprendizaje y las relaciones comerciales.<\/p>\n<p>Los horarios y \u00faltimas actualizaciones del programa pueden consultarse a trav\u00e9s de las webs de Empack y Logistics &amp; Automation donde adem\u00e1s podr\u00e1 realizarse el registro gratuito para asistir de forma gratuita al evento.<\/p>\n<p><b><span style=\"font-size: 15px; letter-spacing: 0.4px;\">\u00a0<\/span><\/b><\/p>\n<p><b><span style=\"font-size: 15px; letter-spacing: 0.4px;\">Sobre Easyfairs<\/span><br \/><\/b><\/p>\n<p>Easyfairs organiza eventos siendo puntos de encuentro para las comunidades que deseen visitar el futuro.<\/p>\n<p>Actualmente organizamos 200 eventos presenciales en 14 pa\u00edses (Argelia, B\u00e9lgica, Dinamarca, Finlandia, Francia, Alemania, Italia, Pa\u00edses Bajos, Noruega, Portugal, Espa\u00f1a, Suecia, Suiza y Reino Unido) y gestionamos ocho recintos feriales en B\u00e9lgica, Holanda y Suecia (Amberes, Gante, Malinas-Bruselas Norte, Namur, Gorinchem, Hardenberg, Malm\u00f6 y Estocolmo).<\/p>\n<p>Nos apasiona &#8220;facilitar&#8221; la vida de nuestros clientes y aumentar el retorno de su inversi\u00f3n y de su tiempo a trav\u00e9s de nuestras f\u00f3rmulas integrales (all-in), tecnolog\u00eda avanzada y estrategia centrada en el cliente. Nuestra oferta digital adem\u00e1s brinda a estas comunidades excelentes oportunidades para establecer contactos de manera efectiva y hacer negocios durante todo el a\u00f1o.<\/p>\n<p>El Grupo Easyfairs emplea a 800 talentos altamente comprometidos, implementa las mejores herramientas de marketing y tecnolog\u00eda y desarrolla marcas con un fuerte atractivo para nuestros stakeholders. Por quinto a\u00f1o consecutivo, en 2023, Deloitte otorg\u00f3 a Easyfairs el estatus de \u201cBest Managed Company\u201d. Easyfairs ocupa el puesto 11 entre los principales organizadores de exposiciones del mundo, seg\u00fan el ranking anual STAX. Visita el futuro con Easyfairs y consulta m\u00e1s informaci\u00f3n en www.easyfairsgroup.com.<\/p>\n\t\t\t\t\t\t\t\t<\/div>\n\t\t\t\t<\/div>\n\t\t\t\t<div class=\"elementor-element elementor-element-1acd7351 elementor-invisible elementor-widget elementor-widget-text-editor\" data-id=\"1acd7351\" data-element_type=\"widget\" data-settings=\"{&quot;_animation&quot;:&quot;fadeInRight&quot;}\" data-widget_type=\"text-editor.default\">\n\t\t\t\t<div class=\"elementor-widget-container\">\n\t\t\t\t\t\t\t\t\t<p><span style=\"vertical-align: inherit\"><span style=\"vertical-align: inherit\"><span style=\"vertical-align: inherit\"><span style=\"vertical-align: inherit\"><span style=\"vertical-align: inherit\"><span style=\"vertical-align: inherit\">Share this article<\/span><\/span><\/span><\/span><\/span><\/span><\/p>\n\t\t\t\t\t\t\t\t<\/div>\n\t\t\t\t<\/div>\n\t\t\t\t<div class=\"elementor-element elementor-element-e058e3b elementor-share-buttons--view-icon elementor-share-buttons--skin-flat elementor-share-buttons--shape-rounded elementor-share-buttons--color-custom elementor-grid-0 elementor-widget elementor-widget-share-buttons\" data-id=\"e058e3b\" data-element_type=\"widget\" data-widget_type=\"share-buttons.default\">\n\t\t\t\t<div class=\"elementor-widget-container\">\n\t\t\t\t\t\t\t<div class=\"elementor-grid\" role=\"list\">\n\t\t\t\t\t\t\t\t<div class=\"elementor-grid-item\" role=\"listitem\">\n\t\t\t\t\t\t<div class=\"elementor-share-btn elementor-share-btn_facebook\" role=\"button\" tabindex=\"0\" aria-label=\"Share on facebook\">\n\t\t\t\t\t\t\t\t\t\t\t\t\t\t\t<span class=\"elementor-share-btn__icon\">\n\t\t\t\t\t\t\t\t<i class=\"fab fa-facebook\" aria-hidden=\"true\"><\/i>\t\t\t\t\t\t\t<\/span>\n\t\t\t\t\t\t\t\t\t\t\t\t\t\t\t\t\t\t\t\t<\/div>\n\t\t\t\t\t<\/div>\n\t\t\t\t\t\t\t\t\t<div class=\"elementor-grid-item\" role=\"listitem\">\n\t\t\t\t\t\t<div class=\"elementor-share-btn elementor-share-btn_twitter\" role=\"button\" tabindex=\"0\" aria-label=\"Share on twitter\">\n\t\t\t\t\t\t\t\t\t\t\t\t\t\t\t<span class=\"elementor-share-btn__icon\">\n\t\t\t\t\t\t\t\t<i class=\"fab fa-twitter\" aria-hidden=\"true\"><\/i>\t\t\t\t\t\t\t<\/span>\n\t\t\t\t\t\t\t\t\t\t\t\t\t\t\t\t\t\t\t\t<\/div>\n\t\t\t\t\t<\/div>\n\t\t\t\t\t\t\t\t\t<div class=\"elementor-grid-item\" role=\"listitem\">\n\t\t\t\t\t\t<div class=\"elementor-share-btn elementor-share-btn_linkedin\" role=\"button\" tabindex=\"0\" aria-label=\"Share on linkedin\">\n\t\t\t\t\t\t\t\t\t\t\t\t\t\t\t<span class=\"elementor-share-btn__icon\">\n\t\t\t\t\t\t\t\t<i class=\"fab fa-linkedin\" aria-hidden=\"true\"><\/i>\t\t\t\t\t\t\t<\/span>\n\t\t\t\t\t\t\t\t\t\t\t\t\t\t\t\t\t\t\t\t<\/div>\n\t\t\t\t\t<\/div>\n\t\t\t\t\t\t<\/div>\n\t\t\t\t\t\t<\/div>\n\t\t\t\t<\/div>\n\t\t\t\t\t<\/div>\n\t\t<\/div>\n\t\t\t\t<div class=\"elementor-column elementor-col-50 elementor-top-column elementor-element elementor-element-42bf2a35\" data-id=\"42bf2a35\" data-element_type=\"column\">\n\t\t\t<div class=\"elementor-widget-wrap elementor-element-populated\">\n\t\t\t\t\t\t<div class=\"elementor-element elementor-element-f4979c4 elementor-invisible elementor-widget elementor-widget-heading\" data-id=\"f4979c4\" data-element_type=\"widget\" data-settings=\"{&quot;_animation&quot;:&quot;fadeInRight&quot;}\" data-widget_type=\"heading.default\">\n\t\t\t\t<div class=\"elementor-widget-container\">\n\t\t\t\t\t<h1 class=\"elementor-heading-title elementor-size-default\">Stay informed<\/h1>\t\t\t\t<\/div>\n\t\t\t\t<\/div>\n\t\t\t\t<div class=\"elementor-element elementor-element-f418aad elementor-widget__width-inherit elementor-hidden-phone elementor-button-align-stretch elementor-widget elementor-widget-form\" data-id=\"f418aad\" data-element_type=\"widget\" data-settings=\"{&quot;button_width&quot;:&quot;20&quot;,&quot;step_next_label&quot;:&quot;Next&quot;,&quot;step_previous_label&quot;:&quot;Previous&quot;,&quot;step_type&quot;:&quot;number_text&quot;,&quot;step_icon_shape&quot;:&quot;circle&quot;}\" data-widget_type=\"form.default\">\n\t\t\t\t<div class=\"elementor-widget-container\">\n\t\t\t\t\t\t\t<form class=\"elementor-form\" method=\"post\" name=\"Newsletter\" aria-label=\"Newsletter\">\n\t\t\t<input type=\"hidden\" name=\"post_id\" value=\"119975\"\/>\n\t\t\t<input type=\"hidden\" name=\"form_id\" value=\"f418aad\"\/>\n\t\t\t<input type=\"hidden\" name=\"referer_title\" value=\"\" \/>\n\n\t\t\t\n\t\t\t<div class=\"elementor-form-fields-wrapper elementor-labels-\">\n\t\t\t\t\t\t\t\t<div class=\"elementor-field-type-text elementor-field-group elementor-column elementor-field-group-FirstName elementor-col-100\">\n\t\t\t\t\t\t\t\t\t\t\t\t<label for=\"form-field-FirstName\" class=\"elementor-field-label elementor-screen-only\">\n\t\t\t\t\t\t\t\tName\t\t\t\t\t\t\t<\/label>\n\t\t\t\t\t\t\t\t\t\t\t\t\t\t<input size=\"1\" type=\"text\" name=\"form_fields[FirstName]\" id=\"form-field-FirstName\" class=\"elementor-field elementor-size-sm  elementor-field-textual\" placeholder=\"Name\">\n\t\t\t\t\t\t\t\t\t\t\t<\/div>\n\t\t\t\t\t\t\t\t<div class=\"elementor-field-type-text elementor-field-group elementor-column elementor-field-group-LastName elementor-col-100\">\n\t\t\t\t\t\t\t\t\t\t\t\t<label for=\"form-field-LastName\" class=\"elementor-field-label elementor-screen-only\">\n\t\t\t\t\t\t\t\tSurname\t\t\t\t\t\t\t<\/label>\n\t\t\t\t\t\t\t\t\t\t\t\t\t\t<input size=\"1\" type=\"text\" name=\"form_fields[LastName]\" id=\"form-field-LastName\" class=\"elementor-field elementor-size-sm  elementor-field-textual\" placeholder=\"Surname\">\n\t\t\t\t\t\t\t\t\t\t\t<\/div>\n\t\t\t\t\t\t\t\t<div class=\"elementor-field-type-email elementor-field-group elementor-column elementor-field-group-Email elementor-col-100 elementor-field-required\">\n\t\t\t\t\t\t\t\t\t\t\t\t<label for=\"form-field-Email\" class=\"elementor-field-label elementor-screen-only\">\n\t\t\t\t\t\t\t\tEmail\t\t\t\t\t\t\t<\/label>\n\t\t\t\t\t\t\t\t\t\t\t\t\t\t<input size=\"1\" type=\"email\" name=\"form_fields[Email]\" id=\"form-field-Email\" class=\"elementor-field elementor-size-sm  elementor-field-textual\" placeholder=\"Email\" required=\"required\">\n\t\t\t\t\t\t\t\t\t\t\t<\/div>\n\t\t\t\t\t\t\t\t<div class=\"elementor-field-type-recaptcha_v3 elementor-field-group elementor-column elementor-field-group-field_81a6251 elementor-col-100 recaptcha_v3-inline\">\n\t\t\t\t\t<div class=\"elementor-field\" id=\"form-field-field_81a6251\"><div class=\"elementor-g-recaptcha\" data-sitekey=\"6Le35IIaAAAAAD3jT_Sfue3jxR464FxFobR3cEkm\" data-type=\"v3\" data-action=\"Form\" data-badge=\"inline\" data-size=\"invisible\"><\/div><\/div>\t\t\t\t<\/div>\n\t\t\t\t\t\t\t\t<div class=\"elementor-field-group elementor-column elementor-field-type-submit elementor-col-20 e-form__buttons\">\n\t\t\t\t\t<button class=\"elementor-button elementor-size-md\" type=\"submit\">\n\t\t\t\t\t\t<span class=\"elementor-button-content-wrapper\">\n\t\t\t\t\t\t\t\t\t\t\t\t\t\t\t\t\t\t\t\t\t\t<span class=\"elementor-button-text\">Send<\/span>\n\t\t\t\t\t\t\t\t\t\t\t\t\t<\/span>\n\t\t\t\t\t<\/button>\n\t\t\t\t<\/div>\n\t\t\t<\/div>\n\t\t<\/form>\n\t\t\t\t\t\t<\/div>\n\t\t\t\t<\/div>\n\t\t\t\t<div class=\"elementor-element elementor-element-e94ca32 elementor-hidden-desktop elementor-hidden-tablet elementor-hidden-phone elementor-widget elementor-widget-wp-widget-adsanity-rotating-ads\" data-id=\"e94ca32\" data-element_type=\"widget\" data-widget_type=\"wp-widget-adsanity-rotating-ads.default\">\n\t\t\t\t<div class=\"elementor-widget-container\">\n\t\t\t\t\t<div class=\"adsanity-rotating-ads ad-aligncenter\" data-ids=\"11580,11578,11574,11576\" data-timer=\"5\" data-align=\"aligncenter\" data-max-width=\"0\">\n<div id=\"ad-11580\" class=\"ad-300x250 adsanity-300x250 aligncenter adsanity-aligncenter\"\n><div class=\"adsanity-inner\">\n\n<div class=\"adsanity-gati\" data-title=\"MPU 4\"><a rel=\"nofollow\" href=\"https:\/\/www.empackmadrid.com\/en\/ads\/mpu-4\/\"  target=\"_blank\"><img fetchpriority=\"high\" decoding=\"async\" width=\"300\" height=\"250\" src=\"https:\/\/easyfairsassets.com\/sites\/199\/2020\/12\/300-x-250_Edoc.jpg\" class=\"no-lazy-load wp-post-image\" alt=\"P16084 edoc MPU 300x250\" \/><\/a><\/div>\n<\/div><\/div>\n\n<\/div>\t\t\t\t<\/div>\n\t\t\t\t<\/div>\n\t\t\t\t<div class=\"elementor-element elementor-element-496586bb elementor-widget-divider--view-line elementor-widget elementor-widget-divider\" data-id=\"496586bb\" data-element_type=\"widget\" data-widget_type=\"divider.default\">\n\t\t\t\t<div class=\"elementor-widget-container\">\n\t\t\t\t\t\t\t<div class=\"elementor-divider\">\n\t\t\t<span class=\"elementor-divider-separator\">\n\t\t\t\t\t\t<\/span>\n\t\t<\/div>\n\t\t\t\t\t\t<\/div>\n\t\t\t\t<\/div>\n\t\t\t\t<div class=\"elementor-element elementor-element-54989791 elementor-grid-1 elementor-posts--thumbnail-none elementor-grid-tablet-1 elementor-grid-mobile-1 elementor-widget elementor-widget-posts\" data-id=\"54989791\" data-element_type=\"widget\" data-settings=\"{&quot;classic_columns&quot;:&quot;1&quot;,&quot;classic_row_gap&quot;:{&quot;unit&quot;:&quot;px&quot;,&quot;size&quot;:&quot;23&quot;,&quot;sizes&quot;:[]},&quot;classic_columns_tablet&quot;:&quot;1&quot;,&quot;classic_columns_mobile&quot;:&quot;1&quot;,&quot;classic_row_gap_tablet&quot;:{&quot;unit&quot;:&quot;px&quot;,&quot;size&quot;:&quot;&quot;,&quot;sizes&quot;:[]},&quot;classic_row_gap_mobile&quot;:{&quot;unit&quot;:&quot;px&quot;,&quot;size&quot;:&quot;&quot;,&quot;sizes&quot;:[]}}\" data-widget_type=\"posts.classic\">\n\t\t\t\t<div class=\"elementor-widget-container\">\n\t\t\t\t\t\t\t<div class=\"elementor-posts-container elementor-posts elementor-posts--skin-classic elementor-grid\" role=\"list\">\n\t\t\t\t<article class=\"elementor-post elementor-grid-item post-173154 post type-post status-publish format-standard has-post-thumbnail hentry category-sin-categorizar tag-actualidad tag-envases tag-normativa tag-packaging tag-regulacion\" role=\"listitem\">\n\t\t\t\t<div class=\"elementor-post__text\">\n\t\t\t\t<h3 class=\"elementor-post__title\">\n\t\t\t<a href=\"https:\/\/www.empackmadrid.com\/en\/2026\/04\/08\/pack-talks-sustainability-as-a-driver-of-innovation-from-trend-to-commodity\/\" >\n\t\t\t\tPack Talks: Sustainability as a Driver of Innovation: From Trend to Commodity\t\t\t<\/a>\n\t\t<\/h3>\n\t\t\t\t<div class=\"elementor-post__excerpt\">\n\t\t\t<p>Sustainability in the packaging sector has evolved from an emerging trend into a key driver of innovation. However, this transition is not as straightforward as<\/p>\n\t\t<\/div>\n\t\t\n\t\t<a class=\"elementor-post__read-more\" href=\"https:\/\/www.empackmadrid.com\/en\/2026\/04\/08\/pack-talks-sustainability-as-a-driver-of-innovation-from-trend-to-commodity\/\" aria-label=\"Read more about Pack Talks: Sustainability as a Driver of Innovation: From Trend to Commodity\" tabindex=\"-1\" >\n\t\t\tRead More \u00bb\t\t<\/a>\n\n\t\t\t\t<\/div>\n\t\t\t\t<\/article>\n\t\t\t\t<article class=\"elementor-post elementor-grid-item post-173168 post type-post status-publish format-standard has-post-thumbnail hentry category-blog-en category-packaging-machinery-technology tag-multicolour-inks-en tag-multicolour-inks-dea2-en tag-roland-dg-en tag-truevis-xp640-en\" role=\"listitem\">\n\t\t\t\t<div class=\"elementor-post__text\">\n\t\t\t\t<h3 class=\"elementor-post__title\">\n\t\t\t<a href=\"https:\/\/www.empackmadrid.com\/en\/2026\/04\/08\/roland-dg-expands-compatibility-of-d-ea2-multicolour-inks-with-the-truevis-xp-640-2\/\" >\n\t\t\t\tRoland DG expands compatibility of D-EA2 multicolour inks with the TrueVIS XP-640\t\t\t<\/a>\n\t\t<\/h3>\n\t\t\t\t<div class=\"elementor-post__excerpt\">\n\t\t\t<p>Roland DG Corporation announces the expanded availability of its cost-effective D-EA2 multicolour eco-solvent inks, now compatible with the TrueVIS XP-640. This upgrade makes Roland DG\u2019s<\/p>\n\t\t<\/div>\n\t\t\n\t\t<a class=\"elementor-post__read-more\" href=\"https:\/\/www.empackmadrid.com\/en\/2026\/04\/08\/roland-dg-expands-compatibility-of-d-ea2-multicolour-inks-with-the-truevis-xp-640-2\/\" aria-label=\"Read more about Roland DG expands compatibility of D-EA2 multicolour inks with the TrueVIS XP-640\" tabindex=\"-1\" >\n\t\t\tRead More \u00bb\t\t<\/a>\n\n\t\t\t\t<\/div>\n\t\t\t\t<\/article>\n\t\t\t\t<article class=\"elementor-post elementor-grid-item post-173178 post type-post status-publish format-standard has-post-thumbnail hentry category-uncategorized tag-roland-dg-en tag-tintas-multicolor-en tag-tintas-multicolor-dea2-en tag-truevis-xp640-en\" role=\"listitem\">\n\t\t\t\t<div class=\"elementor-post__text\">\n\t\t\t\t<h3 class=\"elementor-post__title\">\n\t\t\t<a href=\"https:\/\/www.empackmadrid.com\/en\/2026\/04\/08\/mondi-reveals-how-corrugated-cardboard-packaging-can-reduce-food-waste\/\" >\n\t\t\t\tMondi reveals how corrugated cardboard packaging can reduce food waste\t\t\t<\/a>\n\t\t<\/h3>\n\t\t\t\t<div class=\"elementor-post__excerpt\">\n\t\t\t<p>Mondi has published a new technical report exploring how the right packaging can help food producers and retailers protect product quality and reduce waste in<\/p>\n\t\t<\/div>\n\t\t\n\t\t<a class=\"elementor-post__read-more\" href=\"https:\/\/www.empackmadrid.com\/en\/2026\/04\/08\/mondi-reveals-how-corrugated-cardboard-packaging-can-reduce-food-waste\/\" aria-label=\"Read more about Mondi reveals how corrugated cardboard packaging can reduce food waste\" tabindex=\"-1\" >\n\t\t\tRead More \u00bb\t\t<\/a>\n\n\t\t\t\t<\/div>\n\t\t\t\t<\/article>\n\t\t\t\t<article class=\"elementor-post elementor-grid-item post-171665 post type-post status-publish format-standard has-post-thumbnail hentry category-blog-en category-a-coffee-with tag-entrevista-en tag-llusia-en tag-mondelez-international-en tag-noa-en\" role=\"listitem\">\n\t\t\t\t<div class=\"elementor-post__text\">\n\t\t\t\t<h3 class=\"elementor-post__title\">\n\t\t\t<a href=\"https:\/\/www.empackmadrid.com\/en\/2026\/04\/08\/a-coffee-with-ferran-vaque-private-label-business-director-at-proquimia\/\" >\n\t\t\t\tA coffee with&#8230; Ferran Vaqu\u00e9, Private Label Business Director at PROQUIMIA\t\t\t<\/a>\n\t\t<\/h3>\n\t\t\t\t<div class=\"elementor-post__excerpt\">\n\t\t\t<p>Ferran Vaqu\u00e9 Bover is Director of White Label Business for the Domestic Division of Proquimia, a chemical company specialising in hygiene and cleaning solutions. He<\/p>\n\t\t<\/div>\n\t\t\n\t\t<a class=\"elementor-post__read-more\" href=\"https:\/\/www.empackmadrid.com\/en\/2026\/04\/08\/a-coffee-with-ferran-vaque-private-label-business-director-at-proquimia\/\" aria-label=\"Read more about A coffee with&#8230; Ferran Vaqu\u00e9, Private Label Business Director at PROQUIMIA\" tabindex=\"-1\" >\n\t\t\tRead More \u00bb\t\t<\/a>\n\n\t\t\t\t<\/div>\n\t\t\t\t<\/article>\n\t\t\t\t<\/div>\n\t\t\n\t\t\t\t\t\t<\/div>\n\t\t\t\t<\/div>\n\t\t\t\t<div class=\"elementor-element elementor-element-cf4f095 elementor-hidden-desktop elementor-hidden-tablet elementor-hidden-phone elementor-widget elementor-widget-wp-widget-adsanity-rotating-ads\" data-id=\"cf4f095\" data-element_type=\"widget\" data-widget_type=\"wp-widget-adsanity-rotating-ads.default\">\n\t\t\t\t<div class=\"elementor-widget-container\">\n\t\t\t\t\t<div class=\"adsanity-rotating-ads ad-aligncenter\" data-ids=\"11578,11580,11574,11576\" data-timer=\"5\" data-align=\"aligncenter\" data-max-width=\"0\">\n<div id=\"ad-11578\" class=\"ad-300x250 adsanity-300x250 aligncenter adsanity-aligncenter\"\n><div class=\"adsanity-inner\">\n\n<div class=\"adsanity-gati\" data-title=\"MPU 3\"><a rel=\"nofollow\" href=\"https:\/\/www.empackmadrid.com\/en\/ads\/mpu-3\/\"  target=\"_blank\"><img decoding=\"async\" width=\"300\" height=\"250\" src=\"https:\/\/easyfairsassets.com\/sites\/199\/2020\/12\/300-x-250_Honeywell.jpg\" class=\"no-lazy-load wp-post-image\" alt=\"300 x 250_Honeywell\" \/><\/a><\/div>\n<\/div><\/div>\n\n<\/div>\t\t\t\t<\/div>\n\t\t\t\t<\/div>\n\t\t\t\t<div class=\"elementor-element elementor-element-32229c2 elementor-hidden-desktop elementor-hidden-tablet elementor-hidden-phone elementor-widget elementor-widget-wp-widget-adsanity-rotating-ads\" data-id=\"32229c2\" data-element_type=\"widget\" data-widget_type=\"wp-widget-adsanity-rotating-ads.default\">\n\t\t\t\t<div class=\"elementor-widget-container\">\n\t\t\t\t\t<div class=\"adsanity-rotating-ads ad-aligncenter\" data-ids=\"11580,11578,11574,11576\" data-timer=\"5\" data-align=\"aligncenter\" data-max-width=\"0\">\n<div id=\"ad-11580\" class=\"ad-300x250 adsanity-300x250 aligncenter adsanity-aligncenter\"\n><div class=\"adsanity-inner\">\n\n<div class=\"adsanity-gati\" data-title=\"MPU 4\"><a rel=\"nofollow\" href=\"https:\/\/www.empackmadrid.com\/en\/ads\/mpu-4\/\"  target=\"_blank\"><img fetchpriority=\"high\" decoding=\"async\" width=\"300\" height=\"250\" src=\"https:\/\/easyfairsassets.com\/sites\/199\/2020\/12\/300-x-250_Edoc.jpg\" class=\"no-lazy-load wp-post-image\" alt=\"P16084 edoc MPU 300x250\" \/><\/a><\/div>\n<\/div><\/div>\n\n<\/div>\t\t\t\t<\/div>\n\t\t\t\t<\/div>\n\t\t\t\t\t<\/div>\n\t\t<\/div>\n\t\t\t\t\t<\/div>\n\t\t<\/section>\n\t\t\t\t<\/div>\n\t\t","protected":false},"excerpt":{"rendered":"<p><span style=\"color: #000000; font-family: 'Times New Roman'; font-size: medium; font-style: normal; font-weight: 400;\">Empack y Logistics &amp; Automation 2023 re\u00fanen a m\u00e1s de 250 expertos en su mayor programa de conferencias hasta la fecha<\/span><\/p>\n","protected":false},"author":992,"featured_media":117530,"comment_status":"closed","ping_status":"open","sticky":false,"template":"","format":"standard","meta":{"_seopress_robots_primary_cat":"none","_seopress_titles_title":"Empack y Logistics & Automation 2023 re\u00fanen a m\u00e1s de 250 expertos en su mayor programa de conferencias hasta la fecha","_seopress_titles_desc":"Empack y Logistics & Automation 2023 re\u00fanen a m\u00e1s de 250 expertos en su mayor programa de conferencias hasta la fecha","_seopress_robots_index":"","footnotes":""},"categories":[328,332],"tags":[344,629,346,533,2039,1290],"edition":[],"class_list":["post-119975","post","type-post","status-publish","format-standard","has-post-thumbnail","hentry","category-blog-en","category-press-release","tag-empack-en","tag-logistica-en","tag-logistics-automation-en","tag-packaging-en","tag-programa-en","tag-transporte-en"],"_links":{"self":[{"href":"https:\/\/www.empackmadrid.com\/en\/wp-json\/wp\/v2\/posts\/119975","targetHints":{"allow":["GET"]}}],"collection":[{"href":"https:\/\/www.empackmadrid.com\/en\/wp-json\/wp\/v2\/posts"}],"about":[{"href":"https:\/\/www.empackmadrid.com\/en\/wp-json\/wp\/v2\/types\/post"}],"author":[{"embeddable":true,"href":"https:\/\/www.empackmadrid.com\/en\/wp-json\/wp\/v2\/users\/992"}],"replies":[{"embeddable":true,"href":"https:\/\/www.empackmadrid.com\/en\/wp-json\/wp\/v2\/comments?post=119975"}],"version-history":[{"count":1,"href":"https:\/\/www.empackmadrid.com\/en\/wp-json\/wp\/v2\/posts\/119975\/revisions"}],"predecessor-version":[{"id":119976,"href":"https:\/\/www.empackmadrid.com\/en\/wp-json\/wp\/v2\/posts\/119975\/revisions\/119976"}],"wp:featuredmedia":[{"embeddable":true,"href":"https:\/\/www.empackmadrid.com\/en\/wp-json\/wp\/v2\/media\/117530"}],"wp:attachment":[{"href":"https:\/\/www.empackmadrid.com\/en\/wp-json\/wp\/v2\/media?parent=119975"}],"wp:term":[{"taxonomy":"category","embeddable":true,"href":"https:\/\/www.empackmadrid.com\/en\/wp-json\/wp\/v2\/categories?post=119975"},{"taxonomy":"post_tag","embeddable":true,"href":"https:\/\/www.empackmadrid.com\/en\/wp-json\/wp\/v2\/tags?post=119975"},{"taxonomy":"edition","embeddable":true,"href":"https:\/\/www.empackmadrid.com\/en\/wp-json\/wp\/v2\/edition?post=119975"}],"curies":[{"name":"wp","href":"https:\/\/api.w.org\/{rel}","templated":true}]}}