{"id":33330,"date":"2021-11-03T13:57:17","date_gmt":"2021-11-03T12:57:17","guid":{"rendered":"https:\/\/www.empackmadrid.com\/?p=33330"},"modified":"2022-02-23T10:18:07","modified_gmt":"2022-02-23T09:18:07","slug":"packaging-sostenibilidad-y-pedir-matrimonio-guillermo-dufranc","status":"publish","type":"post","link":"https:\/\/www.empackmadrid.com\/en\/2021\/11\/03\/packaging-sostenibilidad-y-pedir-matrimonio-guillermo-dufranc\/","title":{"rendered":"Packaging, sostenibilidad y pedir matrimonio. &#8211; Guillermo Dufranc"},"content":{"rendered":"\t\t<div data-elementor-type=\"wp-post\" data-elementor-id=\"33330\" class=\"elementor elementor-33330 elementor-33329\" data-elementor-post-type=\"post\">\n\t\t\t\t\t\t<section class=\"elementor-section elementor-top-section elementor-element elementor-element-186bb815 elementor-section-full_width elementor-section-height-default elementor-section-height-default\" data-id=\"186bb815\" data-element_type=\"section\">\n\t\t\t\t\t\t<div class=\"elementor-container elementor-column-gap-default\">\n\t\t\t\t\t<div class=\"elementor-column elementor-col-50 elementor-top-column elementor-element elementor-element-717d635b\" data-id=\"717d635b\" data-element_type=\"column\">\n\t\t\t<div class=\"elementor-widget-wrap elementor-element-populated\">\n\t\t\t\t\t\t<div class=\"elementor-element elementor-element-d4e9322 elementor-widget elementor-widget-image\" data-id=\"d4e9322\" data-element_type=\"widget\" data-widget_type=\"image.default\">\n\t\t\t\t<div class=\"elementor-widget-container\">\n\t\t\t\t\t\t\t\t\t\t\t\t<figure class=\"wp-caption\">\n\t\t\t\t\t\t\t\t\t\t<img fetchpriority=\"high\" decoding=\"async\" width=\"300\" height=\"200\" src=\"https:\/\/easyfairsassets.com\/sites\/199\/2021\/11\/Guillermo-Dufranc-2019_color-300x200-1.jpg\" class=\"attachment-full size-full wp-image-33394\" alt=\"\" \/>\t\t\t\t\t\t\t\t\t\t\t<figcaption class=\"widget-image-caption wp-caption-text\"><\/figcaption>\n\t\t\t\t\t\t\t\t\t\t<\/figure>\n\t\t\t\t\t\t\t\t\t<\/div>\n\t\t\t\t<\/div>\n\t\t\t\t<div class=\"elementor-element elementor-element-54e8f14 elementor-widget elementor-widget-text-editor\" data-id=\"54e8f14\" data-element_type=\"widget\" data-widget_type=\"text-editor.default\">\n\t\t\t\t<div class=\"elementor-widget-container\">\n\t\t\t\t\t\t\t\t\t<div class=\"pg-bkn-standfirst\">\n<p>Este art\u00edculo forma parte del libro &#8220;Packaging para Salvar el Planeta&#8221; que puede obtenerse en <a href=\"https:\/\/eur02.safelinks.protection.outlook.com\/?url=http%3A%2F%2Fwww.dufranc.com.ar%2F&amp;data=04%7C01%7Cisabella.iborra%40easyfairs.com%7Cc754bba0287e4e9cf11608d99ef254e3%7Cad58c17f1c944fb0bb6a606501347f25%7C1%7C0%7C637715585919844624%7CUnknown%7CTWFpbGZsb3d8eyJWIjoiMC4wLjAwMDAiLCJQIjoiV2luMzIiLCJBTiI6Ik1haWwiLCJXVCI6Mn0%3D%7C1000&amp;sdata=o6n2C7L7Ba6VPAbZkj0cZMCClDWAlMogiRvSXLwZunI%3D&amp;reserved=0\" target=\"_blank\" rel=\"noopener\">www.dufranc.com.ar<\/a><\/p>\n<\/div>\n\t\t\t\t\t\t\t\t<\/div>\n\t\t\t\t<\/div>\n\t\t\t\t<div class=\"elementor-element elementor-element-2aecddd elementor-invisible elementor-widget elementor-widget-heading\" data-id=\"2aecddd\" data-element_type=\"widget\" data-settings=\"{&quot;_animation&quot;:&quot;fadeInRight&quot;}\" data-widget_type=\"heading.default\">\n\t\t\t\t<div class=\"elementor-widget-container\">\n\t\t\t\t\t<h1 class=\"elementor-heading-title elementor-size-default\">Packaging, sostenibilidad y pedir matrimonio. &#8211; Guillermo Dufranc<\/h1>\t\t\t\t<\/div>\n\t\t\t\t<\/div>\n\t\t\t\t<div class=\"elementor-element elementor-element-05416cb elementor-widget elementor-widget-text-editor\" data-id=\"05416cb\" data-element_type=\"widget\" data-widget_type=\"text-editor.default\">\n\t\t\t\t<div class=\"elementor-widget-container\">\n\t\t\t\t\t\t\t\t\t<div class=\"pg-bkn-standfirst\">\n<p><strong>De todo esto habla Oatly en su reporte de sostenibilidad de 2019 que es una clase magistral de los temas que se tiene que ocupar una compa\u00f1\u00eda.<\/strong><\/p>\n<\/div>\n\t\t\t\t\t\t\t\t<\/div>\n\t\t\t\t<\/div>\n\t\t\t\t<div class=\"elementor-element elementor-element-df0c5c1 elementor-widget elementor-widget-image\" data-id=\"df0c5c1\" data-element_type=\"widget\" data-widget_type=\"image.default\">\n\t\t\t\t<div class=\"elementor-widget-container\">\n\t\t\t\t\t\t\t\t\t\t\t\t\t\t\t<img decoding=\"async\" width=\"800\" height=\"400\" src=\"https:\/\/easyfairsassets.com\/sites\/199\/2021\/11\/1614612300600-1024x512.jpg\" class=\"attachment-large size-large wp-image-33336\" alt=\"\" srcset=\"https:\/\/easyfairsassets.com\/sites\/199\/2021\/11\/1614612300600-1024x512.jpg 1024w, https:\/\/easyfairsassets.com\/sites\/199\/2021\/11\/1614612300600-300x150.jpg 300w, https:\/\/easyfairsassets.com\/sites\/199\/2021\/11\/1614612300600-768x384.jpg 768w, https:\/\/easyfairsassets.com\/sites\/199\/2021\/11\/1614612300600.jpg 1280w\" sizes=\"(max-width: 800px) 100vw, 800px\" \/>\t\t\t\t\t\t\t\t\t\t\t\t\t\t\t<\/div>\n\t\t\t\t<\/div>\n\t\t\t\t<div class=\"elementor-element elementor-element-155dbe5 elementor-widget elementor-widget-text-editor\" data-id=\"155dbe5\" data-element_type=\"widget\" data-widget_type=\"text-editor.default\">\n\t\t\t\t<div class=\"elementor-widget-container\">\n\t\t\t\t\t\t\t\t\t<div class=\"pg-bkn-standfirst\">\n<p>El informe es visualmente impecable y tiene una agudeza literaria que hasta les permite reconocer todo lo que no sale como quisieran, sin quedar como villanos.<\/p>\n<p>Oatly tiene una \u00e9tica ambiental que gu\u00eda todas sus operaciones y, creo yo, son quienes mejor saben comunicar lo que hacen.<\/p>\n<p>Te invito a ver el reporte completo, pero como es largo y en ingl\u00e9s, ac\u00e1 te dejo un resumen:<\/p>\n<p><strong>Un poco de historia<\/strong><\/p>\n<div>\n<div class=\"reader-article-content \" dir=\"ltr\">\n<p>Oatly es una marca de productos de bebidas, yogurt, crema y helados producidos con avena, sin derivados animales.<\/p>\n<p>Fue creada en los 90 con un dise\u00f1o predecible, no dec\u00eda nada nuevo y resultaba completamente irrelevante.\u00a0<\/p>\n<div class=\"slate-resizable-image-embed slate-image-embed__resize-full-width\"><img decoding=\"async\" src=\"https:\/\/media-exp1.licdn.com\/dms\/image\/C4D12AQE3ILWbmpyuHQ\/article-inline_image-shrink_1000_1488\/0\/1611239222427?e=1641427200&amp;v=beta&amp;t=wBTUPedoqxvbOoKJFLGL2rWUBmiJx4NEYIXUc37AT78\" alt=\"No hay texto alternativo para esta imagen\" data-media-urn=\"\" data-li-src=\"https:\/\/media-exp1.licdn.com\/dms\/image\/C4D12AQE3ILWbmpyuHQ\/article-inline_image-shrink_1000_1488\/0\/1611239222427?e=1641427200&amp;v=beta&amp;t=wBTUPedoqxvbOoKJFLGL2rWUBmiJx4NEYIXUc37AT78\" \/><\/div>\n<p>El redise\u00f1o de estilo\u00a0<a href=\"https:\/\/youtu.be\/FJHgN1Xnglo\" target=\"_blank\" rel=\"nofollow noopener\">anti-digital<\/a>\u00a0los puso en el mapa como una de esas marcas que hacen las cosas diferentes y, desde ah\u00ed, no hizo m\u00e1s que ponerse mejor y mejor.<\/p>\n<div class=\"slate-resizable-image-embed slate-image-embed__resize-full-width\"><img decoding=\"async\" src=\"https:\/\/media-exp1.licdn.com\/dms\/image\/C4D12AQG3ZSgweh1Gig\/article-inline_image-shrink_1000_1488\/0\/1611239341047?e=1641427200&amp;v=beta&amp;t=_Qqs-tu1nAX-q6-P60q3wrjtzh2PRP6jBaFnU8cQCKA\" alt=\"No hay texto alternativo para esta imagen\" data-media-urn=\"\" data-li-src=\"https:\/\/media-exp1.licdn.com\/dms\/image\/C4D12AQG3ZSgweh1Gig\/article-inline_image-shrink_1000_1488\/0\/1611239341047?e=1641427200&amp;v=beta&amp;t=_Qqs-tu1nAX-q6-P60q3wrjtzh2PRP6jBaFnU8cQCKA\" \/><\/div>\n<p>Con un toque de humor, titularon la parte de atr\u00e1s como &#8220;el lado aburrido&#8221; con letras sanguinolentas como las de los p\u00f3sters de las viejas pel\u00edculas de terror.<\/p>\n<p>Si sos como yo, seguro te est\u00e1s preguntando qu\u00e9 pasa con los residuos, por qu\u00e9 usan un multilaminado, c\u00f3mo se recicla eso, por qu\u00e9 no usan vidrio y cosas as\u00ed.<\/p>\n<p>Bueno, los residuos son solo una parte del problema y de la pol\u00edtica de sostenibilidad. Y est\u00e1 bien que as\u00ed sea.<\/p>\n<p>M\u00e1s adelante vamos a tocar el tema del packaging y los materiales. Ellos lo dejaron casi para el final.<\/p>\n<h2>Primero lo primero<\/h2>\n<p>Lo m\u00e1s llamativo de este reporte es la manera en la que est\u00e1 escrito. No es para nada otro aburrido texto corporativo.<\/p>\n<p>Est\u00e1 contado en primera persona de una manera informalmente inteligente, divertida y cr\u00edtica, que es lo que lo hace m\u00e1s interesante.<\/p>\n<div class=\"slate-resizable-image-embed slate-image-embed__resize-full-width\"><img decoding=\"async\" src=\"https:\/\/media-exp1.licdn.com\/dms\/image\/C4D12AQHZSpzJPhkzYA\/article-inline_image-shrink_1500_2232\/0\/1611240142904?e=1641427200&amp;v=beta&amp;t=OQjK032BfajcsHZ8cuUC_gTFJgZCEeMui8tihmBXe4A\" alt=\"No hay texto alternativo para esta imagen\" data-media-urn=\"\" data-li-src=\"https:\/\/media-exp1.licdn.com\/dms\/image\/C4D12AQHZSpzJPhkzYA\/article-inline_image-shrink_1500_2232\/0\/1611240142904?e=1641427200&amp;v=beta&amp;t=OQjK032BfajcsHZ8cuUC_gTFJgZCEeMui8tihmBXe4A\" \/><\/div>\n<p>Es impresionante el crecimiento que tuvieron, y en el gr\u00e1fico se puede ver c\u00f3mo dejaron de ser los &#8220;loquitos&#8221; suecos para pisar fuerte en mercados tremendamente competitivos y grandes como los de Reino Unido y Estados Unidos, entre otros pa\u00edses europeos.<\/p>\n<p>Cuando una compa\u00f1\u00eda tiene que escalar tanto el negocio, corre el riesgo de desviarse del camino y dejar de ser lo que era. Por eso, el mayor desaf\u00edo que tuvieron fue mantener la consistencia y la coherencia en todos los lugares donde realizan actividades.<\/p>\n<p>Cada regi\u00f3n tiene su infraestructura y desarroll\u00f3 la industria a su manera, as\u00ed que el trabajo es tratar de unir a todos con el mismo prop\u00f3sito y trabajar en conjunto para lograrlo.<\/p>\n<p>Siendo una parte responsable de la industria de alimentos, decidieron incluir en su envase la informaci\u00f3n de la huella de carbono del producto.<\/p>\n<div class=\"slate-resizable-image-embed slate-image-embed__resize-full-width\"><img decoding=\"async\" src=\"https:\/\/media-exp1.licdn.com\/dms\/image\/C4D12AQFocWsVZEz6LQ\/article-inline_image-shrink_1500_2232\/0\/1611241264071?e=1641427200&amp;v=beta&amp;t=jXGF-sceqgGMML00m2peKJ5BhOC1Utaq0kQ51AMjuXw\" alt=\"No hay texto alternativo para esta imagen\" data-media-urn=\"\" data-li-src=\"https:\/\/media-exp1.licdn.com\/dms\/image\/C4D12AQFocWsVZEz6LQ\/article-inline_image-shrink_1500_2232\/0\/1611241264071?e=1641427200&amp;v=beta&amp;t=jXGF-sceqgGMML00m2peKJ5BhOC1Utaq0kQ51AMjuXw\" \/><\/div>\n<p>Ya que estaban siendo honestos, se pusieron la gorra y le pidieron al gobierno alem\u00e1n que exigiera una ley para obligar a todas las empresas a incluir esa informaci\u00f3n en sus envases.\u00a1Hola\u00a0<a href=\"https:\/\/www.linkedin.com\/pulse\/el-az%C3%BAcar-es-nuevo-tabaco-packaging-regulado-guillermo-dufranc\/?originalSubdomain=es\" target=\"_blank\" rel=\"noopener\">ley de etiquetado<\/a>, no te olvides del calentamiento global!<\/p>\n<p>Algo bueno lograron, mir\u00e1 este video:<\/p>\n<p><span style=\"font-size: 15px;letter-spacing: 0.4px\">El aporte nutricional de sus productos est\u00e1 comentado a modo de reportaje por su nutricionista experta, con lo cual es de esperar que hable bien del producto y de la alimentaci\u00f3n basada en plantas.<\/span><\/p>\n<p>Lo que est\u00e1 bueno es que reconocen que se necesita m\u00e1s investigaci\u00f3n sobre el tema y le hacen las preguntas inc\u00f3modas \u2014que la mayor\u00eda tiene\u2014 sobre reemplazar la leche tradicional por una vegetal.<\/p>\n<\/div>\n<\/div>\n<\/div>\n\t\t\t\t\t\t\t\t<\/div>\n\t\t\t\t<\/div>\n\t\t\t\t<div class=\"elementor-element elementor-element-daf0bfb elementor-widget elementor-widget-button\" data-id=\"daf0bfb\" data-element_type=\"widget\" data-widget_type=\"button.default\">\n\t\t\t\t<div class=\"elementor-widget-container\">\n\t\t\t\t\t\t\t\t\t<div class=\"elementor-button-wrapper\">\n\t\t\t\t\t<a class=\"elementor-button elementor-button-link elementor-size-sm\" href=\"https:\/\/www.linkedin.com\/pulse\/packaging-sostenibilidad-y-pedir-casamiento-guillermo-dufranc-\/?trk=public_profile_article_view\" target=\"_blank\" rel=\"nofollow\">\n\t\t\t\t\t\t<span class=\"elementor-button-content-wrapper\">\n\t\t\t\t\t\t\t\t\t<span class=\"elementor-button-text\">&gt;&gt; Leer la noticia completa<\/span>\n\t\t\t\t\t<\/span>\n\t\t\t\t\t<\/a>\n\t\t\t\t<\/div>\n\t\t\t\t\t\t\t\t<\/div>\n\t\t\t\t<\/div>\n\t\t\t\t<div class=\"elementor-element elementor-element-1acd7351 elementor-invisible elementor-widget elementor-widget-text-editor\" data-id=\"1acd7351\" data-element_type=\"widget\" data-settings=\"{&quot;_animation&quot;:&quot;fadeInRight&quot;}\" data-widget_type=\"text-editor.default\">\n\t\t\t\t<div class=\"elementor-widget-container\">\n\t\t\t\t\t\t\t\t\t<p><span style=\"vertical-align: inherit\"><span style=\"vertical-align: inherit\"><span style=\"vertical-align: inherit\"><span style=\"vertical-align: inherit\"><span style=\"vertical-align: inherit\"><span style=\"vertical-align: inherit\">Share this article<\/span><\/span><\/span><\/span><\/span><\/span><\/p>\n\t\t\t\t\t\t\t\t<\/div>\n\t\t\t\t<\/div>\n\t\t\t\t<div class=\"elementor-element elementor-element-e058e3b elementor-share-buttons--view-icon elementor-share-buttons--skin-flat elementor-share-buttons--shape-rounded elementor-share-buttons--color-custom elementor-grid-0 elementor-widget elementor-widget-share-buttons\" data-id=\"e058e3b\" data-element_type=\"widget\" data-widget_type=\"share-buttons.default\">\n\t\t\t\t<div class=\"elementor-widget-container\">\n\t\t\t\t\t\t\t<div class=\"elementor-grid\" role=\"list\">\n\t\t\t\t\t\t\t\t<div class=\"elementor-grid-item\" role=\"listitem\">\n\t\t\t\t\t\t<div class=\"elementor-share-btn elementor-share-btn_facebook\" role=\"button\" tabindex=\"0\" aria-label=\"Share on facebook\">\n\t\t\t\t\t\t\t\t\t\t\t\t\t\t\t<span class=\"elementor-share-btn__icon\">\n\t\t\t\t\t\t\t\t<i class=\"fab fa-facebook\" aria-hidden=\"true\"><\/i>\t\t\t\t\t\t\t<\/span>\n\t\t\t\t\t\t\t\t\t\t\t\t\t\t\t\t\t\t\t\t<\/div>\n\t\t\t\t\t<\/div>\n\t\t\t\t\t\t\t\t\t<div class=\"elementor-grid-item\" role=\"listitem\">\n\t\t\t\t\t\t<div class=\"elementor-share-btn elementor-share-btn_twitter\" role=\"button\" tabindex=\"0\" aria-label=\"Share on twitter\">\n\t\t\t\t\t\t\t\t\t\t\t\t\t\t\t<span class=\"elementor-share-btn__icon\">\n\t\t\t\t\t\t\t\t<i class=\"fab fa-twitter\" aria-hidden=\"true\"><\/i>\t\t\t\t\t\t\t<\/span>\n\t\t\t\t\t\t\t\t\t\t\t\t\t\t\t\t\t\t\t\t<\/div>\n\t\t\t\t\t<\/div>\n\t\t\t\t\t\t\t\t\t<div class=\"elementor-grid-item\" role=\"listitem\">\n\t\t\t\t\t\t<div class=\"elementor-share-btn elementor-share-btn_linkedin\" role=\"button\" tabindex=\"0\" aria-label=\"Share on linkedin\">\n\t\t\t\t\t\t\t\t\t\t\t\t\t\t\t<span class=\"elementor-share-btn__icon\">\n\t\t\t\t\t\t\t\t<i class=\"fab fa-linkedin\" aria-hidden=\"true\"><\/i>\t\t\t\t\t\t\t<\/span>\n\t\t\t\t\t\t\t\t\t\t\t\t\t\t\t\t\t\t\t\t<\/div>\n\t\t\t\t\t<\/div>\n\t\t\t\t\t\t<\/div>\n\t\t\t\t\t\t<\/div>\n\t\t\t\t<\/div>\n\t\t\t\t\t<\/div>\n\t\t<\/div>\n\t\t\t\t<div class=\"elementor-column elementor-col-50 elementor-top-column elementor-element elementor-element-42bf2a35\" data-id=\"42bf2a35\" data-element_type=\"column\">\n\t\t\t<div class=\"elementor-widget-wrap elementor-element-populated\">\n\t\t\t\t\t\t<div class=\"elementor-element elementor-element-e94ca32 elementor-hidden-desktop elementor-hidden-tablet elementor-hidden-phone elementor-widget elementor-widget-wp-widget-adsanity-rotating-ads\" data-id=\"e94ca32\" data-element_type=\"widget\" data-widget_type=\"wp-widget-adsanity-rotating-ads.default\">\n\t\t\t\t<div class=\"elementor-widget-container\">\n\t\t\t\t\t<div class=\"adsanity-rotating-ads ad-aligncenter\" data-ids=\"11576,11578,11580,11574\" data-timer=\"5\" data-align=\"aligncenter\" data-max-width=\"0\">\n<div id=\"ad-11576\" class=\"ad-300x250 adsanity-300x250 aligncenter adsanity-aligncenter\"\n><div class=\"adsanity-inner\">\n\n<div class=\"adsanity-gati\" data-title=\"MPU 2\"><a rel=\"nofollow\" href=\"https:\/\/www.empackmadrid.com\/en\/ads\/mpu-2\/\"  target=\"_blank\"><img decoding=\"async\" width=\"300\" height=\"250\" src=\"https:\/\/easyfairsassets.com\/sites\/199\/2020\/12\/300-x-250_Interiors.jpg\" class=\"no-lazy-load wp-post-image\" alt=\"300-x-250_Interiors\" \/><\/a><\/div>\n<\/div><\/div>\n\n<\/div>\t\t\t\t<\/div>\n\t\t\t\t<\/div>\n\t\t\t\t<div class=\"elementor-element elementor-element-54989791 elementor-grid-1 elementor-posts--thumbnail-none elementor-grid-tablet-1 elementor-grid-mobile-1 elementor-widget elementor-widget-posts\" data-id=\"54989791\" data-element_type=\"widget\" data-settings=\"{&quot;classic_columns&quot;:&quot;1&quot;,&quot;classic_row_gap&quot;:{&quot;unit&quot;:&quot;px&quot;,&quot;size&quot;:&quot;23&quot;,&quot;sizes&quot;:[]},&quot;classic_columns_tablet&quot;:&quot;1&quot;,&quot;classic_columns_mobile&quot;:&quot;1&quot;,&quot;classic_row_gap_tablet&quot;:{&quot;unit&quot;:&quot;px&quot;,&quot;size&quot;:&quot;&quot;,&quot;sizes&quot;:[]},&quot;classic_row_gap_mobile&quot;:{&quot;unit&quot;:&quot;px&quot;,&quot;size&quot;:&quot;&quot;,&quot;sizes&quot;:[]}}\" data-widget_type=\"posts.classic\">\n\t\t\t\t<div class=\"elementor-widget-container\">\n\t\t\t\t\t\t\t<div class=\"elementor-posts-container elementor-posts elementor-posts--skin-classic elementor-grid\" role=\"list\">\n\t\t\t\t<article class=\"elementor-post elementor-grid-item post-173154 post type-post status-publish format-standard has-post-thumbnail hentry category-uncategorized tag-actualidad-en tag-envases-en tag-normativa-en tag-packaging-en tag-regulacion-en\" role=\"listitem\">\n\t\t\t\t<div class=\"elementor-post__text\">\n\t\t\t\t<h3 class=\"elementor-post__title\">\n\t\t\t<a href=\"https:\/\/www.empackmadrid.com\/en\/2026\/04\/08\/pack-talks-sustainability-as-a-driver-of-innovation-from-trend-to-commodity\/\" >\n\t\t\t\tPack Talks: Sustainability as a Driver of Innovation: From Trend to Commodity\t\t\t<\/a>\n\t\t<\/h3>\n\t\t\t\t<div class=\"elementor-post__excerpt\">\n\t\t\t<p>Sustainability in the packaging sector has evolved from an emerging trend into a key driver of innovation. However, this transition is not as straightforward as<\/p>\n\t\t<\/div>\n\t\t\n\t\t<a class=\"elementor-post__read-more\" href=\"https:\/\/www.empackmadrid.com\/en\/2026\/04\/08\/pack-talks-sustainability-as-a-driver-of-innovation-from-trend-to-commodity\/\" aria-label=\"Read more about Pack Talks: Sustainability as a Driver of Innovation: From Trend to Commodity\" tabindex=\"-1\" >\n\t\t\tRead More \u00bb\t\t<\/a>\n\n\t\t\t\t<\/div>\n\t\t\t\t<\/article>\n\t\t\t\t<article class=\"elementor-post elementor-grid-item post-173168 post type-post status-publish format-standard has-post-thumbnail hentry category-blog-en category-packaging-machinery-technology tag-multicolour-inks-en tag-multicolour-inks-dea2-en tag-roland-dg-en tag-truevis-xp640-en\" role=\"listitem\">\n\t\t\t\t<div class=\"elementor-post__text\">\n\t\t\t\t<h3 class=\"elementor-post__title\">\n\t\t\t<a href=\"https:\/\/www.empackmadrid.com\/en\/2026\/04\/08\/roland-dg-expands-compatibility-of-d-ea2-multicolour-inks-with-the-truevis-xp-640-2\/\" >\n\t\t\t\tRoland DG expands compatibility of D-EA2 multicolour inks with the TrueVIS XP-640\t\t\t<\/a>\n\t\t<\/h3>\n\t\t\t\t<div class=\"elementor-post__excerpt\">\n\t\t\t<p>Roland DG Corporation announces the expanded availability of its cost-effective D-EA2 multicolour eco-solvent inks, now compatible with the TrueVIS XP-640. This upgrade makes Roland DG\u2019s<\/p>\n\t\t<\/div>\n\t\t\n\t\t<a class=\"elementor-post__read-more\" href=\"https:\/\/www.empackmadrid.com\/en\/2026\/04\/08\/roland-dg-expands-compatibility-of-d-ea2-multicolour-inks-with-the-truevis-xp-640-2\/\" aria-label=\"Read more about Roland DG expands compatibility of D-EA2 multicolour inks with the TrueVIS XP-640\" tabindex=\"-1\" >\n\t\t\tRead More \u00bb\t\t<\/a>\n\n\t\t\t\t<\/div>\n\t\t\t\t<\/article>\n\t\t\t\t<article class=\"elementor-post elementor-grid-item post-173178 post type-post status-publish format-standard has-post-thumbnail hentry category-uncategorized tag-roland-dg-en tag-tintas-multicolor-en tag-tintas-multicolor-dea2-en tag-truevis-xp640-en\" role=\"listitem\">\n\t\t\t\t<div class=\"elementor-post__text\">\n\t\t\t\t<h3 class=\"elementor-post__title\">\n\t\t\t<a href=\"https:\/\/www.empackmadrid.com\/en\/2026\/04\/08\/mondi-reveals-how-corrugated-cardboard-packaging-can-reduce-food-waste\/\" >\n\t\t\t\tMondi reveals how corrugated cardboard packaging can reduce food waste\t\t\t<\/a>\n\t\t<\/h3>\n\t\t\t\t<div class=\"elementor-post__excerpt\">\n\t\t\t<p>Mondi has published a new technical report exploring how the right packaging can help food producers and retailers protect product quality and reduce waste in<\/p>\n\t\t<\/div>\n\t\t\n\t\t<a class=\"elementor-post__read-more\" href=\"https:\/\/www.empackmadrid.com\/en\/2026\/04\/08\/mondi-reveals-how-corrugated-cardboard-packaging-can-reduce-food-waste\/\" aria-label=\"Read more about Mondi reveals how corrugated cardboard packaging can reduce food waste\" tabindex=\"-1\" >\n\t\t\tRead More \u00bb\t\t<\/a>\n\n\t\t\t\t<\/div>\n\t\t\t\t<\/article>\n\t\t\t\t<article class=\"elementor-post elementor-grid-item post-171665 post type-post status-publish format-standard has-post-thumbnail hentry category-blog-en category-a-coffee-with tag-entrevista-en tag-llusia-en tag-mondelez-international-en tag-noa-en\" role=\"listitem\">\n\t\t\t\t<div class=\"elementor-post__text\">\n\t\t\t\t<h3 class=\"elementor-post__title\">\n\t\t\t<a href=\"https:\/\/www.empackmadrid.com\/en\/2026\/04\/08\/a-coffee-with-ferran-vaque-private-label-business-director-at-proquimia\/\" >\n\t\t\t\tA coffee with&#8230; Ferran Vaqu\u00e9, Private Label Business Director at PROQUIMIA\t\t\t<\/a>\n\t\t<\/h3>\n\t\t\t\t<div class=\"elementor-post__excerpt\">\n\t\t\t<p>Ferran Vaqu\u00e9 Bover is Director of White Label Business for the Domestic Division of Proquimia, a chemical company specialising in hygiene and cleaning solutions. He<\/p>\n\t\t<\/div>\n\t\t\n\t\t<a class=\"elementor-post__read-more\" href=\"https:\/\/www.empackmadrid.com\/en\/2026\/04\/08\/a-coffee-with-ferran-vaque-private-label-business-director-at-proquimia\/\" aria-label=\"Read more about A coffee with&#8230; Ferran Vaqu\u00e9, Private Label Business Director at PROQUIMIA\" tabindex=\"-1\" >\n\t\t\tRead More \u00bb\t\t<\/a>\n\n\t\t\t\t<\/div>\n\t\t\t\t<\/article>\n\t\t\t\t<\/div>\n\t\t\n\t\t\t\t\t\t<\/div>\n\t\t\t\t<\/div>\n\t\t\t\t<div class=\"elementor-element elementor-element-496586bb elementor-widget-divider--view-line elementor-widget elementor-widget-divider\" data-id=\"496586bb\" data-element_type=\"widget\" data-widget_type=\"divider.default\">\n\t\t\t\t<div class=\"elementor-widget-container\">\n\t\t\t\t\t\t\t<div class=\"elementor-divider\">\n\t\t\t<span class=\"elementor-divider-separator\">\n\t\t\t\t\t\t<\/span>\n\t\t<\/div>\n\t\t\t\t\t\t<\/div>\n\t\t\t\t<\/div>\n\t\t\t\t<div class=\"elementor-element elementor-element-cf4f095 elementor-hidden-desktop elementor-hidden-tablet elementor-hidden-phone elementor-widget elementor-widget-wp-widget-adsanity-rotating-ads\" data-id=\"cf4f095\" data-element_type=\"widget\" data-widget_type=\"wp-widget-adsanity-rotating-ads.default\">\n\t\t\t\t<div class=\"elementor-widget-container\">\n\t\t\t\t\t<div class=\"adsanity-rotating-ads ad-aligncenter\" data-ids=\"11576,11578,11574,11580\" data-timer=\"5\" data-align=\"aligncenter\" data-max-width=\"0\">\n<div id=\"ad-11576\" class=\"ad-300x250 adsanity-300x250 aligncenter adsanity-aligncenter\"\n><div class=\"adsanity-inner\">\n\n<div class=\"adsanity-gati\" data-title=\"MPU 2\"><a rel=\"nofollow\" href=\"https:\/\/www.empackmadrid.com\/en\/ads\/mpu-2\/\"  target=\"_blank\"><img decoding=\"async\" width=\"300\" height=\"250\" src=\"https:\/\/easyfairsassets.com\/sites\/199\/2020\/12\/300-x-250_Interiors.jpg\" class=\"no-lazy-load wp-post-image\" alt=\"300-x-250_Interiors\" \/><\/a><\/div>\n<\/div><\/div>\n\n<\/div>\t\t\t\t<\/div>\n\t\t\t\t<\/div>\n\t\t\t\t<div class=\"elementor-element elementor-element-32229c2 elementor-hidden-desktop elementor-hidden-tablet elementor-hidden-phone elementor-widget elementor-widget-wp-widget-adsanity-rotating-ads\" data-id=\"32229c2\" data-element_type=\"widget\" data-widget_type=\"wp-widget-adsanity-rotating-ads.default\">\n\t\t\t\t<div class=\"elementor-widget-container\">\n\t\t\t\t\t<div class=\"adsanity-rotating-ads ad-aligncenter\" data-ids=\"11574,11576,11578,11580\" data-timer=\"5\" data-align=\"aligncenter\" data-max-width=\"0\">\n<div id=\"ad-11574\" class=\"ad-300x250 adsanity-300x250 aligncenter adsanity-aligncenter\"\n><div class=\"adsanity-inner\">\n\n<div class=\"adsanity-gati\" data-title=\"MPU 1\"><a rel=\"nofollow\" href=\"https:\/\/www.empackmadrid.com\/en\/ads\/mpu-1\/\" ><img loading=\"lazy\" decoding=\"async\" width=\"300\" height=\"250\" src=\"https:\/\/easyfairsassets.com\/sites\/199\/2020\/12\/300-x-250_Risk.jpg\" class=\"no-lazy-load wp-post-image\" alt=\"300-x-250_Risk\" \/><\/a><\/div>\n<\/div><\/div>\n\n<\/div>\t\t\t\t<\/div>\n\t\t\t\t<\/div>\n\t\t\t\t\t<\/div>\n\t\t<\/div>\n\t\t\t\t\t<\/div>\n\t\t<\/section>\n\t\t\t\t<\/div>\n\t\t","protected":false},"excerpt":{"rendered":"<p>Este art\u00edculo forma parte del libro &#8220;Packaging para Salvar el Planeta&#8221; que puede obtenerse en www.dufranc.com.ar De todo esto habla Oatly en su reporte de sostenibilidad de 2019 que es una clase magistral de los temas que se tiene que ocupar una compa\u00f1\u00eda. El informe es visualmente impecable y tiene una agudeza literaria que hasta [&hellip;]<\/p>\n","protected":false},"author":85,"featured_media":33394,"comment_status":"open","ping_status":"open","sticky":false,"template":"","format":"standard","meta":{"_seopress_robots_primary_cat":"none","_seopress_titles_title":"","_seopress_titles_desc":"","_seopress_robots_index":"","footnotes":""},"categories":[328,1126,1124],"tags":[917,918,533,919],"edition":[],"class_list":["post-33330","post","type-post","status-publish","format-standard","has-post-thumbnail","hentry","category-blog-en","category-food-and-beverage","category-packaging-design","tag-dufranc-en","tag-oatly-en","tag-packaging-en","tag-reporte-en"],"_links":{"self":[{"href":"https:\/\/www.empackmadrid.com\/en\/wp-json\/wp\/v2\/posts\/33330","targetHints":{"allow":["GET"]}}],"collection":[{"href":"https:\/\/www.empackmadrid.com\/en\/wp-json\/wp\/v2\/posts"}],"about":[{"href":"https:\/\/www.empackmadrid.com\/en\/wp-json\/wp\/v2\/types\/post"}],"author":[{"embeddable":true,"href":"https:\/\/www.empackmadrid.com\/en\/wp-json\/wp\/v2\/users\/85"}],"replies":[{"embeddable":true,"href":"https:\/\/www.empackmadrid.com\/en\/wp-json\/wp\/v2\/comments?post=33330"}],"version-history":[{"count":4,"href":"https:\/\/www.empackmadrid.com\/en\/wp-json\/wp\/v2\/posts\/33330\/revisions"}],"predecessor-version":[{"id":33396,"href":"https:\/\/www.empackmadrid.com\/en\/wp-json\/wp\/v2\/posts\/33330\/revisions\/33396"}],"wp:featuredmedia":[{"embeddable":true,"href":"https:\/\/www.empackmadrid.com\/en\/wp-json\/wp\/v2\/media\/33394"}],"wp:attachment":[{"href":"https:\/\/www.empackmadrid.com\/en\/wp-json\/wp\/v2\/media?parent=33330"}],"wp:term":[{"taxonomy":"category","embeddable":true,"href":"https:\/\/www.empackmadrid.com\/en\/wp-json\/wp\/v2\/categories?post=33330"},{"taxonomy":"post_tag","embeddable":true,"href":"https:\/\/www.empackmadrid.com\/en\/wp-json\/wp\/v2\/tags?post=33330"},{"taxonomy":"edition","embeddable":true,"href":"https:\/\/www.empackmadrid.com\/en\/wp-json\/wp\/v2\/edition?post=33330"}],"curies":[{"name":"wp","href":"https:\/\/api.w.org\/{rel}","templated":true}]}}