{"id":42054,"date":"2021-11-24T09:34:00","date_gmt":"2021-11-24T08:34:00","guid":{"rendered":"https:\/\/www.empackmadrid.com\/?p=42054"},"modified":"2022-03-08T09:49:15","modified_gmt":"2022-03-08T08:49:15","slug":"llega-el-primer-y-unico-gran-encuentro-del-ano-para-los-sectores-del-packaging-y-la-logistica","status":"publish","type":"post","link":"https:\/\/www.empackmadrid.com\/en\/2021\/11\/24\/llega-el-primer-y-unico-gran-encuentro-del-ano-para-los-sectores-del-packaging-y-la-logistica\/","title":{"rendered":"Llega el primer y \u00fanico gran encuentro del a\u00f1o para los sectores del packaging y la log\u00edstica"},"content":{"rendered":"\t\t<div data-elementor-type=\"wp-post\" data-elementor-id=\"42054\" class=\"elementor elementor-42054 elementor-42053\" data-elementor-post-type=\"post\">\n\t\t\t\t\t\t<section class=\"elementor-section elementor-top-section elementor-element elementor-element-186bb815 elementor-section-full_width elementor-section-height-default elementor-section-height-default\" data-id=\"186bb815\" data-element_type=\"section\">\n\t\t\t\t\t\t<div class=\"elementor-container elementor-column-gap-default\">\n\t\t\t\t\t<div class=\"elementor-column elementor-col-50 elementor-top-column elementor-element elementor-element-717d635b\" data-id=\"717d635b\" data-element_type=\"column\">\n\t\t\t<div class=\"elementor-widget-wrap elementor-element-populated\">\n\t\t\t\t\t\t<div class=\"elementor-element elementor-element-d4e9322 elementor-widget elementor-widget-image\" data-id=\"d4e9322\" data-element_type=\"widget\" data-widget_type=\"image.default\">\n\t\t\t\t<div class=\"elementor-widget-container\">\n\t\t\t\t\t\t\t\t\t\t\t\t<figure class=\"wp-caption\">\n\t\t\t\t\t\t\t\t\t\t<img fetchpriority=\"high\" decoding=\"async\" width=\"500\" height=\"333\" src=\"https:\/\/easyfairsassets.com\/sites\/199\/2022\/03\/indisa-logo.png\" class=\"attachment-full size-full wp-image-42057\" alt=\"indisa logo\" srcset=\"https:\/\/easyfairsassets.com\/sites\/199\/2022\/03\/indisa-logo.png 500w, https:\/\/easyfairsassets.com\/sites\/199\/2022\/03\/indisa-logo-300x200.png 300w\" sizes=\"(max-width: 500px) 100vw, 500px\" \/>\t\t\t\t\t\t\t\t\t\t\t<figcaption class=\"widget-image-caption wp-caption-text\"><\/figcaption>\n\t\t\t\t\t\t\t\t\t\t<\/figure>\n\t\t\t\t\t\t\t\t\t<\/div>\n\t\t\t\t<\/div>\n\t\t\t\t<div class=\"elementor-element elementor-element-2aecddd elementor-invisible elementor-widget elementor-widget-heading\" data-id=\"2aecddd\" data-element_type=\"widget\" data-settings=\"{&quot;_animation&quot;:&quot;fadeInRight&quot;}\" data-widget_type=\"heading.default\">\n\t\t\t\t<div class=\"elementor-widget-container\">\n\t\t\t\t\t<h1 class=\"elementor-heading-title elementor-size-default\">Llega el primer y \u00fanico gran encuentro del a\u00f1o para los sectores del packaging y la log\u00edstica<\/h1>\t\t\t\t<\/div>\n\t\t\t\t<\/div>\n\t\t\t\t<div class=\"elementor-element elementor-element-05416cb elementor-widget elementor-widget-text-editor\" data-id=\"05416cb\" data-element_type=\"widget\" data-widget_type=\"text-editor.default\">\n\t\t\t\t<div class=\"elementor-widget-container\">\n\t\t\t\t\t\t\t\t\t<div class=\"pg-bkn-standfirst\">\n<p><span class=\"estilo_texto\">Tras dos a\u00f1os sin r\u00e9unir a su comunidad, Empack, la feria anual l\u00edder en envase y embalaje, y Logistics &amp; Automation, el evento de referencia en log\u00edstica\u00a0<\/span><span class=\"estilo_texto\">y automatizaci\u00f3n, se convierten este mes de noviembre en el primer y unico gran encuentro del a\u00f1o para el sector. \u00a0\u00a0<\/span><\/p>\n<p class=\"estilo_texto\"><span class=\"estilo_texto\">Es la oportunidad, para\u00a0<\/span><strong><span class=\"estilo_texto\">m\u00e1s de\u00a0300 marcas<\/span><\/strong><span class=\"estilo_texto\">\u00a0nacionales e internacionales\u00a0y m\u00e1s de\u00a0<\/span><strong><span class=\"estilo_texto\">10.000 profesionales\u00a0del sector<\/span><\/strong><span class=\"estilo_texto\">, para reencontrarse\u00a0<\/span><strong><span class=\"estilo_texto\">cara a cara<\/span><\/strong><span class=\"estilo_texto\">\u00a0y hacer negocio, bajo un mismo techo, en s\u00f3lo dos d\u00edas.<\/span><\/p>\n<p class=\"estilo_texto\"><span class=\"estilo_texto\">Su extensa programaci\u00f3n de demostraciones, actividades y contenidos permitir\u00e1n al visitante estar al d\u00eda de la innovaci\u00f3n y viajar al futuro a trav\u00e9s de los \u00faltimos avances en packaging, almacenaje y log\u00edstica.<\/span><\/p>\n<p class=\"estilo_texto\">\u00a0<\/p>\n<p class=\"estilo_texto\"><strong><u><span class=\"estilo_texto\">ACTIVIDADES DESTACADAS<\/span><\/u><\/strong><\/p>\n<ul>\n<li><span class=\"estilo_texto\">Entrega de los\u00a0<strong>Premios L\u00edderes de la Log\u00edstica<\/strong>, organizados por UNO &#8211; la organizaci\u00f3n empresarial de log\u00edstica y transporte de Espa\u00f1a -, y Log\u00edstics &amp; Automation, con la asistencia de\u00a0<strong>Gerardo Cuerva, presidente de CEPYME y Francisco Aranda, presidente de UNO.<\/strong><\/span><\/li>\n<\/ul>\n<ul>\n<li><strong><span class=\"estilo_texto\">Exposici\u00f3n en exclusiva de los Pentawards<\/span><\/strong><span class=\"estilo_texto\">, los premios m\u00e1s importantes del packaging, con 10 de los ganadores de la edici\u00f3n 2021.<\/span><\/li>\n<\/ul>\n<\/div>\n\t\t\t\t\t\t\t\t<\/div>\n\t\t\t\t<\/div>\n\t\t\t\t<div class=\"elementor-element elementor-element-daf0bfb elementor-widget elementor-widget-button\" data-id=\"daf0bfb\" data-element_type=\"widget\" data-widget_type=\"button.default\">\n\t\t\t\t<div class=\"elementor-widget-container\">\n\t\t\t\t\t\t\t\t\t<div class=\"elementor-button-wrapper\">\n\t\t\t\t\t<a class=\"elementor-button elementor-button-link elementor-size-sm\" href=\"https:\/\/www.indisa.es\/al-dia\/llega-primer-unico-gran-encuentro-ano-para-sectores-packaging\" target=\"_blank\" rel=\"nofollow\">\n\t\t\t\t\t\t<span class=\"elementor-button-content-wrapper\">\n\t\t\t\t\t\t\t\t\t<span class=\"elementor-button-text\">&gt;&gt; Leer la noticia completa<\/span>\n\t\t\t\t\t<\/span>\n\t\t\t\t\t<\/a>\n\t\t\t\t<\/div>\n\t\t\t\t\t\t\t\t<\/div>\n\t\t\t\t<\/div>\n\t\t\t\t<div class=\"elementor-element elementor-element-1acd7351 elementor-invisible elementor-widget elementor-widget-text-editor\" data-id=\"1acd7351\" data-element_type=\"widget\" data-settings=\"{&quot;_animation&quot;:&quot;fadeInRight&quot;}\" data-widget_type=\"text-editor.default\">\n\t\t\t\t<div class=\"elementor-widget-container\">\n\t\t\t\t\t\t\t\t\t<p><span style=\"vertical-align: inherit\"><span style=\"vertical-align: inherit\"><span style=\"vertical-align: inherit\"><span style=\"vertical-align: inherit\"><span style=\"vertical-align: inherit\"><span style=\"vertical-align: inherit\">Share this article<\/span><\/span><\/span><\/span><\/span><\/span><\/p>\n\t\t\t\t\t\t\t\t<\/div>\n\t\t\t\t<\/div>\n\t\t\t\t<div class=\"elementor-element elementor-element-e058e3b elementor-share-buttons--view-icon elementor-share-buttons--skin-flat elementor-share-buttons--shape-rounded elementor-share-buttons--color-custom elementor-grid-0 elementor-widget elementor-widget-share-buttons\" data-id=\"e058e3b\" data-element_type=\"widget\" data-widget_type=\"share-buttons.default\">\n\t\t\t\t<div class=\"elementor-widget-container\">\n\t\t\t\t\t\t\t<div class=\"elementor-grid\" role=\"list\">\n\t\t\t\t\t\t\t\t<div class=\"elementor-grid-item\" role=\"listitem\">\n\t\t\t\t\t\t<div class=\"elementor-share-btn elementor-share-btn_facebook\" role=\"button\" tabindex=\"0\" aria-label=\"Share on facebook\">\n\t\t\t\t\t\t\t\t\t\t\t\t\t\t\t<span class=\"elementor-share-btn__icon\">\n\t\t\t\t\t\t\t\t<i class=\"fab fa-facebook\" aria-hidden=\"true\"><\/i>\t\t\t\t\t\t\t<\/span>\n\t\t\t\t\t\t\t\t\t\t\t\t\t\t\t\t\t\t\t\t<\/div>\n\t\t\t\t\t<\/div>\n\t\t\t\t\t\t\t\t\t<div class=\"elementor-grid-item\" role=\"listitem\">\n\t\t\t\t\t\t<div class=\"elementor-share-btn elementor-share-btn_twitter\" role=\"button\" tabindex=\"0\" aria-label=\"Share on twitter\">\n\t\t\t\t\t\t\t\t\t\t\t\t\t\t\t<span class=\"elementor-share-btn__icon\">\n\t\t\t\t\t\t\t\t<i class=\"fab fa-twitter\" aria-hidden=\"true\"><\/i>\t\t\t\t\t\t\t<\/span>\n\t\t\t\t\t\t\t\t\t\t\t\t\t\t\t\t\t\t\t\t<\/div>\n\t\t\t\t\t<\/div>\n\t\t\t\t\t\t\t\t\t<div class=\"elementor-grid-item\" role=\"listitem\">\n\t\t\t\t\t\t<div class=\"elementor-share-btn elementor-share-btn_linkedin\" role=\"button\" tabindex=\"0\" aria-label=\"Share on linkedin\">\n\t\t\t\t\t\t\t\t\t\t\t\t\t\t\t<span class=\"elementor-share-btn__icon\">\n\t\t\t\t\t\t\t\t<i class=\"fab fa-linkedin\" aria-hidden=\"true\"><\/i>\t\t\t\t\t\t\t<\/span>\n\t\t\t\t\t\t\t\t\t\t\t\t\t\t\t\t\t\t\t\t<\/div>\n\t\t\t\t\t<\/div>\n\t\t\t\t\t\t<\/div>\n\t\t\t\t\t\t<\/div>\n\t\t\t\t<\/div>\n\t\t\t\t\t<\/div>\n\t\t<\/div>\n\t\t\t\t<div class=\"elementor-column elementor-col-50 elementor-top-column elementor-element elementor-element-42bf2a35\" data-id=\"42bf2a35\" data-element_type=\"column\">\n\t\t\t<div class=\"elementor-widget-wrap elementor-element-populated\">\n\t\t\t\t\t\t<div class=\"elementor-element elementor-element-e94ca32 elementor-hidden-desktop elementor-hidden-tablet elementor-hidden-phone elementor-widget elementor-widget-wp-widget-adsanity-rotating-ads\" data-id=\"e94ca32\" data-element_type=\"widget\" data-widget_type=\"wp-widget-adsanity-rotating-ads.default\">\n\t\t\t\t<div class=\"elementor-widget-container\">\n\t\t\t\t\t<div class=\"adsanity-rotating-ads ad-aligncenter\" data-ids=\"11578,11580,11574,11576\" data-timer=\"5\" data-align=\"aligncenter\" data-max-width=\"0\">\n<div id=\"ad-11578\" class=\"ad-300x250 adsanity-300x250 aligncenter adsanity-aligncenter\"\n><div class=\"adsanity-inner\">\n\n<div class=\"adsanity-gati\" data-title=\"MPU 3\"><a rel=\"nofollow\" href=\"https:\/\/www.empackmadrid.com\/en\/ads\/mpu-3\/\"  target=\"_blank\"><img decoding=\"async\" width=\"300\" height=\"250\" src=\"https:\/\/easyfairsassets.com\/sites\/199\/2020\/12\/300-x-250_Honeywell.jpg\" class=\"no-lazy-load wp-post-image\" alt=\"300 x 250_Honeywell\" \/><\/a><\/div>\n<\/div><\/div>\n\n<\/div>\t\t\t\t<\/div>\n\t\t\t\t<\/div>\n\t\t\t\t<div class=\"elementor-element elementor-element-54989791 elementor-grid-1 elementor-posts--thumbnail-none elementor-grid-tablet-1 elementor-grid-mobile-1 elementor-widget elementor-widget-posts\" data-id=\"54989791\" data-element_type=\"widget\" data-settings=\"{&quot;classic_columns&quot;:&quot;1&quot;,&quot;classic_row_gap&quot;:{&quot;unit&quot;:&quot;px&quot;,&quot;size&quot;:&quot;23&quot;,&quot;sizes&quot;:[]},&quot;classic_columns_tablet&quot;:&quot;1&quot;,&quot;classic_columns_mobile&quot;:&quot;1&quot;,&quot;classic_row_gap_tablet&quot;:{&quot;unit&quot;:&quot;px&quot;,&quot;size&quot;:&quot;&quot;,&quot;sizes&quot;:[]},&quot;classic_row_gap_mobile&quot;:{&quot;unit&quot;:&quot;px&quot;,&quot;size&quot;:&quot;&quot;,&quot;sizes&quot;:[]}}\" data-widget_type=\"posts.classic\">\n\t\t\t\t<div class=\"elementor-widget-container\">\n\t\t\t\t\t\t\t<div class=\"elementor-posts-container elementor-posts elementor-posts--skin-classic elementor-grid\" role=\"list\">\n\t\t\t\t<article class=\"elementor-post elementor-grid-item post-173154 post type-post status-publish format-standard has-post-thumbnail hentry category-sin-categorizar tag-actualidad tag-envases tag-normativa tag-packaging tag-regulacion\" role=\"listitem\">\n\t\t\t\t<div class=\"elementor-post__text\">\n\t\t\t\t<h3 class=\"elementor-post__title\">\n\t\t\t<a href=\"https:\/\/www.empackmadrid.com\/en\/2026\/04\/08\/pack-talks-sustainability-as-a-driver-of-innovation-from-trend-to-commodity\/\" >\n\t\t\t\tPack Talks: Sustainability as a Driver of Innovation: From Trend to Commodity\t\t\t<\/a>\n\t\t<\/h3>\n\t\t\t\t<div class=\"elementor-post__excerpt\">\n\t\t\t<p>Sustainability in the packaging sector has evolved from an emerging trend into a key driver of innovation. However, this transition is not as straightforward as<\/p>\n\t\t<\/div>\n\t\t\n\t\t<a class=\"elementor-post__read-more\" href=\"https:\/\/www.empackmadrid.com\/en\/2026\/04\/08\/pack-talks-sustainability-as-a-driver-of-innovation-from-trend-to-commodity\/\" aria-label=\"Read more about Pack Talks: Sustainability as a Driver of Innovation: From Trend to Commodity\" tabindex=\"-1\" >\n\t\t\tRead More \u00bb\t\t<\/a>\n\n\t\t\t\t<\/div>\n\t\t\t\t<\/article>\n\t\t\t\t<article class=\"elementor-post elementor-grid-item post-173168 post type-post status-publish format-standard has-post-thumbnail hentry category-blog-en category-packaging-machinery-technology tag-multicolour-inks-en tag-multicolour-inks-dea2-en tag-roland-dg-en tag-truevis-xp640-en\" role=\"listitem\">\n\t\t\t\t<div class=\"elementor-post__text\">\n\t\t\t\t<h3 class=\"elementor-post__title\">\n\t\t\t<a href=\"https:\/\/www.empackmadrid.com\/en\/2026\/04\/08\/roland-dg-expands-compatibility-of-d-ea2-multicolour-inks-with-the-truevis-xp-640-2\/\" >\n\t\t\t\tRoland DG expands compatibility of D-EA2 multicolour inks with the TrueVIS XP-640\t\t\t<\/a>\n\t\t<\/h3>\n\t\t\t\t<div class=\"elementor-post__excerpt\">\n\t\t\t<p>Roland DG Corporation announces the expanded availability of its cost-effective D-EA2 multicolour eco-solvent inks, now compatible with the TrueVIS XP-640. This upgrade makes Roland DG\u2019s<\/p>\n\t\t<\/div>\n\t\t\n\t\t<a class=\"elementor-post__read-more\" href=\"https:\/\/www.empackmadrid.com\/en\/2026\/04\/08\/roland-dg-expands-compatibility-of-d-ea2-multicolour-inks-with-the-truevis-xp-640-2\/\" aria-label=\"Read more about Roland DG expands compatibility of D-EA2 multicolour inks with the TrueVIS XP-640\" tabindex=\"-1\" >\n\t\t\tRead More \u00bb\t\t<\/a>\n\n\t\t\t\t<\/div>\n\t\t\t\t<\/article>\n\t\t\t\t<article class=\"elementor-post elementor-grid-item post-173178 post type-post status-publish format-standard has-post-thumbnail hentry category-uncategorized tag-roland-dg-en tag-tintas-multicolor-en tag-tintas-multicolor-dea2-en tag-truevis-xp640-en\" role=\"listitem\">\n\t\t\t\t<div class=\"elementor-post__text\">\n\t\t\t\t<h3 class=\"elementor-post__title\">\n\t\t\t<a href=\"https:\/\/www.empackmadrid.com\/en\/2026\/04\/08\/mondi-reveals-how-corrugated-cardboard-packaging-can-reduce-food-waste\/\" >\n\t\t\t\tMondi reveals how corrugated cardboard packaging can reduce food waste\t\t\t<\/a>\n\t\t<\/h3>\n\t\t\t\t<div class=\"elementor-post__excerpt\">\n\t\t\t<p>Mondi has published a new technical report exploring how the right packaging can help food producers and retailers protect product quality and reduce waste in<\/p>\n\t\t<\/div>\n\t\t\n\t\t<a class=\"elementor-post__read-more\" href=\"https:\/\/www.empackmadrid.com\/en\/2026\/04\/08\/mondi-reveals-how-corrugated-cardboard-packaging-can-reduce-food-waste\/\" aria-label=\"Read more about Mondi reveals how corrugated cardboard packaging can reduce food waste\" tabindex=\"-1\" >\n\t\t\tRead More \u00bb\t\t<\/a>\n\n\t\t\t\t<\/div>\n\t\t\t\t<\/article>\n\t\t\t\t<article class=\"elementor-post elementor-grid-item post-171665 post type-post status-publish format-standard has-post-thumbnail hentry category-blog-en category-a-coffee-with tag-entrevista-en tag-llusia-en tag-mondelez-international-en tag-noa-en\" role=\"listitem\">\n\t\t\t\t<div class=\"elementor-post__text\">\n\t\t\t\t<h3 class=\"elementor-post__title\">\n\t\t\t<a href=\"https:\/\/www.empackmadrid.com\/en\/2026\/04\/08\/a-coffee-with-ferran-vaque-private-label-business-director-at-proquimia\/\" >\n\t\t\t\tA coffee with&#8230; Ferran Vaqu\u00e9, Private Label Business Director at PROQUIMIA\t\t\t<\/a>\n\t\t<\/h3>\n\t\t\t\t<div class=\"elementor-post__excerpt\">\n\t\t\t<p>Ferran Vaqu\u00e9 Bover is Director of White Label Business for the Domestic Division of Proquimia, a chemical company specialising in hygiene and cleaning solutions. He<\/p>\n\t\t<\/div>\n\t\t\n\t\t<a class=\"elementor-post__read-more\" href=\"https:\/\/www.empackmadrid.com\/en\/2026\/04\/08\/a-coffee-with-ferran-vaque-private-label-business-director-at-proquimia\/\" aria-label=\"Read more about A coffee with&#8230; Ferran Vaqu\u00e9, Private Label Business Director at PROQUIMIA\" tabindex=\"-1\" >\n\t\t\tRead More \u00bb\t\t<\/a>\n\n\t\t\t\t<\/div>\n\t\t\t\t<\/article>\n\t\t\t\t<\/div>\n\t\t\n\t\t\t\t\t\t<\/div>\n\t\t\t\t<\/div>\n\t\t\t\t<div class=\"elementor-element elementor-element-496586bb elementor-widget-divider--view-line elementor-widget elementor-widget-divider\" data-id=\"496586bb\" data-element_type=\"widget\" data-widget_type=\"divider.default\">\n\t\t\t\t<div class=\"elementor-widget-container\">\n\t\t\t\t\t\t\t<div class=\"elementor-divider\">\n\t\t\t<span class=\"elementor-divider-separator\">\n\t\t\t\t\t\t<\/span>\n\t\t<\/div>\n\t\t\t\t\t\t<\/div>\n\t\t\t\t<\/div>\n\t\t\t\t<div class=\"elementor-element elementor-element-cf4f095 elementor-hidden-desktop elementor-hidden-tablet elementor-hidden-phone elementor-widget elementor-widget-wp-widget-adsanity-rotating-ads\" data-id=\"cf4f095\" data-element_type=\"widget\" data-widget_type=\"wp-widget-adsanity-rotating-ads.default\">\n\t\t\t\t<div class=\"elementor-widget-container\">\n\t\t\t\t\t<div class=\"adsanity-rotating-ads ad-aligncenter\" data-ids=\"11578,11574,11580,11576\" data-timer=\"5\" data-align=\"aligncenter\" data-max-width=\"0\">\n<div id=\"ad-11578\" class=\"ad-300x250 adsanity-300x250 aligncenter adsanity-aligncenter\"\n><div class=\"adsanity-inner\">\n\n<div class=\"adsanity-gati\" data-title=\"MPU 3\"><a rel=\"nofollow\" href=\"https:\/\/www.empackmadrid.com\/en\/ads\/mpu-3\/\"  target=\"_blank\"><img decoding=\"async\" width=\"300\" height=\"250\" src=\"https:\/\/easyfairsassets.com\/sites\/199\/2020\/12\/300-x-250_Honeywell.jpg\" class=\"no-lazy-load wp-post-image\" alt=\"300 x 250_Honeywell\" \/><\/a><\/div>\n<\/div><\/div>\n\n<\/div>\t\t\t\t<\/div>\n\t\t\t\t<\/div>\n\t\t\t\t<div class=\"elementor-element elementor-element-32229c2 elementor-hidden-desktop elementor-hidden-tablet elementor-hidden-phone elementor-widget elementor-widget-wp-widget-adsanity-rotating-ads\" data-id=\"32229c2\" data-element_type=\"widget\" data-widget_type=\"wp-widget-adsanity-rotating-ads.default\">\n\t\t\t\t<div class=\"elementor-widget-container\">\n\t\t\t\t\t<div class=\"adsanity-rotating-ads ad-aligncenter\" data-ids=\"11576,11578,11574,11580\" data-timer=\"5\" data-align=\"aligncenter\" data-max-width=\"0\">\n<div id=\"ad-11576\" class=\"ad-300x250 adsanity-300x250 aligncenter adsanity-aligncenter\"\n><div class=\"adsanity-inner\">\n\n<div class=\"adsanity-gati\" data-title=\"MPU 2\"><a rel=\"nofollow\" href=\"https:\/\/www.empackmadrid.com\/en\/ads\/mpu-2\/\"  target=\"_blank\"><img decoding=\"async\" width=\"300\" height=\"250\" src=\"https:\/\/easyfairsassets.com\/sites\/199\/2020\/12\/300-x-250_Interiors.jpg\" class=\"no-lazy-load wp-post-image\" alt=\"300-x-250_Interiors\" \/><\/a><\/div>\n<\/div><\/div>\n\n<\/div>\t\t\t\t<\/div>\n\t\t\t\t<\/div>\n\t\t\t\t\t<\/div>\n\t\t<\/div>\n\t\t\t\t\t<\/div>\n\t\t<\/section>\n\t\t\t\t<\/div>\n\t\t","protected":false},"excerpt":{"rendered":"<p>Tras dos a\u00f1os sin r\u00e9unir a su comunidad, Empack, la feria anual l\u00edder en envase y embalaje, y Logistics &amp; Automation, el evento de referencia en log\u00edstica&nbsp;y automatizaci\u00f3n, se convierten este mes de noviembre en el primer y unico gran encuentro del a\u00f1o para el sector. &nbsp;&nbsp; Es la oportunidad, para&nbsp;m\u00e1s de&nbsp;300 marcas&nbsp;nacionales e internacionales&nbsp;y [&hellip;]<\/p>\n","protected":false},"author":85,"featured_media":42057,"comment_status":"closed","ping_status":"open","sticky":false,"template":"","format":"standard","meta":{"_seopress_robots_primary_cat":"none","_seopress_titles_title":"","_seopress_titles_desc":"","_seopress_robots_index":"","footnotes":""},"categories":[823],"tags":[1251,1252],"edition":[],"class_list":["post-42054","post","type-post","status-publish","format-standard","has-post-thumbnail","hentry","category-media-coverage","tag-europapress-en","tag-mme-en"],"_links":{"self":[{"href":"https:\/\/www.empackmadrid.com\/en\/wp-json\/wp\/v2\/posts\/42054","targetHints":{"allow":["GET"]}}],"collection":[{"href":"https:\/\/www.empackmadrid.com\/en\/wp-json\/wp\/v2\/posts"}],"about":[{"href":"https:\/\/www.empackmadrid.com\/en\/wp-json\/wp\/v2\/types\/post"}],"author":[{"embeddable":true,"href":"https:\/\/www.empackmadrid.com\/en\/wp-json\/wp\/v2\/users\/85"}],"replies":[{"embeddable":true,"href":"https:\/\/www.empackmadrid.com\/en\/wp-json\/wp\/v2\/comments?post=42054"}],"version-history":[{"count":4,"href":"https:\/\/www.empackmadrid.com\/en\/wp-json\/wp\/v2\/posts\/42054\/revisions"}],"predecessor-version":[{"id":42122,"href":"https:\/\/www.empackmadrid.com\/en\/wp-json\/wp\/v2\/posts\/42054\/revisions\/42122"}],"wp:featuredmedia":[{"embeddable":true,"href":"https:\/\/www.empackmadrid.com\/en\/wp-json\/wp\/v2\/media\/42057"}],"wp:attachment":[{"href":"https:\/\/www.empackmadrid.com\/en\/wp-json\/wp\/v2\/media?parent=42054"}],"wp:term":[{"taxonomy":"category","embeddable":true,"href":"https:\/\/www.empackmadrid.com\/en\/wp-json\/wp\/v2\/categories?post=42054"},{"taxonomy":"post_tag","embeddable":true,"href":"https:\/\/www.empackmadrid.com\/en\/wp-json\/wp\/v2\/tags?post=42054"},{"taxonomy":"edition","embeddable":true,"href":"https:\/\/www.empackmadrid.com\/en\/wp-json\/wp\/v2\/edition?post=42054"}],"curies":[{"name":"wp","href":"https:\/\/api.w.org\/{rel}","templated":true}]}}