{"id":10329,"date":"2020-10-08T00:00:00","date_gmt":"2020-10-07T22:00:00","guid":{"rendered":"https:\/\/www.empackmadrid.com\/?p=10329"},"modified":"2020-10-08T12:05:18","modified_gmt":"2020-10-08T10:05:18","slug":"empack-y-logistics-automation-madrid-aplazan-su-celebracion-a-abril-de-2021","status":"publish","type":"post","link":"https:\/\/www.empackmadrid.com\/es\/2020\/10\/08\/empack-y-logistics-automation-madrid-aplazan-su-celebracion-a-abril-de-2021\/","title":{"rendered":"Empack y Logistics &amp; Automation Madrid aplazan su celebraci\u00f3n a abril de 2021"},"content":{"rendered":"\t\t<div data-elementor-type=\"wp-post\" data-elementor-id=\"10329\" class=\"elementor elementor-10329\" data-elementor-post-type=\"post\">\n\t\t\t\t\t\t<section class=\"elementor-section elementor-top-section elementor-element elementor-element-3c699dd elementor-section-stretched elementor-section-full_width elementor-section-height-default elementor-section-height-default\" data-id=\"3c699dd\" data-element_type=\"section\" data-settings=\"{&quot;background_background&quot;:&quot;classic&quot;,&quot;stretch_section&quot;:&quot;section-stretched&quot;}\">\n\t\t\t\t\t\t<div class=\"elementor-container elementor-column-gap-default\">\n\t\t\t\t\t<div class=\"elementor-column elementor-col-100 elementor-top-column elementor-element elementor-element-ceed696\" data-id=\"ceed696\" data-element_type=\"column\">\n\t\t\t<div class=\"elementor-widget-wrap elementor-element-populated\">\n\t\t\t\t\t\t<section class=\"elementor-section elementor-inner-section elementor-element elementor-element-dac0305 elementor-reverse-tablet elementor-reverse-mobile elementor-section-boxed elementor-section-height-default elementor-section-height-default\" data-id=\"dac0305\" data-element_type=\"section\" data-settings=\"{&quot;background_background&quot;:&quot;classic&quot;}\">\n\t\t\t\t\t\t<div class=\"elementor-container elementor-column-gap-wide\">\n\t\t\t\t\t<div class=\"elementor-column elementor-col-100 elementor-inner-column elementor-element elementor-element-86d7e52\" data-id=\"86d7e52\" data-element_type=\"column\" data-settings=\"{&quot;background_background&quot;:&quot;classic&quot;}\">\n\t\t\t<div class=\"elementor-widget-wrap elementor-element-populated\">\n\t\t\t\t\t\t<div class=\"elementor-element elementor-element-96addb9 elementor-widget elementor-widget-image\" data-id=\"96addb9\" data-element_type=\"widget\" data-widget_type=\"image.default\">\n\t\t\t\t<div class=\"elementor-widget-container\">\n\t\t\t\t\t\t\t\t\t\t\t\t\t\t\t<img decoding=\"async\" width=\"300\" height=\"150\" src=\"https:\/\/easyfairsassets.com\/sites\/199\/2020\/07\/Empack-20-Logo.png\" class=\"attachment-large size-large wp-image-7767\" alt=\"Empack 20 Logo\" \/>\t\t\t\t\t\t\t\t\t\t\t\t\t\t\t<\/div>\n\t\t\t\t<\/div>\n\t\t\t\t<div class=\"elementor-element elementor-element-87ebf12 elementor-widget elementor-widget-spacer\" data-id=\"87ebf12\" data-element_type=\"widget\" data-widget_type=\"spacer.default\">\n\t\t\t\t<div class=\"elementor-widget-container\">\n\t\t\t\t\t\t\t<div class=\"elementor-spacer\">\n\t\t\t<div class=\"elementor-spacer-inner\"><\/div>\n\t\t<\/div>\n\t\t\t\t\t\t<\/div>\n\t\t\t\t<\/div>\n\t\t\t\t<div class=\"elementor-element elementor-element-aec6b57 elementor-widget elementor-widget-theme-post-title elementor-page-title elementor-widget-heading\" data-id=\"aec6b57\" data-element_type=\"widget\" data-widget_type=\"theme-post-title.default\">\n\t\t\t\t<div class=\"elementor-widget-container\">\n\t\t\t\t\t<h3 class=\"elementor-heading-title elementor-size-default\">Empack y Logistics &amp; Automation Madrid aplazan su celebraci\u00f3n a abril de 2021<\/h3>\t\t\t\t<\/div>\n\t\t\t\t<\/div>\n\t\t\t\t<div class=\"elementor-element elementor-element-cf786dc elementor-widget-divider--view-line elementor-widget elementor-widget-divider\" data-id=\"cf786dc\" data-element_type=\"widget\" data-widget_type=\"divider.default\">\n\t\t\t\t<div class=\"elementor-widget-container\">\n\t\t\t\t\t\t\t<div class=\"elementor-divider\">\n\t\t\t<span class=\"elementor-divider-separator\">\n\t\t\t\t\t\t<\/span>\n\t\t<\/div>\n\t\t\t\t\t\t<\/div>\n\t\t\t\t<\/div>\n\t\t\t\t\t<\/div>\n\t\t<\/div>\n\t\t\t\t\t<\/div>\n\t\t<\/section>\n\t\t\t\t<section class=\"elementor-section elementor-inner-section elementor-element elementor-element-18622eb elementor-section-boxed elementor-section-height-default elementor-section-height-default\" data-id=\"18622eb\" data-element_type=\"section\" data-settings=\"{&quot;background_background&quot;:&quot;classic&quot;}\">\n\t\t\t\t\t\t<div class=\"elementor-container elementor-column-gap-default\">\n\t\t\t\t\t<div class=\"elementor-column elementor-col-100 elementor-inner-column elementor-element elementor-element-f3a27b6\" data-id=\"f3a27b6\" data-element_type=\"column\">\n\t\t\t<div class=\"elementor-widget-wrap elementor-element-populated\">\n\t\t\t\t\t\t<div class=\"elementor-element elementor-element-9615c8f elementor-align-left elementor-widget elementor-widget-post-info\" data-id=\"9615c8f\" data-element_type=\"widget\" data-widget_type=\"post-info.default\">\n\t\t\t\t<div class=\"elementor-widget-container\">\n\t\t\t\t\t\t\t<ul class=\"elementor-icon-list-items elementor-post-info\">\n\t\t\t\t\t\t\t\t<li class=\"elementor-icon-list-item elementor-repeater-item-62990f6\" itemprop=\"datePublished\">\n\t\t\t\t\t\t<a href=\"https:\/\/www.empackmadrid.com\/es\/2020\/10\/08\/\">\n\t\t\t\t\t\t\t\t\t\t\t<span class=\"elementor-icon-list-icon\">\n\t\t\t\t\t\t\t\t<i aria-hidden=\"true\" class=\"fas fa-calendar\"><\/i>\t\t\t\t\t\t\t<\/span>\n\t\t\t\t\t\t\t\t\t<span class=\"elementor-icon-list-text elementor-post-info__item elementor-post-info__item--type-date\">\n\t\t\t\t\t\t\t\t\t\t<time>octubre 8, 2020<\/time>\t\t\t\t\t<\/span>\n\t\t\t\t\t\t\t\t\t<\/a>\n\t\t\t\t<\/li>\n\t\t\t\t<\/ul>\n\t\t\t\t\t\t<\/div>\n\t\t\t\t<\/div>\n\t\t\t\t<div class=\"elementor-element elementor-element-0edc5ad elementor-widget elementor-widget-text-editor\" data-id=\"0edc5ad\" data-element_type=\"widget\" data-widget_type=\"text-editor.default\">\n\t\t\t\t<div class=\"elementor-widget-container\">\n\t\t\t\t\t\t\t\t\t<p><strong>Madrid, 8 de octubre 2020 &#8211; Easyfairs Iberia, empresa organizadora de la feria anual de referencia en Espa\u00f1a para los sectores del envase y la log\u00edstica, la cual estaba previsto celebrar en IFEMA los d\u00edas 25 &amp; 26 de noviembre de 2020, ha anunciado hoy que el evento se pospondr\u00e1 al 21 &amp; 22 de abril de 2021 en una decisi\u00f3n consensuada con la industria y dada la situaci\u00f3n de Fuerza Mayor<\/strong> <strong>con motivo del COVID-19.<\/strong><\/p><p>Easyfairs ha estado en continuo contacto con la comunidad para intentar reunir a la industria y brindarle apoyo y soporte, y agradece el inmenso apoyo que ha recibido por su parte. Oscar Barranco, director de Easyfairs Iberia ha comentado que \u201ccomo empresa, hemos realizado un gran esfuerzo para implementar diferentes protocolos de salud y seguridad, gracias a los cuales, si hubi\u00e9ramos podido llevar a cabo la celebraci\u00f3n del evento, estamos seguros de que hubi\u00e9ramos podido ofrecer la m\u00e1xima calidad y seguridad a todos los asistentes\u201d.<\/p><p>Sin embargo, dado el alcance imprevisible, inevitable y global del Coronavirus, Easyfairs ha decidido posponer Empack y Logistics &amp; Automation para el pr\u00f3ximo a\u00f1o, con el fin de asegurar la m\u00e1xima calidad y \u00e9xito del evento y ofrecer un entorno m\u00e1s confortable en el que toda la comunidad pueda centrarse en la generaci\u00f3n de negocio y contactos. Con esta medida Easyfairs reafirma su compromiso de garantizar a la industria una oportunidad pr\u00f3xima para reunirse y reavivar las relaciones comerciales, en un momento del a\u00f1o, la primavera, propicio para la toma de decisiones en t\u00e9rminos presupuestarios, de planificaci\u00f3n y de inversi\u00f3n por parte de las empresas compradoras.<\/p><p>Empack y Logistics &amp; Automation han puesto adem\u00e1s en marcha una serie de seminarios web gratuitos que se desarrollar\u00e1n durante todo el a\u00f1o, para mantener informada a la industria y ofrecer formaci\u00f3n e inspiraci\u00f3n en un a\u00f1o en el que se enfrenta a nuevos desaf\u00edos, y con los que adem\u00e1s permitir\u00e1 al sector estar en contacto y al d\u00eda de los \u00faltimos avances en el periodo previo a la celebraci\u00f3n de la feria en abril de 2021.<\/p><p>Barranco ha recalcado que \u201ceste 2020 est\u00e1 siendo un a\u00f1o muy inusual: la pandemia del Covid-19 ha tenido un gran impacto en la vida de todos, y en concreto en nuestra industria de ferias y congresos y en su capacidad para congregar a multitud de personas en torno a un evento. Aunque actualmente estamos en tiempos desafiantes, los meses vividos no solo han puesto de manifiesto el potencial del mundo digital, sino tambi\u00e9n el verdadero valor que los seres humanos le dan al hecho de conocerse e interactuar en persona. Esto nos brinda una oportunidad para revitalizar nuestra oferta y activar otros canales a trav\u00e9s de una mayor presencia digital, e incluso h\u00edbrida.<\/p><p>\u201cLa decisi\u00f3n de posponer la edici\u00f3n 2020 se ha tomado en consulta con nuestros expositores, visitantes y socios, teniendo en cuenta sus comentarios y requisitos, as\u00ed como las circunstancias actuales que rodean la pandemia en Madrid. Nuestra m\u00e1xima prioridad es la salud, la seguridad y el bienestar de nuestros expositores, visitantes y personal, y me gustar\u00eda ante todo agradecerles a todos ellos y a la industria del packaging y la log\u00edstica en general su continuo apoyo y compromiso con el evento.<\/p><p>\u201cLos eventos definitivamente jugar\u00e1n un papel muy importante en la recuperaci\u00f3n econ\u00f3mica y que todo el equipo est\u00e1 trabajando duro para dar forma a una edici\u00f3n excepcional en abril de 2021, llena de contenido de alta calidad y oportunidades comerciales\u201d.<\/p><p>Empack y Logistics &amp; Automation anunciar\u00e1n su programaci\u00f3n de eventos digitales en las pr\u00f3ximas semanas. \u00a0Para m\u00e1s informaci\u00f3n sobre los eventos digitales y sobre Empack y Logistics &amp; Automation, visite <a href=\"http:\/\/www.empackmadrid.com\">www.empackmadrid.com<\/a> \/ <a href=\"http:\/\/www.logisticsmadrid.com\">www.logisticsmadrid.com<\/a> o env\u00ede un correo electr\u00f3nico a <a href=\"mailto:XXX@easyfairs.com\">madrid@easyfairs.com<\/a>.<\/p><p><strong>Empack and Logistics &amp; Automation Madrid<\/strong><\/p><p>Empack y Logistics &amp; Automation es el evento anual de referencia en Espa\u00f1a para los sectores del envase y la log\u00edstica. Con m\u00e1s de una d\u00e9cada de trayectoria son punto de encuentro para los profesionales de la industria y el espacio id\u00f3neo para generar networking, negocios y ampliar conocimientos en torno a las \u00faltimas tendencias en packaging, embalaje, etiquetado, PLV, intralog\u00edstica, almacenaje, automatizaci\u00f3n y rob\u00f3tica.<\/p><p><strong>Sobre Easyfairs<\/strong><\/p><p>Easyfairs organiza y acoge eventos en vivo, uniendo a las comunidades para<br \/>visitar el futuro.<\/p><p>Actualmente, la empresa organiza 200 eventos en 14 pa\u00edses (Argelia, B\u00e9lgica,<br \/>Dinamarca, Finlandia, Francia, Alemania, Italia, Pa\u00edses Bajos, Noruega,<br \/>Portugal, Espa\u00f1a, Suecia, Suiza y Reino Unido) y gestiona 10 recintos feriales<br \/>en B\u00e9lgica, Pa\u00edses Bajos y Suecia (Amberes, Gante, Malinas-Bruselas Norte,<br \/>Namur, Gorinchem, Hardenberg, Venray, Gotemburgo, Malm\u00f6 y Estocolmo). Easyfairs<br \/>emplea a m\u00e1s de 750 personas y en su ejercicio 2018-2019 gener\u00f3 unos ingresos<br \/>superiores a los 166 millones de euros.<\/p><p>Gracias a un equipo de personas comprometidas, a la implementaci\u00f3n de las<br \/>mejores herramientas de marketing y tecnolog\u00eda y al desarrollo de marcas<br \/>s\u00f3lidas, Easyfairs destaca por su continuado esfuerzo en ser el actor m\u00e1s \u00e1gil<br \/>y eficaz en la industria de los eventos.<\/p><p>En 2018, fue nombrada mejor empresa de a\u00f1o en B\u00e9lgica y obtuvo el reconocimiento<br \/>como \u201cGreat Place to work\u201d y \u201cBest Managed Company\u201d por Deloitte. Por segundo<br \/>a\u00f1o consecutivo, Deloitte ha otorgado el estatus de \u201cBest Managed Company\u201d a<br \/>Easyfairs en 2020. Actualmente la empresa ocupa el puesto 17 en la lista de las<br \/>principales empresas de eventos del mundo.<\/p><p>Visite el futuro con Easyfairs y obtenga m\u00e1s informaci\u00f3n en <span lang=\"EN-GB\"><a href=\"http:\/\/www.easyfairsgroup.com\"><span lang=\"ES\">www.easyfairsgroup.com<\/span><\/a><\/span>.<\/p><p><strong>Para m\u00e1s informaci\u00f3n, por favor contacte:<\/strong><\/p><p>Mariana Castell<\/p><p>Marketing Manager, Easyfairs Iberia<\/p><p><a href=\"mailto:mariana.castell@easyfairs.com\">mariana.castell@easyfairs.com<\/a><\/p>\t\t\t\t\t\t\t\t<\/div>\n\t\t\t\t<\/div>\n\t\t\t\t\t<\/div>\n\t\t<\/div>\n\t\t\t\t\t<\/div>\n\t\t<\/section>\n\t\t\t\t<section class=\"elementor-section elementor-inner-section elementor-element elementor-element-f6c8b4d elementor-section-boxed elementor-section-height-default elementor-section-height-default\" data-id=\"f6c8b4d\" data-element_type=\"section\" data-settings=\"{&quot;background_background&quot;:&quot;classic&quot;}\">\n\t\t\t\t\t\t<div class=\"elementor-container elementor-column-gap-wide\">\n\t\t\t\t\t<div class=\"elementor-column elementor-col-100 elementor-inner-column elementor-element elementor-element-9cd4fac\" data-id=\"9cd4fac\" data-element_type=\"column\" data-settings=\"{&quot;background_background&quot;:&quot;classic&quot;}\">\n\t\t\t<div class=\"elementor-widget-wrap elementor-element-populated\">\n\t\t\t\t\t\t<div class=\"elementor-element elementor-element-f8d1a92 elementor-widget elementor-widget-heading\" data-id=\"f8d1a92\" data-element_type=\"widget\" data-widget_type=\"heading.default\">\n\t\t\t\t<div class=\"elementor-widget-container\">\n\t\t\t\t\t<p class=\"elementor-heading-title elementor-size-default\">Compartir<\/p>\t\t\t\t<\/div>\n\t\t\t\t<\/div>\n\t\t\t\t<div class=\"elementor-element elementor-element-7b321a3 elementor-share-buttons--view-icon elementor-share-buttons--shape-circle elementor-share-buttons--color-custom elementor-share-buttons--skin-minimal elementor-grid-0 elementor-widget elementor-widget-share-buttons\" data-id=\"7b321a3\" data-element_type=\"widget\" data-widget_type=\"share-buttons.default\">\n\t\t\t\t<div class=\"elementor-widget-container\">\n\t\t\t\t\t\t\t<div class=\"elementor-grid\" role=\"list\">\n\t\t\t\t\t\t\t\t<div class=\"elementor-grid-item\" role=\"listitem\">\n\t\t\t\t\t\t<div class=\"elementor-share-btn elementor-share-btn_email\" role=\"button\" tabindex=\"0\" aria-label=\"Share on email\">\n\t\t\t\t\t\t\t\t\t\t\t\t\t\t\t<span class=\"elementor-share-btn__icon\">\n\t\t\t\t\t\t\t\t<i class=\"fas fa-envelope\" aria-hidden=\"true\"><\/i>\t\t\t\t\t\t\t<\/span>\n\t\t\t\t\t\t\t\t\t\t\t\t\t\t\t\t\t\t\t\t<\/div>\n\t\t\t\t\t<\/div>\n\t\t\t\t\t\t\t\t\t<div class=\"elementor-grid-item\" role=\"listitem\">\n\t\t\t\t\t\t<div class=\"elementor-share-btn elementor-share-btn_twitter\" role=\"button\" tabindex=\"0\" aria-label=\"Share on twitter\">\n\t\t\t\t\t\t\t\t\t\t\t\t\t\t\t<span class=\"elementor-share-btn__icon\">\n\t\t\t\t\t\t\t\t<i class=\"fab fa-twitter\" aria-hidden=\"true\"><\/i>\t\t\t\t\t\t\t<\/span>\n\t\t\t\t\t\t\t\t\t\t\t\t\t\t\t\t\t\t\t\t<\/div>\n\t\t\t\t\t<\/div>\n\t\t\t\t\t\t\t\t\t<div class=\"elementor-grid-item\" role=\"listitem\">\n\t\t\t\t\t\t<div class=\"elementor-share-btn elementor-share-btn_linkedin\" role=\"button\" tabindex=\"0\" aria-label=\"Share on linkedin\">\n\t\t\t\t\t\t\t\t\t\t\t\t\t\t\t<span class=\"elementor-share-btn__icon\">\n\t\t\t\t\t\t\t\t<i class=\"fab fa-linkedin\" aria-hidden=\"true\"><\/i>\t\t\t\t\t\t\t<\/span>\n\t\t\t\t\t\t\t\t\t\t\t\t\t\t\t\t\t\t\t\t<\/div>\n\t\t\t\t\t<\/div>\n\t\t\t\t\t\t<\/div>\n\t\t\t\t\t\t<\/div>\n\t\t\t\t<\/div>\n\t\t\t\t\t<\/div>\n\t\t<\/div>\n\t\t\t\t\t<\/div>\n\t\t<\/section>\n\t\t\t\t\t<\/div>\n\t\t<\/div>\n\t\t\t\t\t<\/div>\n\t\t<\/section>\n\t\t\t\t<\/div>\n\t\t","protected":false},"excerpt":{"rendered":"<p>Madrid, 8 de octubre 2020 &#8211; Easyfairs Iberia, empresa organizadora de la feria anual de referencia en Espa\u00f1a para los sectores del envase y la log\u00edstica, la cual estaba previsto celebrar en IFEMA los d\u00edas 25 &amp; 26 de noviembre de 2020, ha anunciado hoy que el evento se pospondr\u00e1 al 21 &amp; 22 de [&hellip;]<\/p>\n","protected":false},"author":85,"featured_media":0,"comment_status":"open","ping_status":"open","sticky":false,"template":"elementor_header_footer","format":"standard","meta":{"_seopress_robots_primary_cat":"none","_seopress_titles_title":"","_seopress_titles_desc":"","_seopress_robots_index":"","footnotes":""},"categories":[331],"tags":[340,339,334,341,336,335,338,337],"edition":[],"class_list":["post-10329","post","type-post","status-publish","format-standard","hentry","category-notas-de-prensa","tag-340","tag-abril","tag-abril-2021","tag-aplazamiento","tag-empack","tag-empack-y-logistics-automation-madrid","tag-logistics-automation","tag-madrid"],"_links":{"self":[{"href":"https:\/\/www.empackmadrid.com\/es\/wp-json\/wp\/v2\/posts\/10329","targetHints":{"allow":["GET"]}}],"collection":[{"href":"https:\/\/www.empackmadrid.com\/es\/wp-json\/wp\/v2\/posts"}],"about":[{"href":"https:\/\/www.empackmadrid.com\/es\/wp-json\/wp\/v2\/types\/post"}],"author":[{"embeddable":true,"href":"https:\/\/www.empackmadrid.com\/es\/wp-json\/wp\/v2\/users\/85"}],"replies":[{"embeddable":true,"href":"https:\/\/www.empackmadrid.com\/es\/wp-json\/wp\/v2\/comments?post=10329"}],"version-history":[{"count":0,"href":"https:\/\/www.empackmadrid.com\/es\/wp-json\/wp\/v2\/posts\/10329\/revisions"}],"wp:attachment":[{"href":"https:\/\/www.empackmadrid.com\/es\/wp-json\/wp\/v2\/media?parent=10329"}],"wp:term":[{"taxonomy":"category","embeddable":true,"href":"https:\/\/www.empackmadrid.com\/es\/wp-json\/wp\/v2\/categories?post=10329"},{"taxonomy":"post_tag","embeddable":true,"href":"https:\/\/www.empackmadrid.com\/es\/wp-json\/wp\/v2\/tags?post=10329"},{"taxonomy":"edition","embeddable":true,"href":"https:\/\/www.empackmadrid.com\/es\/wp-json\/wp\/v2\/edition?post=10329"}],"curies":[{"name":"wp","href":"https:\/\/api.w.org\/{rel}","templated":true}]}}