{"id":155721,"date":"2025-04-25T13:54:02","date_gmt":"2025-04-25T11:54:02","guid":{"rendered":"https:\/\/www.empackmadrid.com\/?p=155721"},"modified":"2025-04-25T13:56:11","modified_gmt":"2025-04-25T11:56:11","slug":"descubre-cual-es-el-vino-ecologico-con-la-mejor-etiqueta","status":"publish","type":"post","link":"https:\/\/www.empackmadrid.com\/es\/2025\/04\/25\/descubre-cual-es-el-vino-ecologico-con-la-mejor-etiqueta\/","title":{"rendered":"Descubre cu\u00e1l es el vino ecol\u00f3gico con la mejor etiqueta"},"content":{"rendered":"\t\t<div data-elementor-type=\"wp-post\" data-elementor-id=\"155721\" class=\"elementor elementor-155721\" data-elementor-post-type=\"post\">\n\t\t\t\t\t\t<section class=\"elementor-section elementor-top-section elementor-element elementor-element-186bb815 elementor-section-full_width elementor-section-height-default elementor-section-height-default\" data-id=\"186bb815\" data-element_type=\"section\">\n\t\t\t\t\t\t<div class=\"elementor-container elementor-column-gap-default\">\n\t\t\t\t\t<div class=\"elementor-column elementor-col-50 elementor-top-column elementor-element elementor-element-717d635b\" data-id=\"717d635b\" data-element_type=\"column\">\n\t\t\t<div class=\"elementor-widget-wrap elementor-element-populated\">\n\t\t\t\t\t\t<section class=\"elementor-section elementor-inner-section elementor-element elementor-element-4ed52ce elementor-section-boxed elementor-section-height-default elementor-section-height-default\" data-id=\"4ed52ce\" data-element_type=\"section\">\n\t\t\t\t\t\t<div class=\"elementor-container elementor-column-gap-default\">\n\t\t\t\t\t<div class=\"elementor-column elementor-col-50 elementor-inner-column elementor-element elementor-element-7507035\" data-id=\"7507035\" data-element_type=\"column\">\n\t\t\t<div class=\"elementor-widget-wrap elementor-element-populated\">\n\t\t\t\t\t\t<div class=\"elementor-element elementor-element-2aecddd elementor-invisible elementor-widget elementor-widget-heading\" data-id=\"2aecddd\" data-element_type=\"widget\" data-settings=\"{&quot;_animation&quot;:&quot;fadeInRight&quot;}\" data-widget_type=\"heading.default\">\n\t\t\t\t<div class=\"elementor-widget-container\">\n\t\t\t\t\t<h1 class=\"elementor-heading-title elementor-size-default\">Descubre cu\u00e1l es el vino ecol\u00f3gico con la mejor etiqueta<\/h1>\t\t\t\t<\/div>\n\t\t\t\t<\/div>\n\t\t\t\t\t<\/div>\n\t\t<\/div>\n\t\t\t\t<div class=\"elementor-column elementor-col-50 elementor-inner-column elementor-element elementor-element-a17c9f4\" data-id=\"a17c9f4\" data-element_type=\"column\">\n\t\t\t<div class=\"elementor-widget-wrap\">\n\t\t\t\t\t\t\t<\/div>\n\t\t<\/div>\n\t\t\t\t\t<\/div>\n\t\t<\/section>\n\t\t\t\t<div class=\"elementor-element elementor-element-60127de elementor-widget elementor-widget-text-editor\" data-id=\"60127de\" data-element_type=\"widget\" data-widget_type=\"text-editor.default\">\n\t\t\t\t<div class=\"elementor-widget-container\">\n\t\t\t\t\t\t\t\t\t<p>Una etiqueta puede decir tanto como el propio vino. En la decimosexta edici\u00f3n de los Premios Ecovino, el dise\u00f1o ha cobrado protagonismo con la incorporaci\u00f3n del nuevo galard\u00f3n al Mejor Dise\u00f1o de Etiqueta 2025. El jurado, reunido en la Escuela Superior de Dise\u00f1o de La Rioja, ha destacado una propuesta que ha sabido conjugar creatividad, emoci\u00f3n y arraigo con un concepto visual \u00fanico. El resultado: una etiqueta que plasma la labor de viticultores que elaboran vinos con los pies en la tierra y la mirada puesta en las estrellas.<\/p>\n<p>El Premio al Mejor Dise\u00f1o de Etiqueta 2025, novedad de los Premios Ecovino en su decimosexta edici\u00f3n, ha sido para&nbsp;<em>El Cosmonauta en el paraje 601<\/em>, un vino de finca ecol\u00f3gico elaborado por El Mozo Wines, un peque\u00f1o proyecto familiar enclavado en Lanciego (Rioja Alavesa).<\/p>\n<p>El jurado se reuni\u00f3 en la Escuela Superior de Dise\u00f1o de La Rioja (ESDIR) para valorar los trabajos presentados. Gracia de Prado, jefa del departamento de Dise\u00f1o de Producto y coordinadora del M\u00e1ster en Dise\u00f1o Integral de Packaging de la ESDIR, ha explicado que los criterios de evaluaci\u00f3n del dise\u00f1o se han basado en la calidad del dise\u00f1o gr\u00e1fico y estructural de la etiqueta, atendiendo a aspectos como la expresi\u00f3n de la marca y concepto, la composici\u00f3n, tipograf\u00eda, uso del color y la forma, artes gr\u00e1ficas y materiales. As\u00ed mismo, se ha valorado la originalidad, creatividad, actualidad y aspectos innovadores, teniendo en cuenta la respuesta emocional positiva en el mercado del vino ecol\u00f3gico.<\/p>\n<p>La etiqueta, de estilo envolvente, impresa en un papel natural 100% algod\u00f3n de 130 gramos y numerada a mano, ha sido dise\u00f1ada por Moruba y plasma el universo particular de estos viticultores capaces de elaborar vinos arraigados a la tierra mientras su imaginaci\u00f3n viaja por el cosmos&#8230;<\/p>\t\t\t\t\t\t\t\t<\/div>\n\t\t\t\t<\/div>\n\t\t\t\t<div class=\"elementor-element elementor-element-003c924 elementor-widget elementor-widget-image\" data-id=\"003c924\" data-element_type=\"widget\" data-widget_type=\"image.default\">\n\t\t\t\t<div class=\"elementor-widget-container\">\n\t\t\t\t\t\t\t\t\t\t\t\t\t\t\t<img fetchpriority=\"high\" decoding=\"async\" width=\"300\" height=\"300\" src=\"https:\/\/easyfairsassets.com\/sites\/199\/2025\/04\/45_el-mozo-wines-el-cosmonauta-300x300.jpg\" class=\"attachment-medium size-medium wp-image-155727\" alt=\"45_el-mozo-wines-el-cosmonauta\" srcset=\"https:\/\/easyfairsassets.com\/sites\/199\/2025\/04\/45_el-mozo-wines-el-cosmonauta-300x300.jpg 300w, https:\/\/easyfairsassets.com\/sites\/199\/2025\/04\/45_el-mozo-wines-el-cosmonauta-150x150.jpg 150w, https:\/\/easyfairsassets.com\/sites\/199\/2025\/04\/45_el-mozo-wines-el-cosmonauta.jpg 735w\" sizes=\"(max-width: 300px) 100vw, 300px\" \/>\t\t\t\t\t\t\t\t\t\t\t\t\t\t\t<\/div>\n\t\t\t\t<\/div>\n\t\t\t\t<div class=\"elementor-element elementor-element-5d79d5c elementor-widget elementor-widget-button\" data-id=\"5d79d5c\" data-element_type=\"widget\" data-widget_type=\"button.default\">\n\t\t\t\t<div class=\"elementor-widget-container\">\n\t\t\t\t\t\t\t\t\t<div class=\"elementor-button-wrapper\">\n\t\t\t\t\t<a class=\"elementor-button elementor-button-link elementor-size-sm\" href=\"https:\/\/sevi.net\/art\/22170\/descubre-cual-es-el-vino-ecologico-con-la-mejor-etiqueta\">\n\t\t\t\t\t\t<span class=\"elementor-button-content-wrapper\">\n\t\t\t\t\t\t\t\t\t<span class=\"elementor-button-text\">LEER EL ART\u00cdCULO COMPLETO<\/span>\n\t\t\t\t\t<\/span>\n\t\t\t\t\t<\/a>\n\t\t\t\t<\/div>\n\t\t\t\t\t\t\t\t<\/div>\n\t\t\t\t<\/div>\n\t\t\t\t<div class=\"elementor-element elementor-element-1acd7351 elementor-invisible elementor-widget elementor-widget-text-editor\" data-id=\"1acd7351\" data-element_type=\"widget\" data-settings=\"{&quot;_animation&quot;:&quot;fadeInRight&quot;}\" data-widget_type=\"text-editor.default\">\n\t\t\t\t<div class=\"elementor-widget-container\">\n\t\t\t\t\t\t\t\t\t<p><span style=\"vertical-align: inherit\"><span style=\"vertical-align: inherit\"><span style=\"vertical-align: inherit\"><span style=\"vertical-align: inherit\"><span style=\"vertical-align: inherit\"><span style=\"vertical-align: inherit\">Share this article<\/span><\/span><\/span><\/span><\/span><\/span><\/p>\t\t\t\t\t\t\t\t<\/div>\n\t\t\t\t<\/div>\n\t\t\t\t<div class=\"elementor-element elementor-element-e058e3b elementor-share-buttons--view-icon elementor-share-buttons--skin-flat elementor-share-buttons--shape-rounded elementor-share-buttons--color-custom elementor-grid-0 elementor-widget elementor-widget-share-buttons\" data-id=\"e058e3b\" data-element_type=\"widget\" data-widget_type=\"share-buttons.default\">\n\t\t\t\t<div class=\"elementor-widget-container\">\n\t\t\t\t\t\t\t<div class=\"elementor-grid\" role=\"list\">\n\t\t\t\t\t\t\t\t<div class=\"elementor-grid-item\" role=\"listitem\">\n\t\t\t\t\t\t<div class=\"elementor-share-btn elementor-share-btn_facebook\" role=\"button\" tabindex=\"0\" aria-label=\"Share on facebook\">\n\t\t\t\t\t\t\t\t\t\t\t\t\t\t\t<span class=\"elementor-share-btn__icon\">\n\t\t\t\t\t\t\t\t<i class=\"fab fa-facebook\" aria-hidden=\"true\"><\/i>\t\t\t\t\t\t\t<\/span>\n\t\t\t\t\t\t\t\t\t\t\t\t\t\t\t\t\t\t\t\t<\/div>\n\t\t\t\t\t<\/div>\n\t\t\t\t\t\t\t\t\t<div class=\"elementor-grid-item\" role=\"listitem\">\n\t\t\t\t\t\t<div class=\"elementor-share-btn elementor-share-btn_twitter\" role=\"button\" tabindex=\"0\" aria-label=\"Share on twitter\">\n\t\t\t\t\t\t\t\t\t\t\t\t\t\t\t<span class=\"elementor-share-btn__icon\">\n\t\t\t\t\t\t\t\t<i class=\"fab fa-twitter\" aria-hidden=\"true\"><\/i>\t\t\t\t\t\t\t<\/span>\n\t\t\t\t\t\t\t\t\t\t\t\t\t\t\t\t\t\t\t\t<\/div>\n\t\t\t\t\t<\/div>\n\t\t\t\t\t\t\t\t\t<div class=\"elementor-grid-item\" role=\"listitem\">\n\t\t\t\t\t\t<div class=\"elementor-share-btn elementor-share-btn_linkedin\" role=\"button\" tabindex=\"0\" aria-label=\"Share on linkedin\">\n\t\t\t\t\t\t\t\t\t\t\t\t\t\t\t<span class=\"elementor-share-btn__icon\">\n\t\t\t\t\t\t\t\t<i class=\"fab fa-linkedin\" aria-hidden=\"true\"><\/i>\t\t\t\t\t\t\t<\/span>\n\t\t\t\t\t\t\t\t\t\t\t\t\t\t\t\t\t\t\t\t<\/div>\n\t\t\t\t\t<\/div>\n\t\t\t\t\t\t<\/div>\n\t\t\t\t\t\t<\/div>\n\t\t\t\t<\/div>\n\t\t\t\t\t<\/div>\n\t\t<\/div>\n\t\t\t\t<div class=\"elementor-column elementor-col-50 elementor-top-column elementor-element elementor-element-42bf2a35\" data-id=\"42bf2a35\" data-element_type=\"column\">\n\t\t\t<div class=\"elementor-widget-wrap elementor-element-populated\">\n\t\t\t\t\t\t<div class=\"elementor-element elementor-element-f4979c4 elementor-hidden-desktop elementor-hidden-tablet elementor-hidden-mobile elementor-invisible elementor-widget elementor-widget-heading\" data-id=\"f4979c4\" data-element_type=\"widget\" data-settings=\"{&quot;_animation&quot;:&quot;fadeInRight&quot;}\" data-widget_type=\"heading.default\">\n\t\t\t\t<div class=\"elementor-widget-container\">\n\t\t\t\t\t<h2 class=\"elementor-heading-title elementor-size-default\">Ven a visitarnos a empack y logistics&amp;automation bilbao<\/h2>\t\t\t\t<\/div>\n\t\t\t\t<\/div>\n\t\t\t\t<div class=\"elementor-element elementor-element-681910d elementor-align-left elementor-hidden-desktop elementor-hidden-tablet elementor-hidden-mobile elementor-widget elementor-widget-global elementor-global-120611 elementor-widget-dynamic-button\" data-id=\"681910d\" data-element_type=\"widget\" data-widget_type=\"dynamic-button.default\">\n\t\t\t\t<div class=\"elementor-widget-container\">\n\t\t\t\t\t        <div class=\"elementor-button-wrapper\">\n            <a href=\"https:\/\/register.visitcloud.com\/survey\/0vn380ompp42t?actioncode=EMPB1\" target=\"_blank\" class=\"elementor-button-link elementor-button elementor-size-xs\" role=\"button\">\n                        <span class=\"elementor-button-content-wrapper\">\n\t\t\t\t\t\t<span class=\"elementor-button-text\">REG\u00cdSTRATE GRATIS EN  BILBAO<\/span>\n\t\t<\/span>\n                    <\/a>\n        <\/div>\n        \t\t\t\t<\/div>\n\t\t\t\t<\/div>\n\t\t\t\t<div class=\"elementor-element elementor-element-7714179 elementor-invisible elementor-widget elementor-widget-heading\" data-id=\"7714179\" data-element_type=\"widget\" data-settings=\"{&quot;_animation&quot;:&quot;fadeInRight&quot;}\" data-widget_type=\"heading.default\">\n\t\t\t\t<div class=\"elementor-widget-container\">\n\t\t\t\t\t<h2 class=\"elementor-heading-title elementor-size-default\">Suscr\u00edbete a nuestra newsletter<\/h2>\t\t\t\t<\/div>\n\t\t\t\t<\/div>\n\t\t\t\t<div class=\"elementor-element elementor-element-c26bbbd elementor-widget__width-inherit elementor-hidden-phone elementor-button-align-stretch elementor-widget elementor-widget-global elementor-global-125207 elementor-widget-form\" data-id=\"c26bbbd\" data-element_type=\"widget\" data-settings=\"{&quot;button_width&quot;:&quot;20&quot;,&quot;step_next_label&quot;:&quot;Next&quot;,&quot;step_previous_label&quot;:&quot;Previous&quot;,&quot;step_type&quot;:&quot;number_text&quot;,&quot;step_icon_shape&quot;:&quot;circle&quot;}\" data-widget_type=\"form.default\">\n\t\t\t\t<div class=\"elementor-widget-container\">\n\t\t\t\t\t\t\t<form class=\"elementor-form\" method=\"post\" name=\"Newsletter\" aria-label=\"Newsletter\">\n\t\t\t<input type=\"hidden\" name=\"post_id\" value=\"155721\"\/>\n\t\t\t<input type=\"hidden\" name=\"form_id\" value=\"c26bbbd\"\/>\n\t\t\t<input type=\"hidden\" name=\"referer_title\" value=\"\" \/>\n\n\t\t\t\n\t\t\t<div class=\"elementor-form-fields-wrapper elementor-labels-\">\n\t\t\t\t\t\t\t\t<div class=\"elementor-field-type-text elementor-field-group elementor-column elementor-field-group-FirstName elementor-col-100\">\n\t\t\t\t\t\t\t\t\t\t\t\t<label for=\"form-field-FirstName\" class=\"elementor-field-label elementor-screen-only\">\n\t\t\t\t\t\t\t\tNombre\t\t\t\t\t\t\t<\/label>\n\t\t\t\t\t\t\t\t\t\t\t\t\t\t<input size=\"1\" type=\"text\" name=\"form_fields[FirstName]\" id=\"form-field-FirstName\" class=\"elementor-field elementor-size-sm  elementor-field-textual\" placeholder=\"Nombre\">\n\t\t\t\t\t\t\t\t\t\t\t<\/div>\n\t\t\t\t\t\t\t\t<div class=\"elementor-field-type-text elementor-field-group elementor-column elementor-field-group-LastName elementor-col-100\">\n\t\t\t\t\t\t\t\t\t\t\t\t<label for=\"form-field-LastName\" class=\"elementor-field-label elementor-screen-only\">\n\t\t\t\t\t\t\t\tApellido\t\t\t\t\t\t\t<\/label>\n\t\t\t\t\t\t\t\t\t\t\t\t\t\t<input size=\"1\" type=\"text\" name=\"form_fields[LastName]\" id=\"form-field-LastName\" class=\"elementor-field elementor-size-sm  elementor-field-textual\" placeholder=\"Apellido\">\n\t\t\t\t\t\t\t\t\t\t\t<\/div>\n\t\t\t\t\t\t\t\t<div class=\"elementor-field-type-email elementor-field-group elementor-column elementor-field-group-Email elementor-col-100 elementor-field-required\">\n\t\t\t\t\t\t\t\t\t\t\t\t<label for=\"form-field-Email\" class=\"elementor-field-label elementor-screen-only\">\n\t\t\t\t\t\t\t\tEmail\t\t\t\t\t\t\t<\/label>\n\t\t\t\t\t\t\t\t\t\t\t\t\t\t<input size=\"1\" type=\"email\" name=\"form_fields[Email]\" id=\"form-field-Email\" class=\"elementor-field elementor-size-sm  elementor-field-textual\" placeholder=\"Email\" required=\"required\">\n\t\t\t\t\t\t\t\t\t\t\t<\/div>\n\t\t\t\t\t\t\t\t<div class=\"elementor-field-type-recaptcha_v3 elementor-field-group elementor-column elementor-field-group-field_81a6251 elementor-col-100 recaptcha_v3-inline\">\n\t\t\t\t\t<div class=\"elementor-field\" id=\"form-field-field_81a6251\"><div class=\"elementor-g-recaptcha\" data-sitekey=\"6Le35IIaAAAAAD3jT_Sfue3jxR464FxFobR3cEkm\" data-type=\"v3\" data-action=\"Form\" data-badge=\"inline\" data-size=\"invisible\"><\/div><\/div>\t\t\t\t<\/div>\n\t\t\t\t\t\t\t\t<div class=\"elementor-field-group elementor-column elementor-field-type-submit elementor-col-20 e-form__buttons\">\n\t\t\t\t\t<button class=\"elementor-button elementor-size-md\" type=\"submit\">\n\t\t\t\t\t\t<span class=\"elementor-button-content-wrapper\">\n\t\t\t\t\t\t\t\t\t\t\t\t\t\t\t\t\t\t\t\t\t\t<span class=\"elementor-button-text\">Enviar<\/span>\n\t\t\t\t\t\t\t\t\t\t\t\t\t<\/span>\n\t\t\t\t\t<\/button>\n\t\t\t\t<\/div>\n\t\t\t<\/div>\n\t\t<\/form>\n\t\t\t\t\t\t<\/div>\n\t\t\t\t<\/div>\n\t\t\t\t<div class=\"elementor-element elementor-element-e94ca32 elementor-hidden-desktop elementor-hidden-tablet elementor-hidden-phone elementor-widget elementor-widget-wp-widget-adsanity-rotating-ads\" data-id=\"e94ca32\" data-element_type=\"widget\" data-widget_type=\"wp-widget-adsanity-rotating-ads.default\">\n\t\t\t\t<div class=\"elementor-widget-container\">\n\t\t\t\t\t<div class=\"adsanity-rotating-ads ad-aligncenter\" data-ids=\"11576,11580,11574,11578\" data-timer=\"5\" data-align=\"aligncenter\" data-max-width=\"0\">\n<div id=\"ad-11576\" class=\"ad-300x250 adsanity-300x250 aligncenter adsanity-aligncenter\"\n><div class=\"adsanity-inner\">\n\n<div class=\"adsanity-gati\" data-title=\"MPU 2\"><a rel=\"nofollow\" href=\"https:\/\/www.empackmadrid.com\/es\/ads\/mpu-2\/\"  target=\"_blank\"><img decoding=\"async\" width=\"300\" height=\"250\" src=\"https:\/\/easyfairsassets.com\/sites\/199\/2020\/12\/300-x-250_Interiors.jpg\" class=\"no-lazy-load wp-post-image\" alt=\"300-x-250_Interiors\" \/><\/a><\/div>\n<\/div><\/div>\n\n<\/div>\t\t\t\t<\/div>\n\t\t\t\t<\/div>\n\t\t\t\t<div class=\"elementor-element elementor-element-496586bb elementor-widget-divider--view-line elementor-widget elementor-widget-divider\" data-id=\"496586bb\" data-element_type=\"widget\" data-widget_type=\"divider.default\">\n\t\t\t\t<div class=\"elementor-widget-container\">\n\t\t\t\t\t\t\t<div class=\"elementor-divider\">\n\t\t\t<span class=\"elementor-divider-separator\">\n\t\t\t\t\t\t<\/span>\n\t\t<\/div>\n\t\t\t\t\t\t<\/div>\n\t\t\t\t<\/div>\n\t\t\t\t<div class=\"elementor-element elementor-element-54989791 elementor-grid-1 elementor-posts--thumbnail-none elementor-grid-tablet-1 elementor-grid-mobile-1 elementor-widget elementor-widget-posts\" data-id=\"54989791\" data-element_type=\"widget\" data-settings=\"{&quot;classic_columns&quot;:&quot;1&quot;,&quot;classic_row_gap&quot;:{&quot;unit&quot;:&quot;px&quot;,&quot;size&quot;:&quot;23&quot;,&quot;sizes&quot;:[]},&quot;classic_columns_tablet&quot;:&quot;1&quot;,&quot;classic_columns_mobile&quot;:&quot;1&quot;,&quot;classic_row_gap_tablet&quot;:{&quot;unit&quot;:&quot;px&quot;,&quot;size&quot;:&quot;&quot;,&quot;sizes&quot;:[]},&quot;classic_row_gap_mobile&quot;:{&quot;unit&quot;:&quot;px&quot;,&quot;size&quot;:&quot;&quot;,&quot;sizes&quot;:[]}}\" data-widget_type=\"posts.classic\">\n\t\t\t\t<div class=\"elementor-widget-container\">\n\t\t\t\t\t\t\t<div class=\"elementor-posts-container elementor-posts elementor-posts--skin-classic elementor-grid\" role=\"list\">\n\t\t\t\t<article class=\"elementor-post elementor-grid-item post-173177 post type-post status-publish format-standard has-post-thumbnail hentry category-blog category-maquinaria-y-tecnologia-de-packaging tag-roland-dg tag-tintas-multicolor tag-tintas-multicolor-dea2 tag-truevis-xp640\" role=\"listitem\">\n\t\t\t\t<div class=\"elementor-post__text\">\n\t\t\t\t<h3 class=\"elementor-post__title\">\n\t\t\t<a href=\"https:\/\/www.empackmadrid.com\/es\/2026\/04\/08\/mondi-revela-como-los-envases-de-carton-ondulado-pueden-reducir-el-desperdicio-alimentario\/\" >\n\t\t\t\tMondi revela c\u00f3mo los envases de cart\u00f3n ondulado pueden reducir el desperdicio alimentario\t\t\t<\/a>\n\t\t<\/h3>\n\t\t\t\t<div class=\"elementor-post__excerpt\">\n\t\t\t<p>Mondi ha publicado un nuevo informe t\u00e9cnico que explora c\u00f3mo\u00a0los embalajes adecuados pueden ayudar\u00a0a los productores y minoristas de alimentos\u00a0a proteger la calidad del producto<\/p>\n\t\t<\/div>\n\t\t\n\t\t<a class=\"elementor-post__read-more\" href=\"https:\/\/www.empackmadrid.com\/es\/2026\/04\/08\/mondi-revela-como-los-envases-de-carton-ondulado-pueden-reducir-el-desperdicio-alimentario\/\" aria-label=\"Read more about Mondi revela c\u00f3mo los envases de cart\u00f3n ondulado pueden reducir el desperdicio alimentario\" tabindex=\"-1\" >\n\t\t\tRead More \u00bb\t\t<\/a>\n\n\t\t\t\t<\/div>\n\t\t\t\t<\/article>\n\t\t\t\t<article class=\"elementor-post elementor-grid-item post-173167 post type-post status-publish format-standard has-post-thumbnail hentry category-blog category-maquinaria-y-tecnologia-de-packaging tag-roland-dg tag-tintas-multicolor tag-tintas-multicolor-dea2 tag-truevis-xp640\" role=\"listitem\">\n\t\t\t\t<div class=\"elementor-post__text\">\n\t\t\t\t<h3 class=\"elementor-post__title\">\n\t\t\t<a href=\"https:\/\/www.empackmadrid.com\/es\/2026\/04\/08\/itene-desarrolla-adhesivos-sostenibles-biobasados-para-packaging-y-calzado-con-menor-impacto-ambiental\/\" >\n\t\t\t\tITENE desarrolla adhesivos sostenibles biobasados para packaging y calzado con menor impacto ambiental\t\t\t<\/a>\n\t\t<\/h3>\n\t\t\t\t<div class=\"elementor-post__excerpt\">\n\t\t\t<p>ITENE desarrolla\u00a0adhesivos sostenibles biobasados para packaging y calzado\u00a0sin perder rendimiento, un avance que marca un punto de inflexi\u00f3n en la industria de los materiales al<\/p>\n\t\t<\/div>\n\t\t\n\t\t<a class=\"elementor-post__read-more\" href=\"https:\/\/www.empackmadrid.com\/es\/2026\/04\/08\/itene-desarrolla-adhesivos-sostenibles-biobasados-para-packaging-y-calzado-con-menor-impacto-ambiental\/\" aria-label=\"Read more about ITENE desarrolla adhesivos sostenibles biobasados para packaging y calzado con menor impacto ambiental\" tabindex=\"-1\" >\n\t\t\tRead More \u00bb\t\t<\/a>\n\n\t\t\t\t<\/div>\n\t\t\t\t<\/article>\n\t\t\t\t<article class=\"elementor-post elementor-grid-item post-173153 post type-post status-publish format-standard has-post-thumbnail hentry category-alimentacion-y-bebidas category-blog category-diseno-de-packaging category-ecommerce-sostenibilidad-retail tag-actualidad tag-envases tag-normativa tag-packaging tag-regulacion-2\" role=\"listitem\">\n\t\t\t\t<div class=\"elementor-post__text\">\n\t\t\t\t<h3 class=\"elementor-post__title\">\n\t\t\t<a href=\"https:\/\/www.empackmadrid.com\/es\/2026\/04\/08\/pack-talks-la-sostenibilidad-como-motor-de-innovacion-de-tendencia-a-commoditie\/\" >\n\t\t\t\tPack Talks: La Sostenibilidad como Motor de Innovaci\u00f3n: De Tendencia a Commoditie\t\t\t<\/a>\n\t\t<\/h3>\n\t\t\t\t<div class=\"elementor-post__excerpt\">\n\t\t\t<p>En colaboraci\u00f3n con Empack, la feria l\u00edder de packaging en Madrid, lanzamos PackTalks, un nuevo espacio dedicado a explorar el fascinante mundo del packaging. Y<\/p>\n\t\t<\/div>\n\t\t\n\t\t<a class=\"elementor-post__read-more\" href=\"https:\/\/www.empackmadrid.com\/es\/2026\/04\/08\/pack-talks-la-sostenibilidad-como-motor-de-innovacion-de-tendencia-a-commoditie\/\" aria-label=\"Read more about Pack Talks: La Sostenibilidad como Motor de Innovaci\u00f3n: De Tendencia a Commoditie\" tabindex=\"-1\" >\n\t\t\tRead More \u00bb\t\t<\/a>\n\n\t\t\t\t<\/div>\n\t\t\t\t<\/article>\n\t\t\t\t<article class=\"elementor-post elementor-grid-item post-173137 post type-post status-publish format-standard has-post-thumbnail hentry category-blog category-un-cafe-con tag-bolton-food tag-catalina-cortizo tag-entrevista tag-quality-packaging-supervisor tag-un-cafe-con\" role=\"listitem\">\n\t\t\t\t<div class=\"elementor-post__text\">\n\t\t\t\t<h3 class=\"elementor-post__title\">\n\t\t\t<a href=\"https:\/\/www.empackmadrid.com\/es\/2026\/04\/08\/un-cafe-con-catalina-cortizo-quality-packaging-supervisor-en-bolton-food\/\" >\n\t\t\t\tUn caf\u00e9 con Catalina Cortizo, Quality Packaging Supervisor en Bolton Food\t\t\t<\/a>\n\t\t<\/h3>\n\t\t\t\t<div class=\"elementor-post__excerpt\">\n\t\t\t<p>Empack: Catalina, cu\u00e9ntanos un poco tu experiencia en Bolton Food y c\u00f3mo es tu d\u00eda a d\u00eda dentro de la empresa. Catalina: Mi experiencia en<\/p>\n\t\t<\/div>\n\t\t\n\t\t<a class=\"elementor-post__read-more\" href=\"https:\/\/www.empackmadrid.com\/es\/2026\/04\/08\/un-cafe-con-catalina-cortizo-quality-packaging-supervisor-en-bolton-food\/\" aria-label=\"Read more about Un caf\u00e9 con Catalina Cortizo, Quality Packaging Supervisor en Bolton Food\" tabindex=\"-1\" >\n\t\t\tRead More \u00bb\t\t<\/a>\n\n\t\t\t\t<\/div>\n\t\t\t\t<\/article>\n\t\t\t\t<\/div>\n\t\t\n\t\t\t\t\t\t<\/div>\n\t\t\t\t<\/div>\n\t\t\t\t<div class=\"elementor-element elementor-element-cf4f095 elementor-hidden-desktop elementor-hidden-tablet elementor-hidden-phone elementor-widget elementor-widget-wp-widget-adsanity-rotating-ads\" data-id=\"cf4f095\" data-element_type=\"widget\" data-widget_type=\"wp-widget-adsanity-rotating-ads.default\">\n\t\t\t\t<div class=\"elementor-widget-container\">\n\t\t\t\t\t<div class=\"adsanity-rotating-ads ad-aligncenter\" data-ids=\"11574,11578,11576,11580\" data-timer=\"5\" data-align=\"aligncenter\" data-max-width=\"0\">\n<div id=\"ad-11574\" class=\"ad-300x250 adsanity-300x250 aligncenter adsanity-aligncenter\"\n><div class=\"adsanity-inner\">\n\n<div class=\"adsanity-gati\" data-title=\"MPU 1\"><a rel=\"nofollow\" href=\"https:\/\/www.empackmadrid.com\/es\/ads\/mpu-1\/\" ><img decoding=\"async\" width=\"300\" height=\"250\" src=\"https:\/\/easyfairsassets.com\/sites\/199\/2020\/12\/300-x-250_Risk.jpg\" class=\"no-lazy-load wp-post-image\" alt=\"300-x-250_Risk\" \/><\/a><\/div>\n<\/div><\/div>\n\n<\/div>\t\t\t\t<\/div>\n\t\t\t\t<\/div>\n\t\t\t\t<div class=\"elementor-element elementor-element-32229c2 elementor-hidden-desktop elementor-hidden-tablet elementor-hidden-phone elementor-widget elementor-widget-wp-widget-adsanity-rotating-ads\" data-id=\"32229c2\" data-element_type=\"widget\" data-widget_type=\"wp-widget-adsanity-rotating-ads.default\">\n\t\t\t\t<div class=\"elementor-widget-container\">\n\t\t\t\t\t<div class=\"adsanity-rotating-ads ad-aligncenter\" data-ids=\"11580,11574,11578,11576\" data-timer=\"5\" data-align=\"aligncenter\" data-max-width=\"0\">\n<div id=\"ad-11580\" class=\"ad-300x250 adsanity-300x250 aligncenter adsanity-aligncenter\"\n><div class=\"adsanity-inner\">\n\n<div class=\"adsanity-gati\" data-title=\"MPU 4\"><a rel=\"nofollow\" href=\"https:\/\/www.empackmadrid.com\/es\/ads\/mpu-4\/\"  target=\"_blank\"><img loading=\"lazy\" decoding=\"async\" width=\"300\" height=\"250\" src=\"https:\/\/easyfairsassets.com\/sites\/199\/2020\/12\/300-x-250_Edoc.jpg\" class=\"no-lazy-load wp-post-image\" alt=\"P16084 edoc MPU 300x250\" \/><\/a><\/div>\n<\/div><\/div>\n\n<\/div>\t\t\t\t<\/div>\n\t\t\t\t<\/div>\n\t\t\t\t\t<\/div>\n\t\t<\/div>\n\t\t\t\t\t<\/div>\n\t\t<\/section>\n\t\t\t\t<\/div>\n\t\t","protected":false},"excerpt":{"rendered":"<p>Una etiqueta puede decir tanto como el propio vino. En la decimosexta edici\u00f3n de los Premios Ecovino, el dise\u00f1o ha cobrado protagonismo con la incorporaci\u00f3n del nuevo galard\u00f3n al Mejor Dise\u00f1o de Etiqueta 2025. El jurado, reunido en la Escuela Superior de Dise\u00f1o de La Rioja, ha destacado una propuesta que ha sabido conjugar creatividad, [&hellip;]<\/p>\n","protected":false},"author":135,"featured_media":155724,"comment_status":"closed","ping_status":"open","sticky":false,"template":"","format":"standard","meta":{"_seopress_robots_primary_cat":"none","_seopress_titles_title":"Descubre cu\u00e1l es el vino ecol\u00f3gico con la mejor etiqueta","_seopress_titles_desc":"","_seopress_robots_index":"","footnotes":""},"categories":[326,1118],"tags":[1398,2680,2420,2681,445,577,1504],"edition":[],"class_list":["post-155721","post","type-post","status-publish","format-standard","has-post-thumbnail","hentry","category-blog","category-diseno-de-packaging","tag-diseno","tag-diseno-de-etiqueta-2","tag-etiqueta","tag-etiqueta-de-vino","tag-packaging","tag-sostenibilidad","tag-vino"],"_links":{"self":[{"href":"https:\/\/www.empackmadrid.com\/es\/wp-json\/wp\/v2\/posts\/155721","targetHints":{"allow":["GET"]}}],"collection":[{"href":"https:\/\/www.empackmadrid.com\/es\/wp-json\/wp\/v2\/posts"}],"about":[{"href":"https:\/\/www.empackmadrid.com\/es\/wp-json\/wp\/v2\/types\/post"}],"author":[{"embeddable":true,"href":"https:\/\/www.empackmadrid.com\/es\/wp-json\/wp\/v2\/users\/135"}],"replies":[{"embeddable":true,"href":"https:\/\/www.empackmadrid.com\/es\/wp-json\/wp\/v2\/comments?post=155721"}],"version-history":[{"count":5,"href":"https:\/\/www.empackmadrid.com\/es\/wp-json\/wp\/v2\/posts\/155721\/revisions"}],"predecessor-version":[{"id":155736,"href":"https:\/\/www.empackmadrid.com\/es\/wp-json\/wp\/v2\/posts\/155721\/revisions\/155736"}],"wp:featuredmedia":[{"embeddable":true,"href":"https:\/\/www.empackmadrid.com\/es\/wp-json\/wp\/v2\/media\/155724"}],"wp:attachment":[{"href":"https:\/\/www.empackmadrid.com\/es\/wp-json\/wp\/v2\/media?parent=155721"}],"wp:term":[{"taxonomy":"category","embeddable":true,"href":"https:\/\/www.empackmadrid.com\/es\/wp-json\/wp\/v2\/categories?post=155721"},{"taxonomy":"post_tag","embeddable":true,"href":"https:\/\/www.empackmadrid.com\/es\/wp-json\/wp\/v2\/tags?post=155721"},{"taxonomy":"edition","embeddable":true,"href":"https:\/\/www.empackmadrid.com\/es\/wp-json\/wp\/v2\/edition?post=155721"}],"curies":[{"name":"wp","href":"https:\/\/api.w.org\/{rel}","templated":true}]}}