{"id":159059,"date":"2025-05-21T09:53:34","date_gmt":"2025-05-21T07:53:34","guid":{"rendered":"https:\/\/www.empackmadrid.com\/?p=159059"},"modified":"2025-05-21T10:11:01","modified_gmt":"2025-05-21T08:11:01","slug":"empack-logistics-automation-y-logistic-industrial-build-abren-el-periodo-de-registro-consolidandose-como-encuentros-clave-y-continuando-su-crecimiento-ano-tras-ano","status":"publish","type":"post","link":"https:\/\/www.empackmadrid.com\/es\/2025\/05\/21\/empack-logistics-automation-y-logistic-industrial-build-abren-el-periodo-de-registro-consolidandose-como-encuentros-clave-y-continuando-su-crecimiento-ano-tras-ano\/","title":{"rendered":"Empack, Logistics &#038; Automation y Logistic &#038; Industrial Build abren el periodo de registro, consolid\u00e1ndose como encuentros clave y continuando su crecimiento a\u00f1o tras a\u00f1o"},"content":{"rendered":"\t\t<div data-elementor-type=\"wp-post\" data-elementor-id=\"159059\" class=\"elementor elementor-159059\" data-elementor-post-type=\"post\">\n\t\t\t\t\t\t<section class=\"elementor-section elementor-top-section elementor-element elementor-element-186bb815 elementor-section-full_width elementor-section-height-default elementor-section-height-default\" data-id=\"186bb815\" data-element_type=\"section\">\n\t\t\t\t\t\t<div class=\"elementor-container elementor-column-gap-default\">\n\t\t\t\t\t<div class=\"elementor-column elementor-col-50 elementor-top-column elementor-element elementor-element-717d635b\" data-id=\"717d635b\" data-element_type=\"column\">\n\t\t\t<div class=\"elementor-widget-wrap elementor-element-populated\">\n\t\t\t\t\t\t<div class=\"elementor-element elementor-element-2aecddd elementor-invisible elementor-widget elementor-widget-heading\" data-id=\"2aecddd\" data-element_type=\"widget\" data-settings=\"{&quot;_animation&quot;:&quot;fadeInRight&quot;}\" data-widget_type=\"heading.default\">\n\t\t\t\t<div class=\"elementor-widget-container\">\n\t\t\t\t\t<h1 class=\"elementor-heading-title elementor-size-default\">Empack, Logistics &#038; Automation y Logistic &#038; Industrial Build abren el periodo de registro, consolid\u00e1ndose como encuentros clave y continuando su crecimiento a\u00f1o tras a\u00f1o<\/h1>\t\t\t\t<\/div>\n\t\t\t\t<\/div>\n\t\t\t\t<div class=\"elementor-element elementor-element-e0eff76 elementor-widget elementor-widget-text-editor\" data-id=\"e0eff76\" data-element_type=\"widget\" data-widget_type=\"text-editor.default\">\n\t\t\t\t<div class=\"elementor-widget-container\">\n\t\t\t\t\t\t\t\t\t<ul><li data-leveltext=\"\uf0b7\" data-font=\"Symbol\" data-listid=\"1\" data-list-defn-props=\"{&quot;335552541&quot;:1,&quot;335559685&quot;:720,&quot;335559991&quot;:360,&quot;469769226&quot;:&quot;Symbol&quot;,&quot;469769242&quot;:[8226],&quot;469777803&quot;:&quot;left&quot;,&quot;469777804&quot;:&quot;\uf0b7&quot;,&quot;469777815&quot;:&quot;hybridMultilevel&quot;}\" aria-setsize=\"-1\" data-aria-posinset=\"1\" data-aria-level=\"1\"><b><span data-contrast=\"auto\">Logistics &amp; Automation incorpora como novedad este a\u00f1o experiencias inmersivas y \u00e1reas dedicadas a la inteligencia artificial y la realidad virtual.<\/span><\/b><\/li><li data-leveltext=\"\uf0b7\" data-font=\"Symbol\" data-listid=\"1\" data-list-defn-props=\"{&quot;335552541&quot;:1,&quot;335559685&quot;:720,&quot;335559991&quot;:360,&quot;469769226&quot;:&quot;Symbol&quot;,&quot;469769242&quot;:[8226],&quot;469777803&quot;:&quot;left&quot;,&quot;469777804&quot;:&quot;\uf0b7&quot;,&quot;469777815&quot;:&quot;hybridMultilevel&quot;}\" aria-setsize=\"-1\" data-aria-posinset=\"2\" data-aria-level=\"1\"><b><span data-contrast=\"auto\">En su segunda edici\u00f3n, Logistic &amp; Industrial Build espera un crecimiento del 50% en el espacio expositivo e incorporaci\u00f3n de nuevas empresas.<\/span><\/b><\/li><li data-leveltext=\"\uf0b7\" data-font=\"Symbol\" data-listid=\"1\" data-list-defn-props=\"{&quot;335552541&quot;:1,&quot;335559685&quot;:720,&quot;335559991&quot;:360,&quot;469769226&quot;:&quot;Symbol&quot;,&quot;469769242&quot;:[8226],&quot;469777803&quot;:&quot;left&quot;,&quot;469777804&quot;:&quot;\uf0b7&quot;,&quot;469777815&quot;:&quot;hybridMultilevel&quot;}\" aria-setsize=\"-1\" data-aria-posinset=\"3\" data-aria-level=\"1\"><b><span data-contrast=\"auto\">Empack apostar\u00e1 por II a\u00f1o consecutivo por darle protagonismo al dise\u00f1o de packaging mediante la renovada \u201cIsla del dise\u00f1o\u201d<\/span><\/b><span data-ccp-props=\"{&quot;201341983&quot;:0,&quot;335551550&quot;:6,&quot;335551620&quot;:6,&quot;335559740&quot;:276}\">\u00a0<\/span><\/li><\/ul>\t\t\t\t\t\t\t\t<\/div>\n\t\t\t\t<\/div>\n\t\t\t\t<div class=\"elementor-element elementor-element-2e526cb elementor-widget elementor-widget-image\" data-id=\"2e526cb\" data-element_type=\"widget\" data-widget_type=\"image.default\">\n\t\t\t\t<div class=\"elementor-widget-container\">\n\t\t\t\t\t\t\t\t\t\t\t\t\t\t\t<img fetchpriority=\"high\" decoding=\"async\" width=\"768\" height=\"512\" src=\"https:\/\/easyfairsassets.com\/sites\/199\/2025\/05\/General-empack-logistics-540-768x512.jpg\" class=\"attachment-medium_large size-medium_large wp-image-158113\" alt=\"General-empack-logistics-540\" srcset=\"https:\/\/easyfairsassets.com\/sites\/199\/2025\/05\/General-empack-logistics-540-768x512.jpg 768w, https:\/\/easyfairsassets.com\/sites\/199\/2025\/05\/General-empack-logistics-540-300x200.jpg 300w, https:\/\/easyfairsassets.com\/sites\/199\/2025\/05\/General-empack-logistics-540-1024x683.jpg 1024w, https:\/\/easyfairsassets.com\/sites\/199\/2025\/05\/General-empack-logistics-540-1536x1024.jpg 1536w, https:\/\/easyfairsassets.com\/sites\/199\/2025\/05\/General-empack-logistics-540.jpg 1920w\" sizes=\"(max-width: 768px) 100vw, 768px\" \/>\t\t\t\t\t\t\t\t\t\t\t\t\t\t\t<\/div>\n\t\t\t\t<\/div>\n\t\t\t\t<div class=\"elementor-element elementor-element-73b166b elementor-widget elementor-widget-text-editor\" data-id=\"73b166b\" data-element_type=\"widget\" data-widget_type=\"text-editor.default\">\n\t\t\t\t<div class=\"elementor-widget-container\">\n\t\t\t\t\t\t\t\t\t<p><b><span data-contrast=\"none\">Madrid, 21 de mayo de 2025.<\/span><\/b><span data-contrast=\"auto\"> Easyfairs anuncia la apertura de registro para\u202f<\/span><b><span data-contrast=\"auto\">Empack, Logistics &amp; Automation y Logistic &amp; Industrial Build Madrid 2025<\/span><\/b><span data-contrast=\"auto\">, los eventos de referencia en innovaci\u00f3n para packaging, log\u00edstica, transporte e inmolog\u00edstica, que se celebrar\u00e1n los d\u00edas\u202f<\/span><b><span data-contrast=\"auto\">15 y 16 de octubre <\/span><\/b><span data-contrast=\"auto\">en los pabellones 8 y 10 de<\/span><b><span data-contrast=\"auto\"> IFEMA Madrid<\/span><\/b><span data-contrast=\"auto\">. La\u202f<\/span><b><span data-contrast=\"auto\">inscripci\u00f3n para los tres eventos es gratuita para profesionales y ya est\u00e1 disponible<\/span><\/b><span data-contrast=\"auto\">\u202fa trav\u00e9s de las webs oficiales: <\/span><a href=\"https:\/\/www.empackmadrid.com\/es\/?actioncode=EVER1\"><span data-contrast=\"none\">Empack Madrid<\/span><\/a><span data-contrast=\"auto\">, de <\/span><a href=\"https:\/\/www.logisticsautomationmadrid.com\/es\/?actioncode=EVER1\"><span data-contrast=\"none\">Logistics &amp; Automation Madrid<\/span><\/a><span data-contrast=\"auto\"> o de <\/span><a href=\"https:\/\/www.logisticindustrialbuildmadrid.com\/?actioncode=EVER1\"><span data-contrast=\"none\">Logistic &amp; Industrial Build<\/span><\/a><span data-contrast=\"auto\">; con un \u00fanico registro los visitantes podr\u00e1n acceder a cualquiera de las 3 ferias.\u00a0<\/span><span data-ccp-props=\"{&quot;335551550&quot;:6,&quot;335551620&quot;:6}\">\u00a0<\/span><\/p><p><span data-contrast=\"auto\">Este a\u00f1o, los visitantes tendr\u00e1n acceso a m\u00e1s de <\/span><b><span data-contrast=\"auto\">24.000m2 de superficie expositiva<\/span><\/b><span data-contrast=\"auto\">, 1.000m2 m\u00e1s que la pasada edici\u00f3n, lo que reafirma que a\u00f1o tras a\u00f1o, estas ferias siguen creciendo y consolid\u00e1ndose como encuentros clave y de referencia para los profesionales de estos sectores. Adem\u00e1s, destacar que, a estas alturas, m\u00e1s del <\/span><b><span data-contrast=\"auto\">90% del espacio ya est\u00e1 reservado<\/span><\/b><span data-contrast=\"auto\">.<\/span><span data-ccp-props=\"{&quot;335551550&quot;:6,&quot;335551620&quot;:6}\">\u00a0<\/span><\/p><p><span data-contrast=\"auto\">Igualmente, los asistentes podr\u00e1n disfrutar de un amplio programa de contenidos, que reunir\u00e1 en <\/span><b><span data-contrast=\"auto\">7 salas de congreso<\/span><\/b><span data-contrast=\"auto\"> a m\u00e1s de <\/span><b><span data-contrast=\"auto\">200 ponentes expertos<\/span><\/b><span data-contrast=\"auto\"> en packaging, log\u00edstica, transporte y edificaci\u00f3n log\u00edstica e industrial.<\/span><span data-ccp-props=\"{&quot;335551550&quot;:6,&quot;335551620&quot;:6}\">\u00a0<\/span><\/p><p><span style=\"text-decoration: underline;\"><b>Creatividad, dise\u00f1o y tecnolog\u00eda: los ejes de esta edici\u00f3n<\/b><\/span><span data-ccp-props=\"{&quot;335551550&quot;:6,&quot;335551620&quot;:6}\">\u00a0<\/span><\/p><p><b><span data-contrast=\"auto\">Logistics &amp; Automation<\/span><\/b><span data-contrast=\"auto\"> se presenta este a\u00f1o bajo el nuevo claim \u201c<\/span><i><span data-contrast=\"auto\">El arte de la log\u00edstica<\/span><\/i><span data-contrast=\"auto\">\u201d, que impregnar\u00e1 distintos espacios y acciones especiales del evento, generando un paralelismo entre la precisi\u00f3n operativa y la sensibilidad del arte. Esta propuesta se ver\u00e1 reforzada con una nueva \u00e1rea dedicada a la Inteligencia Artificial, as\u00ed como un nuevo espacio interactivo: <\/span><b><span data-contrast=\"auto\">Inmersive Logistics Area<\/span><\/b><span data-contrast=\"auto\">, donde los asistentes podr\u00e1n explorar de forma inmersiva las \u00faltimas tecnolog\u00edas aplicadas a la log\u00edstica de la mano de dos empresas relacionadas con este sector. Adem\u00e1s, un a\u00f1o m\u00e1s, el evento acoger\u00e1 la entrega de los <\/span><b><span data-contrast=\"auto\">Premios L\u00edderes de la Log\u00edstica<\/span><\/b><span data-contrast=\"auto\">, organizados por UNO Log\u00edstica, que reconocen las mejores e innovadoras pr\u00e1cticas del sector y su contribuci\u00f3n a la competitividad empresarial.<\/span><span data-ccp-props=\"{&quot;335551550&quot;:6,&quot;335551620&quot;:6}\">\u00a0<\/span><\/p><p><span data-contrast=\"auto\">En paralelo, <\/span><b><span data-contrast=\"auto\">Empack<\/span><\/b><span data-contrast=\"auto\"> refuerza su apuesta por la creatividad y por II a\u00f1o consecutivo le da protagonismo al dise\u00f1o del packaging mediante la renovada <\/span><b><span data-contrast=\"auto\">\u201cIsla del dise\u00f1o\u201d<\/span><\/b><span data-contrast=\"auto\">, un espacio donde expertos del dise\u00f1o y el branding pueden compartir sus proyectos y colaborar con empresas que buscan soluciones innovadoras. Esta iniciativa pone en valor el packaging como herramienta estrat\u00e9gica de diferenciaci\u00f3n y como parte fundamental de la experiencia del consumidor.<\/span><span data-ccp-props=\"{&quot;335551550&quot;:6,&quot;335551620&quot;:6}\">\u00a0<\/span><\/p><p><span style=\"text-decoration: underline;\"><b>Logistics &amp; Industrial Build, punto de encuentro de la construcci\u00f3n log\u00edstica<\/b><\/span><span data-ccp-props=\"{&quot;335551550&quot;:6,&quot;335551620&quot;:6}\">\u00a0<\/span><\/p><p><span data-contrast=\"auto\">Tras el \u00e9xito de su primera edici\u00f3n en 2024, Logistic &amp; Industrial Build regresa con m\u00e1s impulso que nunca, reafirm\u00e1ndose como el \u00fanico evento en Espa\u00f1a enfocado exclusivamente en la edificaci\u00f3n log\u00edstica e industrial. Este a\u00f1o, el encuentro ampl\u00eda su espacio expositivo en un 50%, contando con la participaci\u00f3n de empresas l\u00edderes como Soprema, Luminia, Uretek y Sacine, entre otras, que se suman a un espacio dise\u00f1ado para atraer a perfiles estrat\u00e9gicos como responsables de expansi\u00f3n, asset managers, arquitectos y decisores de inversi\u00f3n. Este foro se consolida como la plataforma ideal para descubrir las \u00faltimas soluciones constructivas y tecnolog\u00edas aplicadas a naves log\u00edsticas, potenciando adem\u00e1s el networking y la colaboraci\u00f3n entre profesionales.\u00a0<\/span><span data-ccp-props=\"{&quot;335551550&quot;:6,&quot;335551620&quot;:6}\">\u00a0<\/span><\/p><p><i><span data-contrast=\"auto\">\u201cEmpack, Logistics &amp; Automation y Logistic &amp; Industrial Build volver\u00e1n a convertirse este a\u00f1o en el punto de encuentro imprescindible para los profesionales de la log\u00edstica, el transporte, el packaging y la edificaci\u00f3n industrial. En esta edici\u00f3n, damos un paso m\u00e1s con nuevas \u00e1reas tem\u00e1ticas, m\u00e1s tecnolog\u00eda, m\u00e1s espacio expositivo y una oferta de contenidos renovada, pensada para responder a los retos reales de la industria. Agradecemos profundamente la confianza de nuestros expositores, patrocinadores y colaboradores, y estamos convencidos de que esta edici\u00f3n volver\u00e1 a superar todas las expectativas\u201d<\/span><\/i><span data-contrast=\"auto\">, ha destacado Oscar Barranco, director general de Easyfairs Iberia.\u00a0\u00a0<\/span><span data-ccp-props=\"{&quot;335551550&quot;:6,&quot;335551620&quot;:6}\">\u00a0<\/span><\/p><p><span style=\"text-decoration: underline;\"><b>M\u00e1s de 11.600 visitantes \u00fanicos en 2024<\/b>\u00a0<\/span><\/p><p><span data-contrast=\"auto\">Organizadas por Easyfairs, Empack, Logistics &amp; Automation y la reci\u00e9n incorporada Logistic &amp; Industrial Build son las ferias de referencia en innovaci\u00f3n para los sectores del packaging, la log\u00edstica, el transporte y la edificaci\u00f3n industrial. La edici\u00f3n de 2024 super\u00f3 todos los registros anteriores con la asistencia de m\u00e1s de 11.600 visitantes \u00fanicos y m\u00e1s de 400 empresas expositoras, generando 41.053 interacciones comerciales.\u00a0<\/span><span data-ccp-props=\"{&quot;335551550&quot;:6,&quot;335551620&quot;:6}\">\u00a0<\/span><\/p><p><span data-contrast=\"auto\">Este crecimiento refleja la vitalidad de estas industrias y su apuesta decidida por la innovaci\u00f3n, la sostenibilidad y la transformaci\u00f3n digital. Una cita imprescindible para impulsar el networking de alto valor y descubrir las soluciones que marcar\u00e1n el futuro del sector.<\/span><span data-ccp-props=\"{&quot;201341983&quot;:0,&quot;335551550&quot;:6,&quot;335551620&quot;:6,&quot;335559740&quot;:276}\">\u00a0<\/span><\/p>\t\t\t\t\t\t\t\t<\/div>\n\t\t\t\t<\/div>\n\t\t\t\t<div class=\"elementor-element elementor-element-644bc0f elementor-widget elementor-widget-image\" data-id=\"644bc0f\" data-element_type=\"widget\" data-widget_type=\"image.default\">\n\t\t\t\t<div class=\"elementor-widget-container\">\n\t\t\t\t\t\t\t\t\t\t\t\t\t\t\t<img decoding=\"async\" width=\"768\" height=\"512\" src=\"https:\/\/easyfairsassets.com\/sites\/199\/2024\/12\/General-empack-logistics-557-768x512.jpg\" class=\"attachment-medium_large size-medium_large wp-image-145767\" alt=\"General-empack-logistics-557\" srcset=\"https:\/\/easyfairsassets.com\/sites\/199\/2024\/12\/General-empack-logistics-557-768x512.jpg 768w, https:\/\/easyfairsassets.com\/sites\/199\/2024\/12\/General-empack-logistics-557-300x200.jpg 300w, https:\/\/easyfairsassets.com\/sites\/199\/2024\/12\/General-empack-logistics-557-1024x683.jpg 1024w, https:\/\/easyfairsassets.com\/sites\/199\/2024\/12\/General-empack-logistics-557-1536x1024.jpg 1536w, https:\/\/easyfairsassets.com\/sites\/199\/2024\/12\/General-empack-logistics-557.jpg 1920w\" sizes=\"(max-width: 768px) 100vw, 768px\" \/>\t\t\t\t\t\t\t\t\t\t\t\t\t\t\t<\/div>\n\t\t\t\t<\/div>\n\t\t\t\t<div class=\"elementor-element elementor-element-dd3828e elementor-widget elementor-widget-text-editor\" data-id=\"dd3828e\" data-element_type=\"widget\" data-widget_type=\"text-editor.default\">\n\t\t\t\t<div class=\"elementor-widget-container\">\n\t\t\t\t\t\t\t\t\t<p><b><span data-contrast=\"none\">Sobre Easyfairs\u00a0<\/span><\/b><span data-ccp-props=\"{&quot;201341983&quot;:0,&quot;335551550&quot;:6,&quot;335551620&quot;:6,&quot;335559740&quot;:276}\">\u00a0<\/span><\/p><p><span data-contrast=\"auto\">Easyfairs organiza eventos siendo puntos <\/span><b><span data-contrast=\"auto\">de encuentro para las comunidades<\/span><\/b><span data-contrast=\"auto\"> que<\/span><b><span data-contrast=\"auto\"> deseen visitar el futuro.<\/span><\/b><span data-ccp-props=\"{&quot;201341983&quot;:0,&quot;335551550&quot;:6,&quot;335551620&quot;:6,&quot;335559740&quot;:276}\">\u00a0<\/span><\/p><p><span data-contrast=\"auto\">Actualmente organizamos 110 eventos presenciales en 12 pa\u00edses (Argelia, B\u00e9lgica, Finlandia, Francia, Alemania, Italia, Pa\u00edses Bajos, Portugal, Espa\u00f1a, Suecia, Suiza y Reino Unido) y gestionamos ocho recintos feriales en B\u00e9lgica, Holanda y Suecia (Amberes, Gante, Malinas-Bruselas Norte, Namur, Gorinchem, Hardenberg, Malm\u00f6 y Estocolmo).<\/span><span data-ccp-props=\"{&quot;201341983&quot;:0,&quot;335551550&quot;:6,&quot;335551620&quot;:6,&quot;335559740&quot;:276}\">\u00a0<\/span><\/p><p><span data-contrast=\"auto\">Nos apasiona \u00abfacilitar\u00bb la vida de nuestros clientes y aumentar el retorno de su inversi\u00f3n y de su tiempo a trav\u00e9s de nuestras f\u00f3rmulas integrales (all-in), tecnolog\u00eda avanzada y estrategia centrada en el cliente. <\/span><b><span data-contrast=\"auto\">Nuestra oferta digital<\/span><\/b> <b><span data-contrast=\"auto\">adem\u00e1s brinda<\/span><\/b><span data-contrast=\"auto\"> a estas comunidades excelentes oportunidades <\/span><b><span data-contrast=\"auto\">para establecer contactos de manera efectiva y hacer negocios durante<\/span><\/b><span data-contrast=\"auto\"> todo el a\u00f1o.\u00a0\u00a0<\/span><span data-ccp-props=\"{&quot;201341983&quot;:0,&quot;335551550&quot;:6,&quot;335551620&quot;:6,&quot;335559740&quot;:276}\">\u00a0<\/span><\/p><p><span data-contrast=\"auto\">El Grupo Easyfairs emplea a m\u00e1s de 800 talentos altamente comprometidos, implementa las mejores herramientas de marketing y tecnolog\u00eda y desarrolla marcas con un fuerte atractivo para nuestros stakeholders.<\/span><span data-ccp-props=\"{&quot;201341983&quot;:0,&quot;335551550&quot;:6,&quot;335551620&quot;:6,&quot;335559740&quot;:276}\">\u00a0<\/span><\/p><p><span data-contrast=\"auto\">Por sexto a\u00f1o consecutivo, en 2024, Deloitte otorg\u00f3 nuevamente a Easyfairs el estatus de \u201cBest Managed Company\u201d.<\/span><span data-ccp-props=\"{&quot;201341983&quot;:0,&quot;335551550&quot;:6,&quot;335551620&quot;:6,&quot;335559740&quot;:276}\">\u00a0<\/span><\/p><p><span data-contrast=\"auto\">Estamos orgullosos de figurar como el 11\u00ba organizador de ferias del mundo, seg\u00fan la clasificaci\u00f3n anual realizada por STAX Consulting.<\/span><span data-ccp-props=\"{&quot;201341983&quot;:0,&quot;335551550&quot;:6,&quot;335551620&quot;:6,&quot;335559740&quot;:276}\">\u00a0<\/span><\/p><p><span data-contrast=\"auto\">Visita el futuro con Easyfairs y consulta m\u00e1s informaci\u00f3n en <\/span><a href=\"http:\/\/www.easyfairsgroup.com\/\"><span data-contrast=\"none\">www.easyfairsgroup.com<\/span><\/a><span data-contrast=\"none\">.<\/span><span data-ccp-props=\"{&quot;201341983&quot;:0,&quot;335551550&quot;:6,&quot;335551620&quot;:6,&quot;335559740&quot;:276}\">\u00a0<\/span><\/p>\t\t\t\t\t\t\t\t<\/div>\n\t\t\t\t<\/div>\n\t\t\t\t<div class=\"elementor-element elementor-element-4dfdd1c elementor-hidden-desktop elementor-hidden-tablet elementor-hidden-mobile elementor-widget elementor-widget-button\" data-id=\"4dfdd1c\" data-element_type=\"widget\" data-widget_type=\"button.default\">\n\t\t\t\t<div class=\"elementor-widget-container\">\n\t\t\t\t\t\t\t\t\t<div class=\"elementor-button-wrapper\">\n\t\t\t\t\t<a class=\"elementor-button elementor-button-link elementor-size-sm\" href=\"https:\/\/www.infopack.es\/es\/noticia\/las-marcas-aumentaran-su-inversion-en-nfc-y-envases-conectados-en-los-proximos-meses\">\n\t\t\t\t\t\t<span class=\"elementor-button-content-wrapper\">\n\t\t\t\t\t\t\t\t\t<span class=\"elementor-button-text\">LEER LA NOTICIA COMPLETA<\/span>\n\t\t\t\t\t<\/span>\n\t\t\t\t\t<\/a>\n\t\t\t\t<\/div>\n\t\t\t\t\t\t\t\t<\/div>\n\t\t\t\t<\/div>\n\t\t\t\t<div class=\"elementor-element elementor-element-1acd7351 elementor-invisible elementor-widget elementor-widget-text-editor\" data-id=\"1acd7351\" data-element_type=\"widget\" data-settings=\"{&quot;_animation&quot;:&quot;fadeInRight&quot;}\" data-widget_type=\"text-editor.default\">\n\t\t\t\t<div class=\"elementor-widget-container\">\n\t\t\t\t\t\t\t\t\t<p><span style=\"vertical-align: inherit\"><span style=\"vertical-align: inherit\"><span style=\"vertical-align: inherit\"><span style=\"vertical-align: inherit\"><span style=\"vertical-align: inherit\"><span style=\"vertical-align: inherit\">Share this article<\/span><\/span><\/span><\/span><\/span><\/span><\/p>\t\t\t\t\t\t\t\t<\/div>\n\t\t\t\t<\/div>\n\t\t\t\t<div class=\"elementor-element elementor-element-e058e3b elementor-share-buttons--view-icon elementor-share-buttons--skin-flat elementor-share-buttons--shape-rounded elementor-share-buttons--color-custom elementor-grid-0 elementor-widget elementor-widget-share-buttons\" data-id=\"e058e3b\" data-element_type=\"widget\" data-widget_type=\"share-buttons.default\">\n\t\t\t\t<div class=\"elementor-widget-container\">\n\t\t\t\t\t\t\t<div class=\"elementor-grid\" role=\"list\">\n\t\t\t\t\t\t\t\t<div class=\"elementor-grid-item\" role=\"listitem\">\n\t\t\t\t\t\t<div class=\"elementor-share-btn elementor-share-btn_facebook\" role=\"button\" tabindex=\"0\" aria-label=\"Share on facebook\">\n\t\t\t\t\t\t\t\t\t\t\t\t\t\t\t<span class=\"elementor-share-btn__icon\">\n\t\t\t\t\t\t\t\t<i class=\"fab fa-facebook\" aria-hidden=\"true\"><\/i>\t\t\t\t\t\t\t<\/span>\n\t\t\t\t\t\t\t\t\t\t\t\t\t\t\t\t\t\t\t\t<\/div>\n\t\t\t\t\t<\/div>\n\t\t\t\t\t\t\t\t\t<div class=\"elementor-grid-item\" role=\"listitem\">\n\t\t\t\t\t\t<div class=\"elementor-share-btn elementor-share-btn_twitter\" role=\"button\" tabindex=\"0\" aria-label=\"Share on twitter\">\n\t\t\t\t\t\t\t\t\t\t\t\t\t\t\t<span class=\"elementor-share-btn__icon\">\n\t\t\t\t\t\t\t\t<i class=\"fab fa-twitter\" aria-hidden=\"true\"><\/i>\t\t\t\t\t\t\t<\/span>\n\t\t\t\t\t\t\t\t\t\t\t\t\t\t\t\t\t\t\t\t<\/div>\n\t\t\t\t\t<\/div>\n\t\t\t\t\t\t\t\t\t<div class=\"elementor-grid-item\" role=\"listitem\">\n\t\t\t\t\t\t<div class=\"elementor-share-btn elementor-share-btn_linkedin\" role=\"button\" tabindex=\"0\" aria-label=\"Share on linkedin\">\n\t\t\t\t\t\t\t\t\t\t\t\t\t\t\t<span class=\"elementor-share-btn__icon\">\n\t\t\t\t\t\t\t\t<i class=\"fab fa-linkedin\" aria-hidden=\"true\"><\/i>\t\t\t\t\t\t\t<\/span>\n\t\t\t\t\t\t\t\t\t\t\t\t\t\t\t\t\t\t\t\t<\/div>\n\t\t\t\t\t<\/div>\n\t\t\t\t\t\t<\/div>\n\t\t\t\t\t\t<\/div>\n\t\t\t\t<\/div>\n\t\t\t\t\t<\/div>\n\t\t<\/div>\n\t\t\t\t<div class=\"elementor-column elementor-col-50 elementor-top-column elementor-element elementor-element-42bf2a35\" data-id=\"42bf2a35\" data-element_type=\"column\">\n\t\t\t<div class=\"elementor-widget-wrap elementor-element-populated\">\n\t\t\t\t\t\t<div class=\"elementor-element elementor-element-f4979c4 elementor-hidden-desktop elementor-hidden-tablet elementor-hidden-mobile elementor-invisible elementor-widget elementor-widget-heading\" data-id=\"f4979c4\" data-element_type=\"widget\" data-settings=\"{&quot;_animation&quot;:&quot;fadeInRight&quot;}\" data-widget_type=\"heading.default\">\n\t\t\t\t<div class=\"elementor-widget-container\">\n\t\t\t\t\t<h2 class=\"elementor-heading-title elementor-size-default\">Ven a visitarnos a empack y logistics&amp;automation bilbao<\/h2>\t\t\t\t<\/div>\n\t\t\t\t<\/div>\n\t\t\t\t<div class=\"elementor-element elementor-element-681910d elementor-align-left elementor-hidden-desktop elementor-hidden-tablet elementor-hidden-mobile elementor-widget elementor-widget-global elementor-global-120611 elementor-widget-dynamic-button\" data-id=\"681910d\" data-element_type=\"widget\" data-widget_type=\"dynamic-button.default\">\n\t\t\t\t<div class=\"elementor-widget-container\">\n\t\t\t\t\t        <div class=\"elementor-button-wrapper\">\n            <a href=\"https:\/\/register.visitcloud.com\/survey\/0vn380ompp42t?actioncode=EMPB1\" target=\"_blank\" class=\"elementor-button-link elementor-button elementor-size-xs\" role=\"button\">\n                        <span class=\"elementor-button-content-wrapper\">\n\t\t\t\t\t\t<span class=\"elementor-button-text\">REG\u00cdSTRATE GRATIS EN  BILBAO<\/span>\n\t\t<\/span>\n                    <\/a>\n        <\/div>\n        \t\t\t\t<\/div>\n\t\t\t\t<\/div>\n\t\t\t\t<div class=\"elementor-element elementor-element-7714179 elementor-invisible elementor-widget elementor-widget-heading\" data-id=\"7714179\" data-element_type=\"widget\" data-settings=\"{&quot;_animation&quot;:&quot;fadeInRight&quot;}\" data-widget_type=\"heading.default\">\n\t\t\t\t<div class=\"elementor-widget-container\">\n\t\t\t\t\t<h2 class=\"elementor-heading-title elementor-size-default\">Suscr\u00edbete a nuestra newsletter<\/h2>\t\t\t\t<\/div>\n\t\t\t\t<\/div>\n\t\t\t\t<div class=\"elementor-element elementor-element-c26bbbd elementor-widget__width-inherit elementor-hidden-phone elementor-button-align-stretch elementor-widget elementor-widget-global elementor-global-125207 elementor-widget-form\" data-id=\"c26bbbd\" data-element_type=\"widget\" data-settings=\"{&quot;button_width&quot;:&quot;20&quot;,&quot;step_next_label&quot;:&quot;Next&quot;,&quot;step_previous_label&quot;:&quot;Previous&quot;,&quot;step_type&quot;:&quot;number_text&quot;,&quot;step_icon_shape&quot;:&quot;circle&quot;}\" data-widget_type=\"form.default\">\n\t\t\t\t<div class=\"elementor-widget-container\">\n\t\t\t\t\t\t\t<form class=\"elementor-form\" method=\"post\" name=\"Newsletter\" aria-label=\"Newsletter\">\n\t\t\t<input type=\"hidden\" name=\"post_id\" value=\"159059\"\/>\n\t\t\t<input type=\"hidden\" name=\"form_id\" value=\"c26bbbd\"\/>\n\t\t\t<input type=\"hidden\" name=\"referer_title\" value=\"\" \/>\n\n\t\t\t\n\t\t\t<div class=\"elementor-form-fields-wrapper elementor-labels-\">\n\t\t\t\t\t\t\t\t<div class=\"elementor-field-type-text elementor-field-group elementor-column elementor-field-group-FirstName elementor-col-100\">\n\t\t\t\t\t\t\t\t\t\t\t\t<label for=\"form-field-FirstName\" class=\"elementor-field-label elementor-screen-only\">\n\t\t\t\t\t\t\t\tNombre\t\t\t\t\t\t\t<\/label>\n\t\t\t\t\t\t\t\t\t\t\t\t\t\t<input size=\"1\" type=\"text\" name=\"form_fields[FirstName]\" id=\"form-field-FirstName\" class=\"elementor-field elementor-size-sm  elementor-field-textual\" placeholder=\"Nombre\">\n\t\t\t\t\t\t\t\t\t\t\t<\/div>\n\t\t\t\t\t\t\t\t<div class=\"elementor-field-type-text elementor-field-group elementor-column elementor-field-group-LastName elementor-col-100\">\n\t\t\t\t\t\t\t\t\t\t\t\t<label for=\"form-field-LastName\" class=\"elementor-field-label elementor-screen-only\">\n\t\t\t\t\t\t\t\tApellido\t\t\t\t\t\t\t<\/label>\n\t\t\t\t\t\t\t\t\t\t\t\t\t\t<input size=\"1\" type=\"text\" name=\"form_fields[LastName]\" id=\"form-field-LastName\" class=\"elementor-field elementor-size-sm  elementor-field-textual\" placeholder=\"Apellido\">\n\t\t\t\t\t\t\t\t\t\t\t<\/div>\n\t\t\t\t\t\t\t\t<div class=\"elementor-field-type-email elementor-field-group elementor-column elementor-field-group-Email elementor-col-100 elementor-field-required\">\n\t\t\t\t\t\t\t\t\t\t\t\t<label for=\"form-field-Email\" class=\"elementor-field-label elementor-screen-only\">\n\t\t\t\t\t\t\t\tEmail\t\t\t\t\t\t\t<\/label>\n\t\t\t\t\t\t\t\t\t\t\t\t\t\t<input size=\"1\" type=\"email\" name=\"form_fields[Email]\" id=\"form-field-Email\" class=\"elementor-field elementor-size-sm  elementor-field-textual\" placeholder=\"Email\" required=\"required\">\n\t\t\t\t\t\t\t\t\t\t\t<\/div>\n\t\t\t\t\t\t\t\t<div class=\"elementor-field-type-recaptcha_v3 elementor-field-group elementor-column elementor-field-group-field_81a6251 elementor-col-100 recaptcha_v3-inline\">\n\t\t\t\t\t<div class=\"elementor-field\" id=\"form-field-field_81a6251\"><div class=\"elementor-g-recaptcha\" data-sitekey=\"6Le35IIaAAAAAD3jT_Sfue3jxR464FxFobR3cEkm\" data-type=\"v3\" data-action=\"Form\" data-badge=\"inline\" data-size=\"invisible\"><\/div><\/div>\t\t\t\t<\/div>\n\t\t\t\t\t\t\t\t<div class=\"elementor-field-group elementor-column elementor-field-type-submit elementor-col-20 e-form__buttons\">\n\t\t\t\t\t<button class=\"elementor-button elementor-size-md\" type=\"submit\">\n\t\t\t\t\t\t<span class=\"elementor-button-content-wrapper\">\n\t\t\t\t\t\t\t\t\t\t\t\t\t\t\t\t\t\t\t\t\t\t<span class=\"elementor-button-text\">Enviar<\/span>\n\t\t\t\t\t\t\t\t\t\t\t\t\t<\/span>\n\t\t\t\t\t<\/button>\n\t\t\t\t<\/div>\n\t\t\t<\/div>\n\t\t<\/form>\n\t\t\t\t\t\t<\/div>\n\t\t\t\t<\/div>\n\t\t\t\t<div class=\"elementor-element elementor-element-e94ca32 elementor-hidden-desktop elementor-hidden-tablet elementor-hidden-phone elementor-widget elementor-widget-wp-widget-adsanity-rotating-ads\" data-id=\"e94ca32\" data-element_type=\"widget\" data-widget_type=\"wp-widget-adsanity-rotating-ads.default\">\n\t\t\t\t<div class=\"elementor-widget-container\">\n\t\t\t\t\t<div class=\"adsanity-rotating-ads ad-aligncenter\" data-ids=\"11574,11578,11576,11580\" data-timer=\"5\" data-align=\"aligncenter\" data-max-width=\"0\">\n<div id=\"ad-11574\" class=\"ad-300x250 adsanity-300x250 aligncenter adsanity-aligncenter\"\n><div class=\"adsanity-inner\">\n\n<div class=\"adsanity-gati\" data-title=\"MPU 1\"><a rel=\"nofollow\" href=\"https:\/\/www.empackmadrid.com\/es\/ads\/mpu-1\/\" ><img decoding=\"async\" width=\"300\" height=\"250\" src=\"https:\/\/easyfairsassets.com\/sites\/199\/2020\/12\/300-x-250_Risk.jpg\" class=\"no-lazy-load wp-post-image\" alt=\"300-x-250_Risk\" \/><\/a><\/div>\n<\/div><\/div>\n\n<\/div>\t\t\t\t<\/div>\n\t\t\t\t<\/div>\n\t\t\t\t<div class=\"elementor-element elementor-element-496586bb elementor-widget-divider--view-line elementor-widget elementor-widget-divider\" data-id=\"496586bb\" data-element_type=\"widget\" data-widget_type=\"divider.default\">\n\t\t\t\t<div class=\"elementor-widget-container\">\n\t\t\t\t\t\t\t<div class=\"elementor-divider\">\n\t\t\t<span class=\"elementor-divider-separator\">\n\t\t\t\t\t\t<\/span>\n\t\t<\/div>\n\t\t\t\t\t\t<\/div>\n\t\t\t\t<\/div>\n\t\t\t\t<div class=\"elementor-element elementor-element-54989791 elementor-grid-1 elementor-posts--thumbnail-none elementor-grid-tablet-1 elementor-grid-mobile-1 elementor-widget elementor-widget-posts\" data-id=\"54989791\" data-element_type=\"widget\" data-settings=\"{&quot;classic_columns&quot;:&quot;1&quot;,&quot;classic_row_gap&quot;:{&quot;unit&quot;:&quot;px&quot;,&quot;size&quot;:&quot;23&quot;,&quot;sizes&quot;:[]},&quot;classic_columns_tablet&quot;:&quot;1&quot;,&quot;classic_columns_mobile&quot;:&quot;1&quot;,&quot;classic_row_gap_tablet&quot;:{&quot;unit&quot;:&quot;px&quot;,&quot;size&quot;:&quot;&quot;,&quot;sizes&quot;:[]},&quot;classic_row_gap_mobile&quot;:{&quot;unit&quot;:&quot;px&quot;,&quot;size&quot;:&quot;&quot;,&quot;sizes&quot;:[]}}\" data-widget_type=\"posts.classic\">\n\t\t\t\t<div class=\"elementor-widget-container\">\n\t\t\t\t\t\t\t<div class=\"elementor-posts-container elementor-posts elementor-posts--skin-classic elementor-grid\" role=\"list\">\n\t\t\t\t<article class=\"elementor-post elementor-grid-item post-173177 post type-post status-publish format-standard has-post-thumbnail hentry category-blog category-maquinaria-y-tecnologia-de-packaging tag-roland-dg tag-tintas-multicolor tag-tintas-multicolor-dea2 tag-truevis-xp640\" role=\"listitem\">\n\t\t\t\t<div class=\"elementor-post__text\">\n\t\t\t\t<h3 class=\"elementor-post__title\">\n\t\t\t<a href=\"https:\/\/www.empackmadrid.com\/es\/2026\/04\/08\/mondi-revela-como-los-envases-de-carton-ondulado-pueden-reducir-el-desperdicio-alimentario\/\" >\n\t\t\t\tMondi revela c\u00f3mo los envases de cart\u00f3n ondulado pueden reducir el desperdicio alimentario\t\t\t<\/a>\n\t\t<\/h3>\n\t\t\t\t<div class=\"elementor-post__excerpt\">\n\t\t\t<p>Mondi ha publicado un nuevo informe t\u00e9cnico que explora c\u00f3mo\u00a0los embalajes adecuados pueden ayudar\u00a0a los productores y minoristas de alimentos\u00a0a proteger la calidad del producto<\/p>\n\t\t<\/div>\n\t\t\n\t\t<a class=\"elementor-post__read-more\" href=\"https:\/\/www.empackmadrid.com\/es\/2026\/04\/08\/mondi-revela-como-los-envases-de-carton-ondulado-pueden-reducir-el-desperdicio-alimentario\/\" aria-label=\"Read more about Mondi revela c\u00f3mo los envases de cart\u00f3n ondulado pueden reducir el desperdicio alimentario\" tabindex=\"-1\" >\n\t\t\tRead More \u00bb\t\t<\/a>\n\n\t\t\t\t<\/div>\n\t\t\t\t<\/article>\n\t\t\t\t<article class=\"elementor-post elementor-grid-item post-173167 post type-post status-publish format-standard has-post-thumbnail hentry category-blog category-maquinaria-y-tecnologia-de-packaging tag-roland-dg tag-tintas-multicolor tag-tintas-multicolor-dea2 tag-truevis-xp640\" role=\"listitem\">\n\t\t\t\t<div class=\"elementor-post__text\">\n\t\t\t\t<h3 class=\"elementor-post__title\">\n\t\t\t<a href=\"https:\/\/www.empackmadrid.com\/es\/2026\/04\/08\/itene-desarrolla-adhesivos-sostenibles-biobasados-para-packaging-y-calzado-con-menor-impacto-ambiental\/\" >\n\t\t\t\tITENE desarrolla adhesivos sostenibles biobasados para packaging y calzado con menor impacto ambiental\t\t\t<\/a>\n\t\t<\/h3>\n\t\t\t\t<div class=\"elementor-post__excerpt\">\n\t\t\t<p>ITENE desarrolla\u00a0adhesivos sostenibles biobasados para packaging y calzado\u00a0sin perder rendimiento, un avance que marca un punto de inflexi\u00f3n en la industria de los materiales al<\/p>\n\t\t<\/div>\n\t\t\n\t\t<a class=\"elementor-post__read-more\" href=\"https:\/\/www.empackmadrid.com\/es\/2026\/04\/08\/itene-desarrolla-adhesivos-sostenibles-biobasados-para-packaging-y-calzado-con-menor-impacto-ambiental\/\" aria-label=\"Read more about ITENE desarrolla adhesivos sostenibles biobasados para packaging y calzado con menor impacto ambiental\" tabindex=\"-1\" >\n\t\t\tRead More \u00bb\t\t<\/a>\n\n\t\t\t\t<\/div>\n\t\t\t\t<\/article>\n\t\t\t\t<article class=\"elementor-post elementor-grid-item post-173153 post type-post status-publish format-standard has-post-thumbnail hentry category-alimentacion-y-bebidas category-blog category-diseno-de-packaging category-ecommerce-sostenibilidad-retail tag-actualidad tag-envases tag-normativa tag-packaging tag-regulacion-2\" role=\"listitem\">\n\t\t\t\t<div class=\"elementor-post__text\">\n\t\t\t\t<h3 class=\"elementor-post__title\">\n\t\t\t<a href=\"https:\/\/www.empackmadrid.com\/es\/2026\/04\/08\/pack-talks-la-sostenibilidad-como-motor-de-innovacion-de-tendencia-a-commoditie\/\" >\n\t\t\t\tPack Talks: La Sostenibilidad como Motor de Innovaci\u00f3n: De Tendencia a Commoditie\t\t\t<\/a>\n\t\t<\/h3>\n\t\t\t\t<div class=\"elementor-post__excerpt\">\n\t\t\t<p>En colaboraci\u00f3n con Empack, la feria l\u00edder de packaging en Madrid, lanzamos PackTalks, un nuevo espacio dedicado a explorar el fascinante mundo del packaging. Y<\/p>\n\t\t<\/div>\n\t\t\n\t\t<a class=\"elementor-post__read-more\" href=\"https:\/\/www.empackmadrid.com\/es\/2026\/04\/08\/pack-talks-la-sostenibilidad-como-motor-de-innovacion-de-tendencia-a-commoditie\/\" aria-label=\"Read more about Pack Talks: La Sostenibilidad como Motor de Innovaci\u00f3n: De Tendencia a Commoditie\" tabindex=\"-1\" >\n\t\t\tRead More \u00bb\t\t<\/a>\n\n\t\t\t\t<\/div>\n\t\t\t\t<\/article>\n\t\t\t\t<article class=\"elementor-post elementor-grid-item post-173137 post type-post status-publish format-standard has-post-thumbnail hentry category-blog category-un-cafe-con tag-bolton-food tag-catalina-cortizo tag-entrevista tag-quality-packaging-supervisor tag-un-cafe-con\" role=\"listitem\">\n\t\t\t\t<div class=\"elementor-post__text\">\n\t\t\t\t<h3 class=\"elementor-post__title\">\n\t\t\t<a href=\"https:\/\/www.empackmadrid.com\/es\/2026\/04\/08\/un-cafe-con-catalina-cortizo-quality-packaging-supervisor-en-bolton-food\/\" >\n\t\t\t\tUn caf\u00e9 con Catalina Cortizo, Quality Packaging Supervisor en Bolton Food\t\t\t<\/a>\n\t\t<\/h3>\n\t\t\t\t<div class=\"elementor-post__excerpt\">\n\t\t\t<p>Empack: Catalina, cu\u00e9ntanos un poco tu experiencia en Bolton Food y c\u00f3mo es tu d\u00eda a d\u00eda dentro de la empresa. Catalina: Mi experiencia en<\/p>\n\t\t<\/div>\n\t\t\n\t\t<a class=\"elementor-post__read-more\" href=\"https:\/\/www.empackmadrid.com\/es\/2026\/04\/08\/un-cafe-con-catalina-cortizo-quality-packaging-supervisor-en-bolton-food\/\" aria-label=\"Read more about Un caf\u00e9 con Catalina Cortizo, Quality Packaging Supervisor en Bolton Food\" tabindex=\"-1\" >\n\t\t\tRead More \u00bb\t\t<\/a>\n\n\t\t\t\t<\/div>\n\t\t\t\t<\/article>\n\t\t\t\t<\/div>\n\t\t\n\t\t\t\t\t\t<\/div>\n\t\t\t\t<\/div>\n\t\t\t\t<div class=\"elementor-element elementor-element-cf4f095 elementor-hidden-desktop elementor-hidden-tablet elementor-hidden-phone elementor-widget elementor-widget-wp-widget-adsanity-rotating-ads\" data-id=\"cf4f095\" data-element_type=\"widget\" data-widget_type=\"wp-widget-adsanity-rotating-ads.default\">\n\t\t\t\t<div class=\"elementor-widget-container\">\n\t\t\t\t\t<div class=\"adsanity-rotating-ads ad-aligncenter\" data-ids=\"11576,11580,11578,11574\" data-timer=\"5\" data-align=\"aligncenter\" data-max-width=\"0\">\n<div id=\"ad-11576\" class=\"ad-300x250 adsanity-300x250 aligncenter adsanity-aligncenter\"\n><div class=\"adsanity-inner\">\n\n<div class=\"adsanity-gati\" data-title=\"MPU 2\"><a rel=\"nofollow\" href=\"https:\/\/www.empackmadrid.com\/es\/ads\/mpu-2\/\"  target=\"_blank\"><img loading=\"lazy\" decoding=\"async\" width=\"300\" height=\"250\" src=\"https:\/\/easyfairsassets.com\/sites\/199\/2020\/12\/300-x-250_Interiors.jpg\" class=\"no-lazy-load wp-post-image\" alt=\"300-x-250_Interiors\" \/><\/a><\/div>\n<\/div><\/div>\n\n<\/div>\t\t\t\t<\/div>\n\t\t\t\t<\/div>\n\t\t\t\t<div class=\"elementor-element elementor-element-32229c2 elementor-hidden-desktop elementor-hidden-tablet elementor-hidden-phone elementor-widget elementor-widget-wp-widget-adsanity-rotating-ads\" data-id=\"32229c2\" data-element_type=\"widget\" data-widget_type=\"wp-widget-adsanity-rotating-ads.default\">\n\t\t\t\t<div class=\"elementor-widget-container\">\n\t\t\t\t\t<div class=\"adsanity-rotating-ads ad-aligncenter\" data-ids=\"11580,11578,11576,11574\" data-timer=\"5\" data-align=\"aligncenter\" data-max-width=\"0\">\n<div id=\"ad-11580\" class=\"ad-300x250 adsanity-300x250 aligncenter adsanity-aligncenter\"\n><div class=\"adsanity-inner\">\n\n<div class=\"adsanity-gati\" data-title=\"MPU 4\"><a rel=\"nofollow\" href=\"https:\/\/www.empackmadrid.com\/es\/ads\/mpu-4\/\"  target=\"_blank\"><img loading=\"lazy\" decoding=\"async\" width=\"300\" height=\"250\" src=\"https:\/\/easyfairsassets.com\/sites\/199\/2020\/12\/300-x-250_Edoc.jpg\" class=\"no-lazy-load wp-post-image\" alt=\"P16084 edoc MPU 300x250\" \/><\/a><\/div>\n<\/div><\/div>\n\n<\/div>\t\t\t\t<\/div>\n\t\t\t\t<\/div>\n\t\t\t\t\t<\/div>\n\t\t<\/div>\n\t\t\t\t\t<\/div>\n\t\t<\/section>\n\t\t\t\t<\/div>\n\t\t","protected":false},"excerpt":{"rendered":"<p>Logistics &amp; Automation incorpora como novedad este a\u00f1o experiencias inmersivas y \u00e1reas dedicadas a la inteligencia artificial y la realidad virtual. En su segunda edici\u00f3n, Logistic &amp; Industrial Build espera un crecimiento del 50% en el espacio expositivo e incorporaci\u00f3n de nuevas empresas. Empack apostar\u00e1 por II a\u00f1o consecutivo por darle protagonismo al dise\u00f1o de [&hellip;]<\/p>\n","protected":false},"author":85,"featured_media":0,"comment_status":"closed","ping_status":"open","sticky":false,"template":"","format":"standard","meta":{"_seopress_robots_primary_cat":"none","_seopress_titles_title":"Empack, Logistics &amp; Automation y Logistic &amp; Industrial Build abren el periodo de registro, consolid\u00e1ndose como encuentros clave y continuando su crecimiento a\u00f1o tras a\u00f1o","_seopress_titles_desc":"Logistics &amp; Automation incorpora como novedad este a\u00f1o experiencias inmersivas y \u00e1reas dedicadas a la inteligencia artificial y la realidad virtual...","_seopress_robots_index":"","footnotes":""},"categories":[331],"tags":[2529,1676,2709,2523,2528],"edition":[],"class_list":["post-159059","post","type-post","status-publish","format-standard","hentry","category-notas-de-prensa","tag-balance","tag-easyfairs","tag-edicion-2025","tag-expertos","tag-visitantes"],"_links":{"self":[{"href":"https:\/\/www.empackmadrid.com\/es\/wp-json\/wp\/v2\/posts\/159059","targetHints":{"allow":["GET"]}}],"collection":[{"href":"https:\/\/www.empackmadrid.com\/es\/wp-json\/wp\/v2\/posts"}],"about":[{"href":"https:\/\/www.empackmadrid.com\/es\/wp-json\/wp\/v2\/types\/post"}],"author":[{"embeddable":true,"href":"https:\/\/www.empackmadrid.com\/es\/wp-json\/wp\/v2\/users\/85"}],"replies":[{"embeddable":true,"href":"https:\/\/www.empackmadrid.com\/es\/wp-json\/wp\/v2\/comments?post=159059"}],"version-history":[{"count":5,"href":"https:\/\/www.empackmadrid.com\/es\/wp-json\/wp\/v2\/posts\/159059\/revisions"}],"predecessor-version":[{"id":159073,"href":"https:\/\/www.empackmadrid.com\/es\/wp-json\/wp\/v2\/posts\/159059\/revisions\/159073"}],"wp:attachment":[{"href":"https:\/\/www.empackmadrid.com\/es\/wp-json\/wp\/v2\/media?parent=159059"}],"wp:term":[{"taxonomy":"category","embeddable":true,"href":"https:\/\/www.empackmadrid.com\/es\/wp-json\/wp\/v2\/categories?post=159059"},{"taxonomy":"post_tag","embeddable":true,"href":"https:\/\/www.empackmadrid.com\/es\/wp-json\/wp\/v2\/tags?post=159059"},{"taxonomy":"edition","embeddable":true,"href":"https:\/\/www.empackmadrid.com\/es\/wp-json\/wp\/v2\/edition?post=159059"}],"curies":[{"name":"wp","href":"https:\/\/api.w.org\/{rel}","templated":true}]}}