{"id":159674,"date":"2025-06-03T09:27:54","date_gmt":"2025-06-03T07:27:54","guid":{"rendered":"https:\/\/www.empackmadrid.com\/?p=159674"},"modified":"2025-06-04T16:36:45","modified_gmt":"2025-06-04T14:36:45","slug":"un-cafe-con-francisco-donoso-managing-director-en-dolaf-servicios-verdes-y-presidente-del-bir-bureau-of-international-recycling","status":"publish","type":"post","link":"https:\/\/www.empackmadrid.com\/es\/2025\/06\/03\/un-cafe-con-francisco-donoso-managing-director-en-dolaf-servicios-verdes-y-presidente-del-bir-bureau-of-international-recycling\/","title":{"rendered":"Un caf\u00e9 con&#8230; Francisco Donoso, Managing Director en DOLAF Servicios Verdes y presidente del BIR (Bureau of International Recycling)"},"content":{"rendered":"\t\t<div data-elementor-type=\"wp-post\" data-elementor-id=\"159674\" class=\"elementor elementor-159674\" data-elementor-post-type=\"post\">\n\t\t\t\t\t\t<section class=\"elementor-section elementor-top-section elementor-element elementor-element-186bb815 elementor-section-full_width elementor-section-height-default elementor-section-height-default\" data-id=\"186bb815\" data-element_type=\"section\">\n\t\t\t\t\t\t<div class=\"elementor-container elementor-column-gap-default\">\n\t\t\t\t\t<div class=\"elementor-column elementor-col-50 elementor-top-column elementor-element elementor-element-717d635b\" data-id=\"717d635b\" data-element_type=\"column\">\n\t\t\t<div class=\"elementor-widget-wrap elementor-element-populated\">\n\t\t\t\t\t\t<div class=\"elementor-element elementor-element-2aecddd elementor-invisible elementor-widget elementor-widget-heading\" data-id=\"2aecddd\" data-element_type=\"widget\" data-settings=\"{&quot;_animation&quot;:&quot;fadeInRight&quot;}\" data-widget_type=\"heading.default\">\n\t\t\t\t<div class=\"elementor-widget-container\">\n\t\t\t\t\t<h1 class=\"elementor-heading-title elementor-size-default\">Un caf\u00e9 con&#8230; Francisco Donoso, Managing Director en DOLAF Servicios Verdes y presidente del BIR (Bureau of International Recycling)<\/h1>\t\t\t\t<\/div>\n\t\t\t\t<\/div>\n\t\t\t\t<div class=\"elementor-element elementor-element-f4b27ee elementor-widget__width-initial elementor-widget elementor-widget-text-editor\" data-id=\"f4b27ee\" data-element_type=\"widget\" data-widget_type=\"text-editor.default\">\n\t\t\t\t<div class=\"elementor-widget-container\">\n\t\t\t\t\t\t\t\t\t<p><span class=\"TextRun SCXW225641253 BCX8\" lang=\"ES-ES\" xml:lang=\"ES-ES\" data-contrast=\"auto\"><span class=\"NormalTextRun SCXW225641253 BCX8\">Soy bi\u00f3logo y MBA. Tengo 58 a\u00f1o<\/span><span class=\"NormalTextRun SCXW225641253 BCX8\">s<\/span><span class=\"NormalTextRun SCXW225641253 BCX8\">, me incorpor\u00e9 en una peque\u00f1a empresa familiar, fundada por mi padre, dedicada a la <strong>recuperaci\u00f3n y reciclaje de papel y cart\u00f3n. <\/strong><\/span><\/span><\/p><p><span class=\"TextRun SCXW225641253 BCX8\" lang=\"ES-ES\" xml:lang=\"ES-ES\" data-contrast=\"auto\"><span class=\"NormalTextRun SCXW225641253 BCX8\"><strong>Fuimos pioneros<\/strong> en el desarrollo de <strong>recogidas selectivas municipales, de papel y cart\u00f3n usado<\/strong>, contando con contenedores y camiones cedidos por el entonces MOPU, en 1.993. Desde entonces, la empresa sigui\u00f3 creciendo, y en los a\u00f1os 2.000 innici\u00f3 su aventura internacional, exportando cart\u00f3n recuperado a China y otros pais\u00e9s del Sudeste asi\u00e1tico. <\/span><\/span><\/p><p><span class=\"TextRun SCXW225641253 BCX8\" lang=\"ES-ES\" xml:lang=\"ES-ES\" data-contrast=\"auto\"><span class=\"NormalTextRun SCXW225641253 BCX8\">En el 2.012 en mi familia decidimos vender la empresa, a una multinacional alemana l\u00edder en su sector, <strong>ALBA GROUP<\/strong>, de la que formamos parte hasta 2.021, a\u00f1o en que volv\u00ed a comprar yo solo la empresa siendo ahora el \u00fanico accionista.<\/span><\/span><span class=\"EOP SCXW225641253 BCX8\" data-ccp-props=\"{}\">\u00a0<\/span><\/p><p><strong>Empack: <span class=\"TextRun SCXW33383006 BCX8\" lang=\"ES-ES\" xml:lang=\"ES-ES\" data-contrast=\"auto\"><span class=\"NormalTextRun SCXW33383006 BCX8\">Francisco<\/span><span class=\"NormalTextRun SCXW33383006 BCX8\">,<\/span><\/span> <span class=\"TextRun SCXW33383006 BCX8\" lang=\"ES-ES\" xml:lang=\"ES-ES\" data-contrast=\"auto\"><span class=\"NormalTextRun SCXW33383006 BCX8\">cu\u00e9ntanos un poco <\/span><span class=\"NormalTextRun SCXW33383006 BCX8\">qu\u00e9 es <\/span><span class=\"NormalTextRun SCXW33383006 BCX8\">DOLAF Servicios Verdes<\/span><span class=\"NormalTextRun SCXW33383006 BCX8\"> y <\/span><span class=\"NormalTextRun SCXW33383006 BCX8\">c\u00f3mo es tu d\u00eda a d\u00eda <\/span><span class=\"NormalTextRun SCXW33383006 BCX8\">compaginando <\/span><span class=\"NormalTextRun SCXW33383006 BCX8\">tu cargo en <\/span><span class=\"NormalTextRun SCXW33383006 BCX8\">la empresa con <\/span><span class=\"NormalTextRun SCXW33383006 BCX8\">la<\/span> <span class=\"NormalTextRun SCXW33383006 BCX8\">presidencia <\/span><span class=\"NormalTextRun SCXW33383006 BCX8\">d<\/span><span class=\"NormalTextRun SCXW33383006 BCX8\">el BIR (<\/span><span class=\"NormalTextRun SCXW33383006 BCX8\">Bureau <\/span><span class=\"NormalTextRun SpellingErrorV2Themed SCXW33383006 BCX8\">of<\/span><span class=\"NormalTextRun SCXW33383006 BCX8\"> International <\/span><span class=\"NormalTextRun SpellingErrorV2Themed SCXW33383006 BCX8\">Recycling<\/span><span class=\"NormalTextRun SCXW33383006 BCX8\">)<\/span><span class=\"NormalTextRun SCXW33383006 BCX8\">.<\/span><\/span><span class=\"EOP SCXW33383006 BCX8\" data-ccp-props=\"{}\">\u00a0<\/span><\/strong><\/p><p><strong>Francisco:<\/strong> <span data-contrast=\"auto\">DOLAF, Servicios Verdes es una empresa que mantiene su core business original, la recuperaci\u00f3n y reciclaje de papel y cart\u00f3n usado, para su posterior comercializaci\u00f3n tanto en el \u00e1mbito local, como en el internacional. Pero la empresa ha diversificado su abanico de servicios, atendiendo a la demanda del mercado, que tiende a unificar varios servicios parecidos en una sola empresa gestora, por lo que recuperamos tambi\u00e9n envases, y otros materiales residuales con el mismo objeto, su reciclaje. Tenemos un alto coeficiente de penetraci\u00f3n en servicios p\u00fablicos, dadas las garant\u00edas y certificaciones que ofrecemos, y destacamos en servicios muy espec\u00edficos como es la destrucci\u00f3n de papel confidencial (con datos personales), reciclando tambi\u00e9n, posteriormente, el material triturado en condiciones de alta seguridad.<\/span><span data-ccp-props=\"{}\">\u00a0<\/span><\/p><p><span data-contrast=\"auto\">Mi actividad en el BIR es paralela, siendo su principal objetivo fomentar el reciclaje de papel y cart\u00f3n, protegiendo siempre el libre mercado internacional, para poder abastecer a los mercados m\u00e1s demandantes, y evitar exceso de residuos en los de mayor recuperaci\u00f3n. Los objetivos mencionados son compartidos por DOLAF, por lo que el trabajo es compatible y complementario.<\/span><\/p><p><strong>Empack: <span class=\"TextRun SCXW135795029 BCX8\" lang=\"ES-ES\" xml:lang=\"ES-ES\" data-contrast=\"auto\"><span class=\"NormalTextRun SCXW135795029 BCX8\">\u00bfSi estuvi\u00e9ramos tomando este caf\u00e9 en Bruselas en lugar de Madrid, \u00bfde qu\u00e9 se estar\u00eda hablando en estos d\u00edas sobre reciclaje y legislaci\u00f3n europea?<\/span><\/span> <span class=\"TextRun SCXW135795029 BCX8\" lang=\"ES-ES\" xml:lang=\"ES-ES\" data-contrast=\"auto\"><span class=\"NormalTextRun SCXW135795029 BCX8\">\u00bfCrees que el consumidor final est\u00e1 verdaderamente informado sobre lo que sucede con los residuos que separa? \u00bfQu\u00e9 podemos hacer mejor para cerrar ese c\u00edrculo?<\/span><\/span><span class=\"EOP SCXW135795029 BCX8\" data-ccp-props=\"{}\">\u00a0<\/span><\/strong><\/p><p><span data-contrast=\"auto\"><strong>Francisco:<\/strong> A menudo tomo caf\u00e9 en Bruselas, y hablamos de estos temas\u2026 actualmente, estamos especialmente preocupados por la nueva Directiva sobre traslado transfronterizo de residuos, que limita y restringe sustancialmente, el libre mercado internacional, poniendo nuevos impedimentos, como la necesidad de auditor\u00edas externas en las f\u00e1bricas asi\u00e1ticas consumidoras de nuestro papel residual, que no son necesarias en las f\u00e1bricas europeas, solo por estar ubicadas en Europa. La condici\u00f3n, \u201cfin de residuo\u201d (EoW), podr\u00eda ser una soluci\u00f3n, considerando nuestro material como materias primas (que lo son) en vez de residuos, con lo que no nos afectar\u00edan esas restricciones al mercado internacional.<\/span><span data-ccp-props=\"{}\">\u00a0<\/span><\/p><p><span data-contrast=\"auto\">Me explico, la mayor producci\u00f3n de bienes de consumo a nivel mundial est\u00e1 ubicada en Asia. Es all\u00ed donde se necesita fabricar el mayor volumen de embalajes para esos productos, pero esos productos luego se exportan al mundo occidental, donde los envases se convierten en un residuo innecesario y excesivo, que ni siquiera se cuantifica (se cuantifican los productos exportados, no sus envases). Esa realidad, que transciende a nuestra actividad, hace que en Europa por ejemplo recuperemos un exceso de casi 8 millones de toneladas anuales, de residuos de embalajes de cart\u00f3n, que no han sido fabricados en Europa, ni pueden reciclarse aqu\u00ed, por carecer de capacidad industrial, y de mercado suficiente. Sin embargo, Los pa\u00edses exportadores de bienes de consumo, asi\u00e1ticos, siguen necesitando fabricar nuevos embalajes, para lo que necesitan materias primas, que son nuestros embalajes residuales excedentes. As\u00ed se cierra el c\u00edrculo, y no restringiendo el libre mercado internacional.<\/span><\/p>\t\t\t\t\t\t\t\t<\/div>\n\t\t\t\t<\/div>\n\t\t\t\t<div class=\"elementor-element elementor-element-913ffdc elementor-widget elementor-widget-image\" data-id=\"913ffdc\" data-element_type=\"widget\" data-widget_type=\"image.default\">\n\t\t\t\t<div class=\"elementor-widget-container\">\n\t\t\t\t\t\t\t\t\t\t\t\t\t\t\t<img fetchpriority=\"high\" decoding=\"async\" width=\"768\" height=\"576\" src=\"https:\/\/easyfairsassets.com\/sites\/199\/2025\/06\/Francisco-DOLAF-2-768x576.jpg\" class=\"attachment-medium_large size-medium_large wp-image-159719\" alt=\"Francisco DOLAF 2\" srcset=\"https:\/\/easyfairsassets.com\/sites\/199\/2025\/06\/Francisco-DOLAF-2-768x576.jpg 768w, https:\/\/easyfairsassets.com\/sites\/199\/2025\/06\/Francisco-DOLAF-2-300x225.jpg 300w, https:\/\/easyfairsassets.com\/sites\/199\/2025\/06\/Francisco-DOLAF-2-1024x768.jpg 1024w, https:\/\/easyfairsassets.com\/sites\/199\/2025\/06\/Francisco-DOLAF-2-1536x1152.jpg 1536w, https:\/\/easyfairsassets.com\/sites\/199\/2025\/06\/Francisco-DOLAF-2.jpg 1600w\" sizes=\"(max-width: 768px) 100vw, 768px\" \/>\t\t\t\t\t\t\t\t\t\t\t\t\t\t\t<\/div>\n\t\t\t\t<\/div>\n\t\t\t\t<div class=\"elementor-element elementor-element-6d3cd75 elementor-widget elementor-widget-text-editor\" data-id=\"6d3cd75\" data-element_type=\"widget\" data-widget_type=\"text-editor.default\">\n\t\t\t\t<div class=\"elementor-widget-container\">\n\t\t\t\t\t\t\t\t\t<p><b><span data-contrast=\"auto\">Empack: Desde tu posici\u00f3n en el BIR Francisco, \u00bfc\u00f3mo est\u00e1s percibiendo el impacto de los aranceles de EE. UU. en el comercio global de materiales reciclados? \u00bfC\u00f3mo afecta eso a empresas espa\u00f1olas o europeas?<\/span><\/b><span data-ccp-props=\"{}\">\u00a0<\/span><\/p><p><span data-contrast=\"auto\"><strong>Francisco:<\/strong> Es muy dif\u00edcil de cuantificar a\u00fan, la \u00fanica evidencia es que los aranceles siempre perjudican al libre mercado internacional, tan necesario en nuestro sector como acabo de explicar.<\/span><span data-ccp-props=\"{}\">\u00a0<\/span><\/p><p><span data-contrast=\"auto\">EEUU y Europa son los principales pa\u00edses exportadores de cart\u00f3n recuperado al mercado asi\u00e1tico, pero China no importa, as\u00ed que nuestros destinos fundamentales son, India, Indonesia, Vietnam, Malasia y Taiw\u00e1n, que fabrican sus propios embalajes y a su vez exportan bobinas de papel nuevo a China para que fabriquen sus embalajes tambi\u00e9n. Si la exportaci\u00f3n de bienes de consumo desde Asia a EEUU se ve mermada por los aranceles, caer\u00e1 la demanda de cart\u00f3n recuperado en esos pa\u00edses, para fabricar envases, perjudicando nuestras exportaciones, y agravando el problema que representa el exceso de residuos de embalajes en Espa\u00f1a y Europa que s\u00ed seguir\u00eda importando bienes de consumo asi\u00e1ticos, embalados.<\/span><span data-ccp-props=\"{}\">\u00a0<\/span><\/p><p><b><span data-contrast=\"auto\">Empack: Con la nueva legislaci\u00f3n europea sobre envases y residuos de envases (PPWR), \u00bfc\u00f3mo crees que cambiar\u00e1n los est\u00e1ndares de reciclabilidad o reutilizaci\u00f3n? \u00bfEstamos preparados en Espa\u00f1a para adaptarnos?<\/span><\/b><span data-ccp-props=\"{}\">\u00a0<\/span><\/p><p><span data-contrast=\"auto\"><strong>Francisco:<\/strong> Si, nos estamos preparando eficientemente\u2026 ya tenemos experiencia con la anterior Ley de envases y residuos de envases, y en este caso se trata de una amplificaci\u00f3n, de los canales ya existentes y de otros nuevos que est\u00e1n entrando en el terreno de juego. Se mejorar\u00e1 la tasa de reciclaje, y su calidad, pero seguimos necesitando un mercado d\u00f3nde comercializar este material, que es materia prima si se exporta a pa\u00edses que lo necesitan, pero que son residuos si no se cierra el c\u00edrculo.<\/span><span data-ccp-props=\"{}\">\u00a0<\/span><\/p><p><b><span data-contrast=\"auto\">Empack:<\/span><\/b> <b><span data-contrast=\"auto\">Con instructivos contenidos congresuales y soluciones para optimizar la cadena de valor de los negocios<\/span><\/b> <b><span data-contrast=\"auto\">\u00bfCu\u00e1les crees que son las mayores ventajas de contar con ferias como Empack para nuestro tejido industrial?<\/span><\/b><span data-ccp-props=\"{}\">\u00a0<\/span><\/p><p><span data-contrast=\"auto\"><strong>Francisco:<\/strong> Es fundamental divulgar informaci\u00f3n plena, y contrastada entre los profesionales del sector, conocer datos estad\u00edsticos, identificar oportunidades, ampliar nuestra red de contactos, familiarizarse con la legislaci\u00f3n aplicable\u2026\u00a0 y todo esto lo tenemos muy concentrado en este tipo de eventos. Sin ellos, la cantidad de tiempo, viajes e investigaci\u00f3n personal ser\u00eda infinitamente mayor, y nunca tan relevante.<\/span><span data-ccp-props=\"{}\">\u00a0<\/span><\/p><p><b><span data-contrast=\"auto\">Empack:<\/span><\/b> <b><span data-contrast=\"auto\">Despu\u00e9s de tus a\u00f1os de experiencia, \u00bfQu\u00e9 mensaje te gustar\u00eda dar a las nuevas generaciones que se est\u00e1n formando en sostenibilidad o reciclaje?<\/span><\/b><span data-ccp-props=\"{}\">\u00a0<\/span><\/p><p><span data-contrast=\"auto\"><strong>Francisco:<\/strong> El mensaje fundamental es que el planeta tiene limitaciones, no es infinito, y debemos optimizarlo. El reciclaje de residuos representa la manera m\u00e1s eficiente de reducir el consumo de materiales v\u00edrgenes\u201d, y de evitar la saturaci\u00f3n del planeta con residuos indeseables. <\/span><span data-ccp-props=\"{}\">\u00a0<\/span><\/p><p><span data-contrast=\"auto\">En el caso del papel\/ cart\u00f3n, por ejemplo, el reciclaje de una tonelada implica evitar la tala de unos 17 \u00e1rboles adultos para conseguir fibra de celulosa, la ocupaci\u00f3n de 3 metros c\u00fabicos de espacio en vertederos, la emisi\u00f3n de 1,2 toneladas de CO2 (comparado con la producci\u00f3n de fibra virgen), reduce el consumo de 4100 KWh y unos 32 mil litros de agua.<\/span><span data-ccp-props=\"{}\">\u00a0<\/span><\/p>\t\t\t\t\t\t\t\t<\/div>\n\t\t\t\t<\/div>\n\t\t\t\t<div class=\"elementor-element elementor-element-daf0bfb elementor-hidden-desktop elementor-hidden-tablet elementor-hidden-mobile elementor-widget elementor-widget-button\" data-id=\"daf0bfb\" data-element_type=\"widget\" data-widget_type=\"button.default\">\n\t\t\t\t<div class=\"elementor-widget-container\">\n\t\t\t\t\t\t\t\t\t<div class=\"elementor-button-wrapper\">\n\t\t\t\t\t<a class=\"elementor-button elementor-button-link elementor-size-sm\" href=\"https:\/\/www.interempresas.net\/Envase\/Articulos\/376402-Son-las-tendencias-actuales-en-envase-mas-sostenibles.html\" target=\"_blank\" rel=\"nofollow\">\n\t\t\t\t\t\t<span class=\"elementor-button-content-wrapper\">\n\t\t\t\t\t\t\t\t\t<span class=\"elementor-button-text\">Lee la noticia completa<\/span>\n\t\t\t\t\t<\/span>\n\t\t\t\t\t<\/a>\n\t\t\t\t<\/div>\n\t\t\t\t\t\t\t\t<\/div>\n\t\t\t\t<\/div>\n\t\t\t\t<div class=\"elementor-element elementor-element-1acd7351 elementor-hidden-desktop elementor-hidden-tablet elementor-hidden-mobile elementor-invisible elementor-widget elementor-widget-text-editor\" data-id=\"1acd7351\" data-element_type=\"widget\" data-settings=\"{&quot;_animation&quot;:&quot;fadeInRight&quot;}\" data-widget_type=\"text-editor.default\">\n\t\t\t\t<div class=\"elementor-widget-container\">\n\t\t\t\t\t\t\t\t\t<p><span style=\"vertical-align: inherit;\"><span style=\"vertical-align: inherit;\"><span style=\"vertical-align: inherit;\"><span style=\"vertical-align: inherit;\"><span style=\"vertical-align: inherit;\"><span style=\"vertical-align: inherit;\">Share this article<\/span><\/span><\/span><\/span><\/span><\/span><\/p>\t\t\t\t\t\t\t\t<\/div>\n\t\t\t\t<\/div>\n\t\t\t\t<div class=\"elementor-element elementor-element-ed29d07 elementor-widget elementor-widget-image\" data-id=\"ed29d07\" data-element_type=\"widget\" data-widget_type=\"image.default\">\n\t\t\t\t<div class=\"elementor-widget-container\">\n\t\t\t\t\t\t\t\t\t\t\t\t\t\t\t\t<a href=\"http:\/\/app.gleanin.com\/share\/c\/16151\/s\/251598\">\n\t\t\t\t\t\t\t<img decoding=\"async\" width=\"1536\" height=\"115\" src=\"https:\/\/easyfairsassets.com\/sites\/199\/2023\/10\/Empack-News-1536x115.png\" class=\"attachment-1536x1536 size-1536x1536 wp-image-115947\" alt=\"gleanin empack newsletter banner\" srcset=\"https:\/\/easyfairsassets.com\/sites\/199\/2023\/10\/Empack-News-1536x115.png 1536w, https:\/\/easyfairsassets.com\/sites\/199\/2023\/10\/Empack-News-300x23.png 300w, https:\/\/easyfairsassets.com\/sites\/199\/2023\/10\/Empack-News-1024x77.png 1024w, https:\/\/easyfairsassets.com\/sites\/199\/2023\/10\/Empack-News-768x58.png 768w, https:\/\/easyfairsassets.com\/sites\/199\/2023\/10\/Empack-News.png 1920w\" sizes=\"(max-width: 1536px) 100vw, 1536px\" \/>\t\t\t\t\t\t\t\t<\/a>\n\t\t\t\t\t\t\t\t\t\t\t\t\t\t\t<\/div>\n\t\t\t\t<\/div>\n\t\t\t\t<div class=\"elementor-element elementor-element-574c33b elementor-widget elementor-widget-image\" data-id=\"574c33b\" data-element_type=\"widget\" data-widget_type=\"image.default\">\n\t\t\t\t<div class=\"elementor-widget-container\">\n\t\t\t\t\t\t\t\t\t\t\t\t\t\t\t\t<a href=\"https:\/\/www.empackmadrid.com\/es\/medios\/suscribete-a-nuestra-newsletter\/?actioncode=GLEA1\">\n\t\t\t\t\t\t\t<img decoding=\"async\" width=\"1536\" height=\"115\" src=\"https:\/\/easyfairsassets.com\/sites\/199\/2023\/10\/Empack-News-1-1536x115.png\" class=\"attachment-1536x1536 size-1536x1536 wp-image-115953\" alt=\"suscr\u00edbete a la newsletter banner\" srcset=\"https:\/\/easyfairsassets.com\/sites\/199\/2023\/10\/Empack-News-1-1536x115.png 1536w, https:\/\/easyfairsassets.com\/sites\/199\/2023\/10\/Empack-News-1-300x23.png 300w, https:\/\/easyfairsassets.com\/sites\/199\/2023\/10\/Empack-News-1-1024x77.png 1024w, https:\/\/easyfairsassets.com\/sites\/199\/2023\/10\/Empack-News-1-768x58.png 768w, https:\/\/easyfairsassets.com\/sites\/199\/2023\/10\/Empack-News-1.png 1920w\" sizes=\"(max-width: 1536px) 100vw, 1536px\" \/>\t\t\t\t\t\t\t\t<\/a>\n\t\t\t\t\t\t\t\t\t\t\t\t\t\t\t<\/div>\n\t\t\t\t<\/div>\n\t\t\t\t<div class=\"elementor-element elementor-element-e058e3b elementor-share-buttons--view-icon elementor-share-buttons--skin-flat elementor-share-buttons--shape-rounded elementor-share-buttons--color-custom elementor-grid-0 elementor-widget elementor-widget-share-buttons\" data-id=\"e058e3b\" data-element_type=\"widget\" data-widget_type=\"share-buttons.default\">\n\t\t\t\t<div class=\"elementor-widget-container\">\n\t\t\t\t\t\t\t<div class=\"elementor-grid\" role=\"list\">\n\t\t\t\t\t\t\t\t<div class=\"elementor-grid-item\" role=\"listitem\">\n\t\t\t\t\t\t<div class=\"elementor-share-btn elementor-share-btn_facebook\" role=\"button\" tabindex=\"0\" aria-label=\"Share on facebook\">\n\t\t\t\t\t\t\t\t\t\t\t\t\t\t\t<span class=\"elementor-share-btn__icon\">\n\t\t\t\t\t\t\t\t<i class=\"fab fa-facebook\" aria-hidden=\"true\"><\/i>\t\t\t\t\t\t\t<\/span>\n\t\t\t\t\t\t\t\t\t\t\t\t\t\t\t\t\t\t\t\t<\/div>\n\t\t\t\t\t<\/div>\n\t\t\t\t\t\t\t\t\t<div class=\"elementor-grid-item\" role=\"listitem\">\n\t\t\t\t\t\t<div class=\"elementor-share-btn elementor-share-btn_twitter\" role=\"button\" tabindex=\"0\" aria-label=\"Share on twitter\">\n\t\t\t\t\t\t\t\t\t\t\t\t\t\t\t<span class=\"elementor-share-btn__icon\">\n\t\t\t\t\t\t\t\t<i class=\"fab fa-twitter\" aria-hidden=\"true\"><\/i>\t\t\t\t\t\t\t<\/span>\n\t\t\t\t\t\t\t\t\t\t\t\t\t\t\t\t\t\t\t\t<\/div>\n\t\t\t\t\t<\/div>\n\t\t\t\t\t\t\t\t\t<div class=\"elementor-grid-item\" role=\"listitem\">\n\t\t\t\t\t\t<div class=\"elementor-share-btn elementor-share-btn_linkedin\" role=\"button\" tabindex=\"0\" aria-label=\"Share on linkedin\">\n\t\t\t\t\t\t\t\t\t\t\t\t\t\t\t<span class=\"elementor-share-btn__icon\">\n\t\t\t\t\t\t\t\t<i class=\"fab fa-linkedin\" aria-hidden=\"true\"><\/i>\t\t\t\t\t\t\t<\/span>\n\t\t\t\t\t\t\t\t\t\t\t\t\t\t\t\t\t\t\t\t<\/div>\n\t\t\t\t\t<\/div>\n\t\t\t\t\t\t<\/div>\n\t\t\t\t\t\t<\/div>\n\t\t\t\t<\/div>\n\t\t\t\t\t<\/div>\n\t\t<\/div>\n\t\t\t\t<div class=\"elementor-column elementor-col-50 elementor-top-column elementor-element elementor-element-42bf2a35\" data-id=\"42bf2a35\" data-element_type=\"column\">\n\t\t\t<div class=\"elementor-widget-wrap elementor-element-populated\">\n\t\t\t\t\t\t<div class=\"elementor-element elementor-element-f4979c4 elementor-invisible elementor-widget elementor-widget-heading\" data-id=\"f4979c4\" data-element_type=\"widget\" data-settings=\"{&quot;_animation&quot;:&quot;fadeInRight&quot;}\" data-widget_type=\"heading.default\">\n\t\t\t\t<div class=\"elementor-widget-container\">\n\t\t\t\t\t<h2 class=\"elementor-heading-title elementor-size-default\">Suscr\u00edbete a nuestra newsletter<\/h2>\t\t\t\t<\/div>\n\t\t\t\t<\/div>\n\t\t\t\t<div class=\"elementor-element elementor-element-c5144c8 elementor-widget__width-inherit elementor-hidden-phone elementor-button-align-stretch elementor-widget elementor-widget-global elementor-global-125207 elementor-widget-form\" data-id=\"c5144c8\" data-element_type=\"widget\" data-settings=\"{&quot;button_width&quot;:&quot;20&quot;,&quot;step_next_label&quot;:&quot;Next&quot;,&quot;step_previous_label&quot;:&quot;Previous&quot;,&quot;step_type&quot;:&quot;number_text&quot;,&quot;step_icon_shape&quot;:&quot;circle&quot;}\" data-widget_type=\"form.default\">\n\t\t\t\t<div class=\"elementor-widget-container\">\n\t\t\t\t\t\t\t<form class=\"elementor-form\" method=\"post\" name=\"Newsletter\" aria-label=\"Newsletter\">\n\t\t\t<input type=\"hidden\" name=\"post_id\" value=\"159674\"\/>\n\t\t\t<input type=\"hidden\" name=\"form_id\" value=\"c5144c8\"\/>\n\t\t\t<input type=\"hidden\" name=\"referer_title\" value=\"\" \/>\n\n\t\t\t\n\t\t\t<div class=\"elementor-form-fields-wrapper elementor-labels-\">\n\t\t\t\t\t\t\t\t<div class=\"elementor-field-type-text elementor-field-group elementor-column elementor-field-group-FirstName elementor-col-100\">\n\t\t\t\t\t\t\t\t\t\t\t\t<label for=\"form-field-FirstName\" class=\"elementor-field-label elementor-screen-only\">\n\t\t\t\t\t\t\t\tNombre\t\t\t\t\t\t\t<\/label>\n\t\t\t\t\t\t\t\t\t\t\t\t\t\t<input size=\"1\" type=\"text\" name=\"form_fields[FirstName]\" id=\"form-field-FirstName\" class=\"elementor-field elementor-size-sm  elementor-field-textual\" placeholder=\"Nombre\">\n\t\t\t\t\t\t\t\t\t\t\t<\/div>\n\t\t\t\t\t\t\t\t<div class=\"elementor-field-type-text elementor-field-group elementor-column elementor-field-group-LastName elementor-col-100\">\n\t\t\t\t\t\t\t\t\t\t\t\t<label for=\"form-field-LastName\" class=\"elementor-field-label elementor-screen-only\">\n\t\t\t\t\t\t\t\tApellido\t\t\t\t\t\t\t<\/label>\n\t\t\t\t\t\t\t\t\t\t\t\t\t\t<input size=\"1\" type=\"text\" name=\"form_fields[LastName]\" id=\"form-field-LastName\" class=\"elementor-field elementor-size-sm  elementor-field-textual\" placeholder=\"Apellido\">\n\t\t\t\t\t\t\t\t\t\t\t<\/div>\n\t\t\t\t\t\t\t\t<div class=\"elementor-field-type-email elementor-field-group elementor-column elementor-field-group-Email elementor-col-100 elementor-field-required\">\n\t\t\t\t\t\t\t\t\t\t\t\t<label for=\"form-field-Email\" class=\"elementor-field-label elementor-screen-only\">\n\t\t\t\t\t\t\t\tEmail\t\t\t\t\t\t\t<\/label>\n\t\t\t\t\t\t\t\t\t\t\t\t\t\t<input size=\"1\" type=\"email\" name=\"form_fields[Email]\" id=\"form-field-Email\" class=\"elementor-field elementor-size-sm  elementor-field-textual\" placeholder=\"Email\" required=\"required\">\n\t\t\t\t\t\t\t\t\t\t\t<\/div>\n\t\t\t\t\t\t\t\t<div class=\"elementor-field-type-recaptcha_v3 elementor-field-group elementor-column elementor-field-group-field_81a6251 elementor-col-100 recaptcha_v3-inline\">\n\t\t\t\t\t<div class=\"elementor-field\" id=\"form-field-field_81a6251\"><div class=\"elementor-g-recaptcha\" data-sitekey=\"6Le35IIaAAAAAD3jT_Sfue3jxR464FxFobR3cEkm\" data-type=\"v3\" data-action=\"Form\" data-badge=\"inline\" data-size=\"invisible\"><\/div><\/div>\t\t\t\t<\/div>\n\t\t\t\t\t\t\t\t<div class=\"elementor-field-group elementor-column elementor-field-type-submit elementor-col-20 e-form__buttons\">\n\t\t\t\t\t<button class=\"elementor-button elementor-size-md\" type=\"submit\">\n\t\t\t\t\t\t<span class=\"elementor-button-content-wrapper\">\n\t\t\t\t\t\t\t\t\t\t\t\t\t\t\t\t\t\t\t\t\t\t<span class=\"elementor-button-text\">Enviar<\/span>\n\t\t\t\t\t\t\t\t\t\t\t\t\t<\/span>\n\t\t\t\t\t<\/button>\n\t\t\t\t<\/div>\n\t\t\t<\/div>\n\t\t<\/form>\n\t\t\t\t\t\t<\/div>\n\t\t\t\t<\/div>\n\t\t\t\t<div class=\"elementor-element elementor-element-e94ca32 elementor-hidden-desktop elementor-hidden-tablet elementor-hidden-phone elementor-widget elementor-widget-wp-widget-adsanity-rotating-ads\" data-id=\"e94ca32\" data-element_type=\"widget\" data-widget_type=\"wp-widget-adsanity-rotating-ads.default\">\n\t\t\t\t<div class=\"elementor-widget-container\">\n\t\t\t\t\t<div class=\"adsanity-rotating-ads ad-aligncenter\" data-ids=\"11578,11580,11576,11574\" data-timer=\"5\" data-align=\"aligncenter\" data-max-width=\"0\">\n<div id=\"ad-11578\" class=\"ad-300x250 adsanity-300x250 aligncenter adsanity-aligncenter\"\n><div class=\"adsanity-inner\">\n\n<div class=\"adsanity-gati\" data-title=\"MPU 3\"><a rel=\"nofollow\" href=\"https:\/\/www.empackmadrid.com\/es\/ads\/mpu-3\/\"  target=\"_blank\"><img loading=\"lazy\" decoding=\"async\" width=\"300\" height=\"250\" src=\"https:\/\/easyfairsassets.com\/sites\/199\/2020\/12\/300-x-250_Honeywell.jpg\" class=\"no-lazy-load wp-post-image\" alt=\"300 x 250_Honeywell\" \/><\/a><\/div>\n<\/div><\/div>\n\n<\/div>\t\t\t\t<\/div>\n\t\t\t\t<\/div>\n\t\t\t\t<div class=\"elementor-element elementor-element-496586bb elementor-widget-divider--view-line elementor-widget elementor-widget-divider\" data-id=\"496586bb\" data-element_type=\"widget\" data-widget_type=\"divider.default\">\n\t\t\t\t<div class=\"elementor-widget-container\">\n\t\t\t\t\t\t\t<div class=\"elementor-divider\">\n\t\t\t<span class=\"elementor-divider-separator\">\n\t\t\t\t\t\t<\/span>\n\t\t<\/div>\n\t\t\t\t\t\t<\/div>\n\t\t\t\t<\/div>\n\t\t\t\t<div class=\"elementor-element elementor-element-54989791 elementor-grid-1 elementor-posts--thumbnail-none elementor-grid-tablet-1 elementor-grid-mobile-1 elementor-widget elementor-widget-posts\" data-id=\"54989791\" data-element_type=\"widget\" data-settings=\"{&quot;classic_columns&quot;:&quot;1&quot;,&quot;classic_row_gap&quot;:{&quot;unit&quot;:&quot;px&quot;,&quot;size&quot;:&quot;23&quot;,&quot;sizes&quot;:[]},&quot;classic_columns_tablet&quot;:&quot;1&quot;,&quot;classic_columns_mobile&quot;:&quot;1&quot;,&quot;classic_row_gap_tablet&quot;:{&quot;unit&quot;:&quot;px&quot;,&quot;size&quot;:&quot;&quot;,&quot;sizes&quot;:[]},&quot;classic_row_gap_mobile&quot;:{&quot;unit&quot;:&quot;px&quot;,&quot;size&quot;:&quot;&quot;,&quot;sizes&quot;:[]}}\" data-widget_type=\"posts.classic\">\n\t\t\t\t<div class=\"elementor-widget-container\">\n\t\t\t\t\t\t\t<div class=\"elementor-posts-container elementor-posts elementor-posts--skin-classic elementor-grid\" role=\"list\">\n\t\t\t\t<article class=\"elementor-post elementor-grid-item post-173177 post type-post status-publish format-standard has-post-thumbnail hentry category-blog category-maquinaria-y-tecnologia-de-packaging tag-roland-dg tag-tintas-multicolor tag-tintas-multicolor-dea2 tag-truevis-xp640\" role=\"listitem\">\n\t\t\t\t<div class=\"elementor-post__text\">\n\t\t\t\t<h3 class=\"elementor-post__title\">\n\t\t\t<a href=\"https:\/\/www.empackmadrid.com\/es\/2026\/04\/08\/mondi-revela-como-los-envases-de-carton-ondulado-pueden-reducir-el-desperdicio-alimentario\/\" >\n\t\t\t\tMondi revela c\u00f3mo los envases de cart\u00f3n ondulado pueden reducir el desperdicio alimentario\t\t\t<\/a>\n\t\t<\/h3>\n\t\t\t\t<div class=\"elementor-post__excerpt\">\n\t\t\t<p>Mondi ha publicado un nuevo informe t\u00e9cnico que explora c\u00f3mo\u00a0los embalajes adecuados pueden ayudar\u00a0a los productores y minoristas de alimentos\u00a0a proteger la calidad del producto<\/p>\n\t\t<\/div>\n\t\t\n\t\t<a class=\"elementor-post__read-more\" href=\"https:\/\/www.empackmadrid.com\/es\/2026\/04\/08\/mondi-revela-como-los-envases-de-carton-ondulado-pueden-reducir-el-desperdicio-alimentario\/\" aria-label=\"Read more about Mondi revela c\u00f3mo los envases de cart\u00f3n ondulado pueden reducir el desperdicio alimentario\" tabindex=\"-1\" >\n\t\t\tRead More \u00bb\t\t<\/a>\n\n\t\t\t\t<\/div>\n\t\t\t\t<\/article>\n\t\t\t\t<article class=\"elementor-post elementor-grid-item post-173167 post type-post status-publish format-standard has-post-thumbnail hentry category-blog category-maquinaria-y-tecnologia-de-packaging tag-roland-dg tag-tintas-multicolor tag-tintas-multicolor-dea2 tag-truevis-xp640\" role=\"listitem\">\n\t\t\t\t<div class=\"elementor-post__text\">\n\t\t\t\t<h3 class=\"elementor-post__title\">\n\t\t\t<a href=\"https:\/\/www.empackmadrid.com\/es\/2026\/04\/08\/itene-desarrolla-adhesivos-sostenibles-biobasados-para-packaging-y-calzado-con-menor-impacto-ambiental\/\" >\n\t\t\t\tITENE desarrolla adhesivos sostenibles biobasados para packaging y calzado con menor impacto ambiental\t\t\t<\/a>\n\t\t<\/h3>\n\t\t\t\t<div class=\"elementor-post__excerpt\">\n\t\t\t<p>ITENE desarrolla\u00a0adhesivos sostenibles biobasados para packaging y calzado\u00a0sin perder rendimiento, un avance que marca un punto de inflexi\u00f3n en la industria de los materiales al<\/p>\n\t\t<\/div>\n\t\t\n\t\t<a class=\"elementor-post__read-more\" href=\"https:\/\/www.empackmadrid.com\/es\/2026\/04\/08\/itene-desarrolla-adhesivos-sostenibles-biobasados-para-packaging-y-calzado-con-menor-impacto-ambiental\/\" aria-label=\"Read more about ITENE desarrolla adhesivos sostenibles biobasados para packaging y calzado con menor impacto ambiental\" tabindex=\"-1\" >\n\t\t\tRead More \u00bb\t\t<\/a>\n\n\t\t\t\t<\/div>\n\t\t\t\t<\/article>\n\t\t\t\t<article class=\"elementor-post elementor-grid-item post-173153 post type-post status-publish format-standard has-post-thumbnail hentry category-alimentacion-y-bebidas category-blog category-diseno-de-packaging category-ecommerce-sostenibilidad-retail tag-actualidad tag-envases tag-normativa tag-packaging tag-regulacion-2\" role=\"listitem\">\n\t\t\t\t<div class=\"elementor-post__text\">\n\t\t\t\t<h3 class=\"elementor-post__title\">\n\t\t\t<a href=\"https:\/\/www.empackmadrid.com\/es\/2026\/04\/08\/pack-talks-la-sostenibilidad-como-motor-de-innovacion-de-tendencia-a-commoditie\/\" >\n\t\t\t\tPack Talks: La Sostenibilidad como Motor de Innovaci\u00f3n: De Tendencia a Commoditie\t\t\t<\/a>\n\t\t<\/h3>\n\t\t\t\t<div class=\"elementor-post__excerpt\">\n\t\t\t<p>En colaboraci\u00f3n con Empack, la feria l\u00edder de packaging en Madrid, lanzamos PackTalks, un nuevo espacio dedicado a explorar el fascinante mundo del packaging. Y<\/p>\n\t\t<\/div>\n\t\t\n\t\t<a class=\"elementor-post__read-more\" href=\"https:\/\/www.empackmadrid.com\/es\/2026\/04\/08\/pack-talks-la-sostenibilidad-como-motor-de-innovacion-de-tendencia-a-commoditie\/\" aria-label=\"Read more about Pack Talks: La Sostenibilidad como Motor de Innovaci\u00f3n: De Tendencia a Commoditie\" tabindex=\"-1\" >\n\t\t\tRead More \u00bb\t\t<\/a>\n\n\t\t\t\t<\/div>\n\t\t\t\t<\/article>\n\t\t\t\t<article class=\"elementor-post elementor-grid-item post-173137 post type-post status-publish format-standard has-post-thumbnail hentry category-blog category-un-cafe-con tag-bolton-food tag-catalina-cortizo tag-entrevista tag-quality-packaging-supervisor tag-un-cafe-con\" role=\"listitem\">\n\t\t\t\t<div class=\"elementor-post__text\">\n\t\t\t\t<h3 class=\"elementor-post__title\">\n\t\t\t<a href=\"https:\/\/www.empackmadrid.com\/es\/2026\/04\/08\/un-cafe-con-catalina-cortizo-quality-packaging-supervisor-en-bolton-food\/\" >\n\t\t\t\tUn caf\u00e9 con Catalina Cortizo, Quality Packaging Supervisor en Bolton Food\t\t\t<\/a>\n\t\t<\/h3>\n\t\t\t\t<div class=\"elementor-post__excerpt\">\n\t\t\t<p>Empack: Catalina, cu\u00e9ntanos un poco tu experiencia en Bolton Food y c\u00f3mo es tu d\u00eda a d\u00eda dentro de la empresa. Catalina: Mi experiencia en<\/p>\n\t\t<\/div>\n\t\t\n\t\t<a class=\"elementor-post__read-more\" href=\"https:\/\/www.empackmadrid.com\/es\/2026\/04\/08\/un-cafe-con-catalina-cortizo-quality-packaging-supervisor-en-bolton-food\/\" aria-label=\"Read more about Un caf\u00e9 con Catalina Cortizo, Quality Packaging Supervisor en Bolton Food\" tabindex=\"-1\" >\n\t\t\tRead More \u00bb\t\t<\/a>\n\n\t\t\t\t<\/div>\n\t\t\t\t<\/article>\n\t\t\t\t<\/div>\n\t\t\n\t\t\t\t\t\t<\/div>\n\t\t\t\t<\/div>\n\t\t\t\t<div class=\"elementor-element elementor-element-cf4f095 elementor-hidden-desktop elementor-hidden-tablet elementor-hidden-phone elementor-widget elementor-widget-wp-widget-adsanity-rotating-ads\" data-id=\"cf4f095\" data-element_type=\"widget\" data-widget_type=\"wp-widget-adsanity-rotating-ads.default\">\n\t\t\t\t<div class=\"elementor-widget-container\">\n\t\t\t\t\t<div class=\"adsanity-rotating-ads ad-aligncenter\" data-ids=\"11576,11578,11574,11580\" data-timer=\"5\" data-align=\"aligncenter\" data-max-width=\"0\">\n<div id=\"ad-11576\" class=\"ad-300x250 adsanity-300x250 aligncenter adsanity-aligncenter\"\n><div class=\"adsanity-inner\">\n\n<div class=\"adsanity-gati\" data-title=\"MPU 2\"><a rel=\"nofollow\" href=\"https:\/\/www.empackmadrid.com\/es\/ads\/mpu-2\/\"  target=\"_blank\"><img loading=\"lazy\" decoding=\"async\" width=\"300\" height=\"250\" src=\"https:\/\/easyfairsassets.com\/sites\/199\/2020\/12\/300-x-250_Interiors.jpg\" class=\"no-lazy-load wp-post-image\" alt=\"300-x-250_Interiors\" \/><\/a><\/div>\n<\/div><\/div>\n\n<\/div>\t\t\t\t<\/div>\n\t\t\t\t<\/div>\n\t\t\t\t<div class=\"elementor-element elementor-element-32229c2 elementor-hidden-desktop elementor-hidden-tablet elementor-hidden-phone elementor-widget elementor-widget-wp-widget-adsanity-rotating-ads\" data-id=\"32229c2\" data-element_type=\"widget\" data-widget_type=\"wp-widget-adsanity-rotating-ads.default\">\n\t\t\t\t<div class=\"elementor-widget-container\">\n\t\t\t\t\t<div class=\"adsanity-rotating-ads ad-aligncenter\" data-ids=\"11578,11576,11574,11580\" data-timer=\"5\" data-align=\"aligncenter\" data-max-width=\"0\">\n<div id=\"ad-11578\" class=\"ad-300x250 adsanity-300x250 aligncenter adsanity-aligncenter\"\n><div class=\"adsanity-inner\">\n\n<div class=\"adsanity-gati\" data-title=\"MPU 3\"><a rel=\"nofollow\" href=\"https:\/\/www.empackmadrid.com\/es\/ads\/mpu-3\/\"  target=\"_blank\"><img loading=\"lazy\" decoding=\"async\" width=\"300\" height=\"250\" src=\"https:\/\/easyfairsassets.com\/sites\/199\/2020\/12\/300-x-250_Honeywell.jpg\" class=\"no-lazy-load wp-post-image\" alt=\"300 x 250_Honeywell\" \/><\/a><\/div>\n<\/div><\/div>\n\n<\/div>\t\t\t\t<\/div>\n\t\t\t\t<\/div>\n\t\t\t\t\t<\/div>\n\t\t<\/div>\n\t\t\t\t\t<\/div>\n\t\t<\/section>\n\t\t\t\t<section class=\"elementor-section elementor-top-section elementor-element elementor-element-cea0b67 elementor-section-boxed elementor-section-height-default elementor-section-height-default\" data-id=\"cea0b67\" data-element_type=\"section\">\n\t\t\t\t\t\t<div class=\"elementor-container elementor-column-gap-default\">\n\t\t\t\t\t<div class=\"elementor-column elementor-col-100 elementor-top-column elementor-element elementor-element-fa3e35c\" data-id=\"fa3e35c\" data-element_type=\"column\">\n\t\t\t<div class=\"elementor-widget-wrap elementor-element-populated\">\n\t\t\t\t\t\t<section class=\"elementor-section elementor-inner-section elementor-element elementor-element-fa32c0f elementor-section-boxed elementor-section-height-default elementor-section-height-default\" data-id=\"fa32c0f\" data-element_type=\"section\">\n\t\t\t\t\t\t<div class=\"elementor-container elementor-column-gap-default\">\n\t\t\t\t\t<div class=\"elementor-column elementor-col-50 elementor-inner-column elementor-element elementor-element-b1cab46\" data-id=\"b1cab46\" data-element_type=\"column\">\n\t\t\t<div class=\"elementor-widget-wrap\">\n\t\t\t\t\t\t\t<\/div>\n\t\t<\/div>\n\t\t\t\t<div class=\"elementor-column elementor-col-50 elementor-inner-column elementor-element elementor-element-b70cfb3\" data-id=\"b70cfb3\" data-element_type=\"column\">\n\t\t\t<div class=\"elementor-widget-wrap\">\n\t\t\t\t\t\t\t<\/div>\n\t\t<\/div>\n\t\t\t\t\t<\/div>\n\t\t<\/section>\n\t\t\t\t\t<\/div>\n\t\t<\/div>\n\t\t\t\t\t<\/div>\n\t\t<\/section>\n\t\t\t\t<\/div>\n\t\t","protected":false},"excerpt":{"rendered":"<p>Soy bi\u00f3logo y MBA. Tengo 58 a\u00f1os, me incorpor\u00e9 en una peque\u00f1a empresa familiar, fundada por mi padre, dedicada a la recuperaci\u00f3n y reciclaje de papel y cart\u00f3n. Fuimos pioneros en el desarrollo de recogidas selectivas municipales, de papel y cart\u00f3n usado, contando con contenedores y camiones cedidos por el entonces MOPU, en 1.993. Desde [&hellip;]<\/p>\n","protected":false},"author":85,"featured_media":159734,"comment_status":"closed","ping_status":"open","sticky":false,"template":"","format":"standard","meta":{"_seopress_robots_primary_cat":"none","_seopress_titles_title":"Un caf\u00e9 con... Francisco Donoso, Managing Director en DOLAF Servicios Verdes y presidente del BIR (Bureau of International Recycling)","_seopress_titles_desc":"Un caf\u00e9 con... Francisco Donoso, Managing Director en DOLAF Servicios Verdes y presidente del BIR (Bureau of International Recycling)","_seopress_robots_index":"","footnotes":""},"categories":[326,699],"tags":[2723,2722,873,2721,860,1067,2431],"edition":[],"class_list":["post-159674","post","type-post","status-publish","format-standard","has-post-thumbnail","hentry","category-blog","category-un-cafe-con","tag-bureau-of-international-recycling","tag-dolaf","tag-entrevista","tag-francisco","tag-reciclaje","tag-un-cafe-con","tag-un-cafe-con-2"],"_links":{"self":[{"href":"https:\/\/www.empackmadrid.com\/es\/wp-json\/wp\/v2\/posts\/159674","targetHints":{"allow":["GET"]}}],"collection":[{"href":"https:\/\/www.empackmadrid.com\/es\/wp-json\/wp\/v2\/posts"}],"about":[{"href":"https:\/\/www.empackmadrid.com\/es\/wp-json\/wp\/v2\/types\/post"}],"author":[{"embeddable":true,"href":"https:\/\/www.empackmadrid.com\/es\/wp-json\/wp\/v2\/users\/85"}],"replies":[{"embeddable":true,"href":"https:\/\/www.empackmadrid.com\/es\/wp-json\/wp\/v2\/comments?post=159674"}],"version-history":[{"count":5,"href":"https:\/\/www.empackmadrid.com\/es\/wp-json\/wp\/v2\/posts\/159674\/revisions"}],"predecessor-version":[{"id":159808,"href":"https:\/\/www.empackmadrid.com\/es\/wp-json\/wp\/v2\/posts\/159674\/revisions\/159808"}],"wp:featuredmedia":[{"embeddable":true,"href":"https:\/\/www.empackmadrid.com\/es\/wp-json\/wp\/v2\/media\/159734"}],"wp:attachment":[{"href":"https:\/\/www.empackmadrid.com\/es\/wp-json\/wp\/v2\/media?parent=159674"}],"wp:term":[{"taxonomy":"category","embeddable":true,"href":"https:\/\/www.empackmadrid.com\/es\/wp-json\/wp\/v2\/categories?post=159674"},{"taxonomy":"post_tag","embeddable":true,"href":"https:\/\/www.empackmadrid.com\/es\/wp-json\/wp\/v2\/tags?post=159674"},{"taxonomy":"edition","embeddable":true,"href":"https:\/\/www.empackmadrid.com\/es\/wp-json\/wp\/v2\/edition?post=159674"}],"curies":[{"name":"wp","href":"https:\/\/api.w.org\/{rel}","templated":true}]}}