{"id":159835,"date":"2025-07-02T09:02:49","date_gmt":"2025-07-02T07:02:49","guid":{"rendered":"https:\/\/www.empackmadrid.com\/?p=159835"},"modified":"2025-07-18T14:47:25","modified_gmt":"2025-07-18T12:47:25","slug":"un-cafe-con-maria-camino-lifante-directora-de-compras-y-planificacion-en-grupo-entrepinares","status":"publish","type":"post","link":"https:\/\/www.empackmadrid.com\/es\/2025\/07\/02\/un-cafe-con-maria-camino-lifante-directora-de-compras-y-planificacion-en-grupo-entrepinares\/","title":{"rendered":"Un caf\u00e9 con\u2026 Maria Camino Lifante, directora de Compras y Planificaci\u00f3n en Grupo Entrepinares"},"content":{"rendered":"\t\t<div data-elementor-type=\"wp-post\" data-elementor-id=\"159835\" class=\"elementor elementor-159835\" data-elementor-post-type=\"post\">\n\t\t\t\t\t\t<section class=\"elementor-section elementor-top-section elementor-element elementor-element-186bb815 elementor-section-full_width elementor-section-height-default elementor-section-height-default\" data-id=\"186bb815\" data-element_type=\"section\">\n\t\t\t\t\t\t<div class=\"elementor-container elementor-column-gap-default\">\n\t\t\t\t\t<div class=\"elementor-column elementor-col-50 elementor-top-column elementor-element elementor-element-717d635b\" data-id=\"717d635b\" data-element_type=\"column\">\n\t\t\t<div class=\"elementor-widget-wrap elementor-element-populated\">\n\t\t\t\t\t\t<div class=\"elementor-element elementor-element-2aecddd elementor-invisible elementor-widget elementor-widget-heading\" data-id=\"2aecddd\" data-element_type=\"widget\" data-settings=\"{&quot;_animation&quot;:&quot;fadeInRight&quot;}\" data-widget_type=\"heading.default\">\n\t\t\t\t<div class=\"elementor-widget-container\">\n\t\t\t\t\t<h1 class=\"elementor-heading-title elementor-size-default\">Un caf\u00e9 con\u2026 Maria Camino Lifante, directora de Compras y Planificaci\u00f3n en Grupo Entrepinares<\/h1>\t\t\t\t<\/div>\n\t\t\t\t<\/div>\n\t\t\t\t<div class=\"elementor-element elementor-element-f4b27ee elementor-widget__width-initial elementor-widget elementor-widget-text-editor\" data-id=\"f4b27ee\" data-element_type=\"widget\" data-widget_type=\"text-editor.default\">\n\t\t\t\t<div class=\"elementor-widget-container\">\n\t\t\t\t\t\t\t\t\t<p><span data-contrast=\"auto\">Camino Lifante es directora de Compras y Planificaci\u00f3n en el Grupo Entrepinares desde 2018. Anteriormente a su incorporaci\u00f3n al Grupo Entrepinares, desarroll\u00f3 la mayor parte de su carrera profesional en el Reino Unido, trabajando en el Banco Santander UK, Britvic Drinks y BP entre otros, especializada en la entrega de proyectos relacionados con la optimizaci\u00f3n de las operaciones de compras.\u00a0<\/span><span data-ccp-props=\"{&quot;335551550&quot;:6,&quot;335551620&quot;:6}\">\u00a0<\/span><\/p><p><b><span data-contrast=\"auto\">Empack:<\/span><\/b> <b><span data-contrast=\"auto\">Camino,<\/span><\/b> <b><span data-contrast=\"auto\">cu\u00e9ntanos un poco c\u00f3mo es tu d\u00eda a d\u00eda en la empresa y en qu\u00e9 consiste tu roll dentro del Grupo Entrepinares.<\/span><\/b><span data-ccp-props=\"{&quot;335551550&quot;:6,&quot;335551620&quot;:6}\">\u00a0<\/span><\/p><p><span data-contrast=\"auto\"><strong>Maria:<\/strong> Mi rol implica asegurar que en todo momento contamos con lo que la empresa necesita enfoc\u00e1ndonos en la calidad, gesti\u00f3n del riesgo, sostenibilidad y por supuesto el precio. <\/span><span data-ccp-props=\"{&quot;335551550&quot;:6,&quot;335551620&quot;:6}\">\u00a0<\/span><\/p><p><span data-contrast=\"auto\">Para conseguir esto, mi equipo y yo revisamos el mercado, nuestras previsiones de ventas y colaboramos estrechamente con otros departamentos, escuchando sus solicitudes y ayud\u00e1ndoles a definir sus necesidades, aportando una visi\u00f3n global y hol\u00edstica en toda la cadena de valor, no solo de la empresa sino tambi\u00e9n del mercado.\u00a0<\/span><span data-ccp-props=\"{&quot;335551550&quot;:6,&quot;335551620&quot;:6}\">\u00a0<\/span><\/p><p><span data-contrast=\"auto\">De esta manera nos aseguramos de que tenemos los materiales y servicios adecuados a nuestro tama\u00f1o y objetivos estrat\u00e9gicos.<\/span><span data-ccp-props=\"{&quot;335551550&quot;:6,&quot;335551620&quot;:6}\">\u00a0<\/span><\/p><p><span data-contrast=\"auto\">Mi d\u00eda a d\u00eda es muy variado y entretenido, reviso oportunidades de negociaci\u00f3n y optimizaci\u00f3n de procesos, colaboro en proyectos de mejora con stakeholders de la empresa, vigilo el desempe\u00f1o de nuestros proveedores y monitorizo el mercado para identificar oportunidades entre otras cosas. Tambi\u00e9n soy miembro de nuestro comit\u00e9 de compliance y de transformaci\u00f3n digital, por lo que tengo la suerte de estar involucrada en procesos que requieren optimizaci\u00f3n, aprendizaje continuo y decisiones que impactan a toda la empresa<\/span><span data-ccp-props=\"{&quot;335551550&quot;:6,&quot;335551620&quot;:6}\">\u00a0<\/span><\/p><p><span data-contrast=\"auto\">Lo que mas me gusta de trabajar en compras es que es un rol multidisciplinar, donde estamos aprendiendo continuamente ya sea de otros departamentos o proveedores.<\/span><span data-ccp-props=\"{&quot;335551550&quot;:6,&quot;335551620&quot;:6}\">\u00a0<\/span><\/p><p><b><span data-contrast=\"auto\">Empack:<\/span><\/b>\u00a0<b><span data-contrast=\"auto\">Tras a\u00f1os de experiencia,<\/span><\/b> <b><span data-contrast=\"auto\">\u00bfQu\u00e9 proyectos dentro de tu trayectoria profesional te han supuesto un mayor reto o cu\u00e1les son los que recuerdas especialmente y por qu\u00e9?<\/span><\/b><span data-ccp-props=\"{&quot;335551550&quot;:6,&quot;335551620&quot;:6}\">\u00a0<\/span><\/p><p><span data-contrast=\"auto\"><strong>Maria:<\/strong> Sin duda la transformaci\u00f3n digital en el \u00e1rea de compras, desde la selecci\u00f3n e implantaci\u00f3n de herramientas digitales como procesos Procure2Pay, gesti\u00f3n de proveedores a trav\u00e9s de un portal, uso de plataformas de negociaci\u00f3n, creaci\u00f3n de ordenes de PO seg\u00fan negociaciones e implantaci\u00f3n de RPAs asegurando que los compradores estamos enfocados en la gesti\u00f3n estrat\u00e9gica a\u00f1adiendo valor y minimizando las tareas administrativas.<\/span><span data-ccp-props=\"{&quot;335551550&quot;:6,&quot;335551620&quot;:6}\">\u00a0<\/span><\/p><p><span data-contrast=\"auto\">De todos los proyectos en los que he colaborado en distintas empresas a lo largo de mi carrera profesional, mi preferido ha sido siempre la implantaci\u00f3n de procesos Procure2Pay donde se gestiona la compra electr\u00f3nicamente desde la selecci\u00f3n de proveedores antes del lanzamiento del pedido hasta el pago a trav\u00e9s de herramientas digitales.\u00a0<\/span><span data-ccp-props=\"{&quot;335551550&quot;:6,&quot;335551620&quot;:6}\">\u00a0<\/span><\/p><p><span data-contrast=\"auto\">La implantaci\u00f3n de estos procesos requiere necesariamente la revisi\u00f3n y optimizaci\u00f3n de los procesos existentes, y se traduce en una mejora en las relaciones con los proveedores, mayor control sobre el flujo de informaci\u00f3n y control presupuestario, permitiendo que los usuarios se enfoquen en sus responsabilidades, sin emplear apenas tiempo en gestiones administrativas.\u00a0<\/span><span data-ccp-props=\"{&quot;335551550&quot;:6,&quot;335551620&quot;:6}\">\u00a0<\/span><\/p><p><span data-contrast=\"auto\">El tama\u00f1o de la empresa y sus objetivos estrat\u00e9gicos determinan para cada caso el mejor enfoque y herramientas digitales \u00f3ptimas, por lo que estos proyectos, lejos de ser repeticiones, requieren de distintos enfoque y recursos.<\/span><span data-ccp-props=\"{&quot;335551550&quot;:6,&quot;335551620&quot;:6}\">\u00a0<\/span><\/p>\t\t\t\t\t\t\t\t<\/div>\n\t\t\t\t<\/div>\n\t\t\t\t<div class=\"elementor-element elementor-element-913ffdc elementor-widget elementor-widget-image\" data-id=\"913ffdc\" data-element_type=\"widget\" data-widget_type=\"image.default\">\n\t\t\t\t<div class=\"elementor-widget-container\">\n\t\t\t\t\t\t\t\t\t\t\t\t\t\t\t<img fetchpriority=\"high\" decoding=\"async\" width=\"768\" height=\"515\" src=\"https:\/\/easyfairsassets.com\/sites\/199\/2025\/06\/jpg-Camino-Lifante-2-768x515.png\" class=\"attachment-medium_large size-medium_large wp-image-159840\" alt=\"\" srcset=\"https:\/\/easyfairsassets.com\/sites\/199\/2025\/06\/jpg-Camino-Lifante-2-768x515.png 768w, https:\/\/easyfairsassets.com\/sites\/199\/2025\/06\/jpg-Camino-Lifante-2-300x201.png 300w, https:\/\/easyfairsassets.com\/sites\/199\/2025\/06\/jpg-Camino-Lifante-2-1024x686.png 1024w, https:\/\/easyfairsassets.com\/sites\/199\/2025\/06\/jpg-Camino-Lifante-2.png 1240w\" sizes=\"(max-width: 768px) 100vw, 768px\" \/>\t\t\t\t\t\t\t\t\t\t\t\t\t\t\t<\/div>\n\t\t\t\t<\/div>\n\t\t\t\t<div class=\"elementor-element elementor-element-6d3cd75 elementor-widget elementor-widget-text-editor\" data-id=\"6d3cd75\" data-element_type=\"widget\" data-widget_type=\"text-editor.default\">\n\t\t\t\t<div class=\"elementor-widget-container\">\n\t\t\t\t\t\t\t\t\t<p><strong>Empack: <\/strong><b><span data-contrast=\"auto\">\u00bfCu\u00e1les crees que son las mayores ventajas de contar con ferias como Empack y Logistics &amp; Automation tanto en Bilbao como en Madrid, para nuestro tejido industrial?<\/span><\/b><span data-ccp-props=\"{&quot;335551550&quot;:6,&quot;335551620&quot;:6}\">\u00a0<\/span><\/p><p><span data-contrast=\"auto\"><strong>Maria:<\/strong> Para nosotros estas ferias son vitales permiti\u00e9ndonos estar al d\u00eda de desarrollos tecnol\u00f3gicos y legislativos del sector.<\/span><span data-ccp-props=\"{&quot;335551550&quot;:6,&quot;335551620&quot;:6}\">\u00a0<\/span><\/p><p><span data-contrast=\"auto\">Asistir a ferias nos aporta una visi\u00f3n del exterior y es una motivaci\u00f3n para el equipo. Es muy positivo entender que otras empresas tienen retos parecidos a los nuestros, que el mercado se mueve para aportar soluciones, y b\u00e1sicamente, que las empresas no son entornos aislados, sino un ecosistema interconectado.\u00a0<\/span><span data-ccp-props=\"{&quot;335551550&quot;:6,&quot;335551620&quot;:6}\">\u00a0<\/span><\/p><p><span data-contrast=\"auto\">Esto es a\u00fan m\u00e1s valioso en el actual entorno BANI cambiante y fr\u00e1gil donde debemos estar preparados para virar posiciones y estrategias seg\u00fan se comporte el mercado con la consiguiente p\u00e9rdida de competitividad si no lo hacemos.<\/span><span data-ccp-props=\"{&quot;335551550&quot;:6,&quot;335551620&quot;:6}\">\u00a0<\/span><\/p><p><span data-contrast=\"auto\">Es muy importante intercambiar impresiones con profesionales de otros sectores, aprender de otros y conocer tendencias. A trav\u00e9s de las exposiciones, talleres y networking, podemos conocer soluciones existentes a problemas comunes a todos y generar sinergias que desde un despacho es dif\u00edcil lograr.\u00a0<\/span><\/p><p><b><span data-contrast=\"auto\">Empack:<\/span><\/b> <b><span data-contrast=\"auto\">En un sector tan exigente como el alimentario, \u00bfqu\u00e9 es lo que m\u00e1s te sigue motivando cada d\u00eda en tu trabajo?<\/span><\/b><span data-ccp-props=\"{&quot;335551550&quot;:6,&quot;335551620&quot;:6}\">\u00a0<\/span><\/p><p><span data-contrast=\"auto\"><strong>Maria:<\/strong> Sin duda la propia exigencia del sector, el ser consciente del impacto que nuestro trabajo tiene en el bienestar y salud de millones de clientes. Esto nos ayuda a superarnos, mantenernos motivados y buscar siempre la optimizaci\u00f3n de lo existente. <\/span><span data-ccp-props=\"{&quot;335551550&quot;:6,&quot;335551620&quot;:6}\">\u00a0<\/span><\/p><p><span data-contrast=\"auto\">Nuevos lanzamientos y mejoras de productos existentes son nuestra principal fuente de orgullo, nos sentimos parte de algo bueno para la sociedad y, como el principal transformador de l\u00e1cteos de Espa\u00f1a, sabemos que nuestras decisiones impactan el mercado nacional.<\/span><span data-ccp-props=\"{&quot;335551550&quot;:6,&quot;335551620&quot;:6}\">\u00a0<\/span><\/p><p><span data-contrast=\"auto\">As\u00ed mismo, todo el equipo se toma muy en serio que la seguridad alimentaria es la fuerza motriz de todas nuestras decisiones, estamos en revisi\u00f3n continua de nuestras pol\u00edticas y certificaciones para estar tranquilos al 100% de la inocuidad de nuestros productos.\u00a0<\/span><span data-ccp-props=\"{&quot;335551550&quot;:6,&quot;335551620&quot;:6}\">\u00a0<\/span><\/p><p><b><span data-contrast=\"auto\">Empack:<\/span><\/b> <b><span data-contrast=\"auto\">Y si miramos al futuro: \u00bfQu\u00e9 te gustar\u00eda ver implantado en el sector dentro de cinco o diez a\u00f1os en t\u00e9rminos de sostenibilidad o innovaci\u00f3n?<\/span><\/b><span data-ccp-props=\"{&quot;335551550&quot;:6,&quot;335551620&quot;:6}\">\u00a0<\/span><\/p><p><span data-contrast=\"auto\"><strong>Maria:<\/strong> La fabricaci\u00f3n del queso se remonta al Neolitico y la innovaci\u00f3n se lleva dando de manera org\u00e1nica desde hace miles de a\u00f1os, desarrollado distintos sabores y texturas que hoy en d\u00eda son una se\u00f1al de identidad para las zonas de producci\u00f3n.\u00a0 <\/span><span data-ccp-props=\"{&quot;335551550&quot;:6,&quot;335551620&quot;:6}\">\u00a0<\/span><\/p><p><span data-contrast=\"auto\">En cuanto a la innovaci\u00f3n actual yo veo una oportunidad para nuevos productos, igualmente saludables, pero con distinto contenido nutricional para adaptarse a las necesidades alimentarias de los distintos grupos de edad, as\u00ed como para atender intolerancias y alergias sin renunciar a un alimento muy completo.<\/span><span data-ccp-props=\"{&quot;335551550&quot;:6,&quot;335551620&quot;:6}\">\u00a0<\/span><\/p><p><span data-contrast=\"auto\">Desde un punto de vista de sostenibilidad, nosotros estamos apostando por nuevos materiales y formatos, menos packaging, optimizaci\u00f3n de las cadenas de suministro (como no transportar aire) y colaboraciones intersectoriales para optimizar la log\u00edstica.<\/span><\/p>\t\t\t\t\t\t\t\t<\/div>\n\t\t\t\t<\/div>\n\t\t\t\t<div class=\"elementor-element elementor-element-daf0bfb elementor-hidden-desktop elementor-hidden-tablet elementor-hidden-mobile elementor-widget elementor-widget-button\" data-id=\"daf0bfb\" data-element_type=\"widget\" data-widget_type=\"button.default\">\n\t\t\t\t<div class=\"elementor-widget-container\">\n\t\t\t\t\t\t\t\t\t<div class=\"elementor-button-wrapper\">\n\t\t\t\t\t<a class=\"elementor-button elementor-button-link elementor-size-sm\" href=\"https:\/\/www.interempresas.net\/Envase\/Articulos\/376402-Son-las-tendencias-actuales-en-envase-mas-sostenibles.html\" target=\"_blank\" rel=\"nofollow\">\n\t\t\t\t\t\t<span class=\"elementor-button-content-wrapper\">\n\t\t\t\t\t\t\t\t\t<span class=\"elementor-button-text\">Lee la noticia completa<\/span>\n\t\t\t\t\t<\/span>\n\t\t\t\t\t<\/a>\n\t\t\t\t<\/div>\n\t\t\t\t\t\t\t\t<\/div>\n\t\t\t\t<\/div>\n\t\t\t\t<div class=\"elementor-element elementor-element-1acd7351 elementor-hidden-desktop elementor-hidden-tablet elementor-hidden-mobile elementor-invisible elementor-widget elementor-widget-text-editor\" data-id=\"1acd7351\" data-element_type=\"widget\" data-settings=\"{&quot;_animation&quot;:&quot;fadeInRight&quot;}\" data-widget_type=\"text-editor.default\">\n\t\t\t\t<div class=\"elementor-widget-container\">\n\t\t\t\t\t\t\t\t\t<p><span style=\"vertical-align: inherit;\"><span style=\"vertical-align: inherit;\"><span style=\"vertical-align: inherit;\"><span style=\"vertical-align: inherit;\"><span style=\"vertical-align: inherit;\"><span style=\"vertical-align: inherit;\">Share this article<\/span><\/span><\/span><\/span><\/span><\/span><\/p>\t\t\t\t\t\t\t\t<\/div>\n\t\t\t\t<\/div>\n\t\t\t\t<div class=\"elementor-element elementor-element-ed29d07 elementor-widget elementor-widget-image\" data-id=\"ed29d07\" data-element_type=\"widget\" data-widget_type=\"image.default\">\n\t\t\t\t<div class=\"elementor-widget-container\">\n\t\t\t\t\t\t\t\t\t\t\t\t\t\t\t\t<a href=\"http:\/\/app.gleanin.com\/share\/c\/16151\/s\/251598\">\n\t\t\t\t\t\t\t<img decoding=\"async\" width=\"1536\" height=\"115\" src=\"https:\/\/easyfairsassets.com\/sites\/199\/2023\/10\/Empack-News-1536x115.png\" class=\"attachment-1536x1536 size-1536x1536 wp-image-115947\" alt=\"gleanin empack newsletter banner\" srcset=\"https:\/\/easyfairsassets.com\/sites\/199\/2023\/10\/Empack-News-1536x115.png 1536w, https:\/\/easyfairsassets.com\/sites\/199\/2023\/10\/Empack-News-300x23.png 300w, https:\/\/easyfairsassets.com\/sites\/199\/2023\/10\/Empack-News-1024x77.png 1024w, https:\/\/easyfairsassets.com\/sites\/199\/2023\/10\/Empack-News-768x58.png 768w, https:\/\/easyfairsassets.com\/sites\/199\/2023\/10\/Empack-News.png 1920w\" sizes=\"(max-width: 1536px) 100vw, 1536px\" \/>\t\t\t\t\t\t\t\t<\/a>\n\t\t\t\t\t\t\t\t\t\t\t\t\t\t\t<\/div>\n\t\t\t\t<\/div>\n\t\t\t\t<div class=\"elementor-element elementor-element-574c33b elementor-widget elementor-widget-image\" data-id=\"574c33b\" data-element_type=\"widget\" data-widget_type=\"image.default\">\n\t\t\t\t<div class=\"elementor-widget-container\">\n\t\t\t\t\t\t\t\t\t\t\t\t\t\t\t\t<a href=\"https:\/\/www.empackmadrid.com\/es\/medios\/suscribete-a-nuestra-newsletter\/?actioncode=GLEA1\">\n\t\t\t\t\t\t\t<img decoding=\"async\" width=\"1536\" height=\"115\" src=\"https:\/\/easyfairsassets.com\/sites\/199\/2023\/10\/Empack-News-1-1536x115.png\" class=\"attachment-1536x1536 size-1536x1536 wp-image-115953\" alt=\"suscr\u00edbete a la newsletter banner\" srcset=\"https:\/\/easyfairsassets.com\/sites\/199\/2023\/10\/Empack-News-1-1536x115.png 1536w, https:\/\/easyfairsassets.com\/sites\/199\/2023\/10\/Empack-News-1-300x23.png 300w, https:\/\/easyfairsassets.com\/sites\/199\/2023\/10\/Empack-News-1-1024x77.png 1024w, https:\/\/easyfairsassets.com\/sites\/199\/2023\/10\/Empack-News-1-768x58.png 768w, https:\/\/easyfairsassets.com\/sites\/199\/2023\/10\/Empack-News-1.png 1920w\" sizes=\"(max-width: 1536px) 100vw, 1536px\" \/>\t\t\t\t\t\t\t\t<\/a>\n\t\t\t\t\t\t\t\t\t\t\t\t\t\t\t<\/div>\n\t\t\t\t<\/div>\n\t\t\t\t<div class=\"elementor-element elementor-element-e058e3b elementor-share-buttons--view-icon elementor-share-buttons--skin-flat elementor-share-buttons--shape-rounded elementor-share-buttons--color-custom elementor-grid-0 elementor-widget elementor-widget-share-buttons\" data-id=\"e058e3b\" data-element_type=\"widget\" data-widget_type=\"share-buttons.default\">\n\t\t\t\t<div class=\"elementor-widget-container\">\n\t\t\t\t\t\t\t<div class=\"elementor-grid\" role=\"list\">\n\t\t\t\t\t\t\t\t<div class=\"elementor-grid-item\" role=\"listitem\">\n\t\t\t\t\t\t<div class=\"elementor-share-btn elementor-share-btn_facebook\" role=\"button\" tabindex=\"0\" aria-label=\"Share on facebook\">\n\t\t\t\t\t\t\t\t\t\t\t\t\t\t\t<span class=\"elementor-share-btn__icon\">\n\t\t\t\t\t\t\t\t<i class=\"fab fa-facebook\" aria-hidden=\"true\"><\/i>\t\t\t\t\t\t\t<\/span>\n\t\t\t\t\t\t\t\t\t\t\t\t\t\t\t\t\t\t\t\t<\/div>\n\t\t\t\t\t<\/div>\n\t\t\t\t\t\t\t\t\t<div class=\"elementor-grid-item\" role=\"listitem\">\n\t\t\t\t\t\t<div class=\"elementor-share-btn elementor-share-btn_twitter\" role=\"button\" tabindex=\"0\" aria-label=\"Share on twitter\">\n\t\t\t\t\t\t\t\t\t\t\t\t\t\t\t<span class=\"elementor-share-btn__icon\">\n\t\t\t\t\t\t\t\t<i class=\"fab fa-twitter\" aria-hidden=\"true\"><\/i>\t\t\t\t\t\t\t<\/span>\n\t\t\t\t\t\t\t\t\t\t\t\t\t\t\t\t\t\t\t\t<\/div>\n\t\t\t\t\t<\/div>\n\t\t\t\t\t\t\t\t\t<div class=\"elementor-grid-item\" role=\"listitem\">\n\t\t\t\t\t\t<div class=\"elementor-share-btn elementor-share-btn_linkedin\" role=\"button\" tabindex=\"0\" aria-label=\"Share on linkedin\">\n\t\t\t\t\t\t\t\t\t\t\t\t\t\t\t<span class=\"elementor-share-btn__icon\">\n\t\t\t\t\t\t\t\t<i class=\"fab fa-linkedin\" aria-hidden=\"true\"><\/i>\t\t\t\t\t\t\t<\/span>\n\t\t\t\t\t\t\t\t\t\t\t\t\t\t\t\t\t\t\t\t<\/div>\n\t\t\t\t\t<\/div>\n\t\t\t\t\t\t<\/div>\n\t\t\t\t\t\t<\/div>\n\t\t\t\t<\/div>\n\t\t\t\t\t<\/div>\n\t\t<\/div>\n\t\t\t\t<div class=\"elementor-column elementor-col-50 elementor-top-column elementor-element elementor-element-42bf2a35\" data-id=\"42bf2a35\" data-element_type=\"column\">\n\t\t\t<div class=\"elementor-widget-wrap elementor-element-populated\">\n\t\t\t\t\t\t<div class=\"elementor-element elementor-element-f4979c4 elementor-invisible elementor-widget elementor-widget-heading\" data-id=\"f4979c4\" data-element_type=\"widget\" data-settings=\"{&quot;_animation&quot;:&quot;fadeInRight&quot;}\" data-widget_type=\"heading.default\">\n\t\t\t\t<div class=\"elementor-widget-container\">\n\t\t\t\t\t<h2 class=\"elementor-heading-title elementor-size-default\">Suscr\u00edbete a nuestra newsletter<\/h2>\t\t\t\t<\/div>\n\t\t\t\t<\/div>\n\t\t\t\t<div class=\"elementor-element elementor-element-c5144c8 elementor-widget__width-inherit elementor-hidden-phone elementor-button-align-stretch elementor-widget elementor-widget-global elementor-global-125207 elementor-widget-form\" data-id=\"c5144c8\" data-element_type=\"widget\" data-settings=\"{&quot;button_width&quot;:&quot;20&quot;,&quot;step_next_label&quot;:&quot;Next&quot;,&quot;step_previous_label&quot;:&quot;Previous&quot;,&quot;step_type&quot;:&quot;number_text&quot;,&quot;step_icon_shape&quot;:&quot;circle&quot;}\" data-widget_type=\"form.default\">\n\t\t\t\t<div class=\"elementor-widget-container\">\n\t\t\t\t\t\t\t<form class=\"elementor-form\" method=\"post\" name=\"Newsletter\" aria-label=\"Newsletter\">\n\t\t\t<input type=\"hidden\" name=\"post_id\" value=\"159835\"\/>\n\t\t\t<input type=\"hidden\" name=\"form_id\" value=\"c5144c8\"\/>\n\t\t\t<input type=\"hidden\" name=\"referer_title\" value=\"\" \/>\n\n\t\t\t\n\t\t\t<div class=\"elementor-form-fields-wrapper elementor-labels-\">\n\t\t\t\t\t\t\t\t<div class=\"elementor-field-type-text elementor-field-group elementor-column elementor-field-group-FirstName elementor-col-100\">\n\t\t\t\t\t\t\t\t\t\t\t\t<label for=\"form-field-FirstName\" class=\"elementor-field-label elementor-screen-only\">\n\t\t\t\t\t\t\t\tNombre\t\t\t\t\t\t\t<\/label>\n\t\t\t\t\t\t\t\t\t\t\t\t\t\t<input size=\"1\" type=\"text\" name=\"form_fields[FirstName]\" id=\"form-field-FirstName\" class=\"elementor-field elementor-size-sm  elementor-field-textual\" placeholder=\"Nombre\">\n\t\t\t\t\t\t\t\t\t\t\t<\/div>\n\t\t\t\t\t\t\t\t<div class=\"elementor-field-type-text elementor-field-group elementor-column elementor-field-group-LastName elementor-col-100\">\n\t\t\t\t\t\t\t\t\t\t\t\t<label for=\"form-field-LastName\" class=\"elementor-field-label elementor-screen-only\">\n\t\t\t\t\t\t\t\tApellido\t\t\t\t\t\t\t<\/label>\n\t\t\t\t\t\t\t\t\t\t\t\t\t\t<input size=\"1\" type=\"text\" name=\"form_fields[LastName]\" id=\"form-field-LastName\" class=\"elementor-field elementor-size-sm  elementor-field-textual\" placeholder=\"Apellido\">\n\t\t\t\t\t\t\t\t\t\t\t<\/div>\n\t\t\t\t\t\t\t\t<div class=\"elementor-field-type-email elementor-field-group elementor-column elementor-field-group-Email elementor-col-100 elementor-field-required\">\n\t\t\t\t\t\t\t\t\t\t\t\t<label for=\"form-field-Email\" class=\"elementor-field-label elementor-screen-only\">\n\t\t\t\t\t\t\t\tEmail\t\t\t\t\t\t\t<\/label>\n\t\t\t\t\t\t\t\t\t\t\t\t\t\t<input size=\"1\" type=\"email\" name=\"form_fields[Email]\" id=\"form-field-Email\" class=\"elementor-field elementor-size-sm  elementor-field-textual\" placeholder=\"Email\" required=\"required\">\n\t\t\t\t\t\t\t\t\t\t\t<\/div>\n\t\t\t\t\t\t\t\t<div class=\"elementor-field-type-recaptcha_v3 elementor-field-group elementor-column elementor-field-group-field_81a6251 elementor-col-100 recaptcha_v3-inline\">\n\t\t\t\t\t<div class=\"elementor-field\" id=\"form-field-field_81a6251\"><div class=\"elementor-g-recaptcha\" data-sitekey=\"6Le35IIaAAAAAD3jT_Sfue3jxR464FxFobR3cEkm\" data-type=\"v3\" data-action=\"Form\" data-badge=\"inline\" data-size=\"invisible\"><\/div><\/div>\t\t\t\t<\/div>\n\t\t\t\t\t\t\t\t<div class=\"elementor-field-group elementor-column elementor-field-type-submit elementor-col-20 e-form__buttons\">\n\t\t\t\t\t<button class=\"elementor-button elementor-size-md\" type=\"submit\">\n\t\t\t\t\t\t<span class=\"elementor-button-content-wrapper\">\n\t\t\t\t\t\t\t\t\t\t\t\t\t\t\t\t\t\t\t\t\t\t<span class=\"elementor-button-text\">Enviar<\/span>\n\t\t\t\t\t\t\t\t\t\t\t\t\t<\/span>\n\t\t\t\t\t<\/button>\n\t\t\t\t<\/div>\n\t\t\t<\/div>\n\t\t<\/form>\n\t\t\t\t\t\t<\/div>\n\t\t\t\t<\/div>\n\t\t\t\t<div class=\"elementor-element elementor-element-e94ca32 elementor-hidden-desktop elementor-hidden-tablet elementor-hidden-phone elementor-widget elementor-widget-wp-widget-adsanity-rotating-ads\" data-id=\"e94ca32\" data-element_type=\"widget\" data-widget_type=\"wp-widget-adsanity-rotating-ads.default\">\n\t\t\t\t<div class=\"elementor-widget-container\">\n\t\t\t\t\t<div class=\"adsanity-rotating-ads ad-aligncenter\" data-ids=\"11578,11576,11580,11574\" data-timer=\"5\" data-align=\"aligncenter\" data-max-width=\"0\">\n<div id=\"ad-11578\" class=\"ad-300x250 adsanity-300x250 aligncenter adsanity-aligncenter\"\n><div class=\"adsanity-inner\">\n\n<div class=\"adsanity-gati\" data-title=\"MPU 3\"><a rel=\"nofollow\" href=\"https:\/\/www.empackmadrid.com\/es\/ads\/mpu-3\/\"  target=\"_blank\"><img loading=\"lazy\" decoding=\"async\" width=\"300\" height=\"250\" src=\"https:\/\/easyfairsassets.com\/sites\/199\/2020\/12\/300-x-250_Honeywell.jpg\" class=\"no-lazy-load wp-post-image\" alt=\"300 x 250_Honeywell\" \/><\/a><\/div>\n<\/div><\/div>\n\n<\/div>\t\t\t\t<\/div>\n\t\t\t\t<\/div>\n\t\t\t\t<div class=\"elementor-element elementor-element-496586bb elementor-widget-divider--view-line elementor-widget elementor-widget-divider\" data-id=\"496586bb\" data-element_type=\"widget\" data-widget_type=\"divider.default\">\n\t\t\t\t<div class=\"elementor-widget-container\">\n\t\t\t\t\t\t\t<div class=\"elementor-divider\">\n\t\t\t<span class=\"elementor-divider-separator\">\n\t\t\t\t\t\t<\/span>\n\t\t<\/div>\n\t\t\t\t\t\t<\/div>\n\t\t\t\t<\/div>\n\t\t\t\t<div class=\"elementor-element elementor-element-54989791 elementor-grid-1 elementor-posts--thumbnail-none elementor-grid-tablet-1 elementor-grid-mobile-1 elementor-widget elementor-widget-posts\" data-id=\"54989791\" data-element_type=\"widget\" data-settings=\"{&quot;classic_columns&quot;:&quot;1&quot;,&quot;classic_row_gap&quot;:{&quot;unit&quot;:&quot;px&quot;,&quot;size&quot;:&quot;23&quot;,&quot;sizes&quot;:[]},&quot;classic_columns_tablet&quot;:&quot;1&quot;,&quot;classic_columns_mobile&quot;:&quot;1&quot;,&quot;classic_row_gap_tablet&quot;:{&quot;unit&quot;:&quot;px&quot;,&quot;size&quot;:&quot;&quot;,&quot;sizes&quot;:[]},&quot;classic_row_gap_mobile&quot;:{&quot;unit&quot;:&quot;px&quot;,&quot;size&quot;:&quot;&quot;,&quot;sizes&quot;:[]}}\" data-widget_type=\"posts.classic\">\n\t\t\t\t<div class=\"elementor-widget-container\">\n\t\t\t\t\t\t\t<div class=\"elementor-posts-container elementor-posts elementor-posts--skin-classic elementor-grid\" role=\"list\">\n\t\t\t\t<article class=\"elementor-post elementor-grid-item post-173177 post type-post status-publish format-standard has-post-thumbnail hentry category-blog category-maquinaria-y-tecnologia-de-packaging tag-roland-dg tag-tintas-multicolor tag-tintas-multicolor-dea2 tag-truevis-xp640\" role=\"listitem\">\n\t\t\t\t<div class=\"elementor-post__text\">\n\t\t\t\t<h3 class=\"elementor-post__title\">\n\t\t\t<a href=\"https:\/\/www.empackmadrid.com\/es\/2026\/04\/08\/mondi-revela-como-los-envases-de-carton-ondulado-pueden-reducir-el-desperdicio-alimentario\/\" >\n\t\t\t\tMondi revela c\u00f3mo los envases de cart\u00f3n ondulado pueden reducir el desperdicio alimentario\t\t\t<\/a>\n\t\t<\/h3>\n\t\t\t\t<div class=\"elementor-post__excerpt\">\n\t\t\t<p>Mondi ha publicado un nuevo informe t\u00e9cnico que explora c\u00f3mo\u00a0los embalajes adecuados pueden ayudar\u00a0a los productores y minoristas de alimentos\u00a0a proteger la calidad del producto<\/p>\n\t\t<\/div>\n\t\t\n\t\t<a class=\"elementor-post__read-more\" href=\"https:\/\/www.empackmadrid.com\/es\/2026\/04\/08\/mondi-revela-como-los-envases-de-carton-ondulado-pueden-reducir-el-desperdicio-alimentario\/\" aria-label=\"Read more about Mondi revela c\u00f3mo los envases de cart\u00f3n ondulado pueden reducir el desperdicio alimentario\" tabindex=\"-1\" >\n\t\t\tRead More \u00bb\t\t<\/a>\n\n\t\t\t\t<\/div>\n\t\t\t\t<\/article>\n\t\t\t\t<article class=\"elementor-post elementor-grid-item post-173167 post type-post status-publish format-standard has-post-thumbnail hentry category-blog category-maquinaria-y-tecnologia-de-packaging tag-roland-dg tag-tintas-multicolor tag-tintas-multicolor-dea2 tag-truevis-xp640\" role=\"listitem\">\n\t\t\t\t<div class=\"elementor-post__text\">\n\t\t\t\t<h3 class=\"elementor-post__title\">\n\t\t\t<a href=\"https:\/\/www.empackmadrid.com\/es\/2026\/04\/08\/itene-desarrolla-adhesivos-sostenibles-biobasados-para-packaging-y-calzado-con-menor-impacto-ambiental\/\" >\n\t\t\t\tITENE desarrolla adhesivos sostenibles biobasados para packaging y calzado con menor impacto ambiental\t\t\t<\/a>\n\t\t<\/h3>\n\t\t\t\t<div class=\"elementor-post__excerpt\">\n\t\t\t<p>ITENE desarrolla\u00a0adhesivos sostenibles biobasados para packaging y calzado\u00a0sin perder rendimiento, un avance que marca un punto de inflexi\u00f3n en la industria de los materiales al<\/p>\n\t\t<\/div>\n\t\t\n\t\t<a class=\"elementor-post__read-more\" href=\"https:\/\/www.empackmadrid.com\/es\/2026\/04\/08\/itene-desarrolla-adhesivos-sostenibles-biobasados-para-packaging-y-calzado-con-menor-impacto-ambiental\/\" aria-label=\"Read more about ITENE desarrolla adhesivos sostenibles biobasados para packaging y calzado con menor impacto ambiental\" tabindex=\"-1\" >\n\t\t\tRead More \u00bb\t\t<\/a>\n\n\t\t\t\t<\/div>\n\t\t\t\t<\/article>\n\t\t\t\t<article class=\"elementor-post elementor-grid-item post-173153 post type-post status-publish format-standard has-post-thumbnail hentry category-alimentacion-y-bebidas category-blog category-diseno-de-packaging category-ecommerce-sostenibilidad-retail tag-actualidad tag-envases tag-normativa tag-packaging tag-regulacion-2\" role=\"listitem\">\n\t\t\t\t<div class=\"elementor-post__text\">\n\t\t\t\t<h3 class=\"elementor-post__title\">\n\t\t\t<a href=\"https:\/\/www.empackmadrid.com\/es\/2026\/04\/08\/pack-talks-la-sostenibilidad-como-motor-de-innovacion-de-tendencia-a-commoditie\/\" >\n\t\t\t\tPack Talks: La Sostenibilidad como Motor de Innovaci\u00f3n: De Tendencia a Commoditie\t\t\t<\/a>\n\t\t<\/h3>\n\t\t\t\t<div class=\"elementor-post__excerpt\">\n\t\t\t<p>En colaboraci\u00f3n con Empack, la feria l\u00edder de packaging en Madrid, lanzamos PackTalks, un nuevo espacio dedicado a explorar el fascinante mundo del packaging. Y<\/p>\n\t\t<\/div>\n\t\t\n\t\t<a class=\"elementor-post__read-more\" href=\"https:\/\/www.empackmadrid.com\/es\/2026\/04\/08\/pack-talks-la-sostenibilidad-como-motor-de-innovacion-de-tendencia-a-commoditie\/\" aria-label=\"Read more about Pack Talks: La Sostenibilidad como Motor de Innovaci\u00f3n: De Tendencia a Commoditie\" tabindex=\"-1\" >\n\t\t\tRead More \u00bb\t\t<\/a>\n\n\t\t\t\t<\/div>\n\t\t\t\t<\/article>\n\t\t\t\t<article class=\"elementor-post elementor-grid-item post-173137 post type-post status-publish format-standard has-post-thumbnail hentry category-blog category-un-cafe-con tag-bolton-food tag-catalina-cortizo tag-entrevista tag-quality-packaging-supervisor tag-un-cafe-con\" role=\"listitem\">\n\t\t\t\t<div class=\"elementor-post__text\">\n\t\t\t\t<h3 class=\"elementor-post__title\">\n\t\t\t<a href=\"https:\/\/www.empackmadrid.com\/es\/2026\/04\/08\/un-cafe-con-catalina-cortizo-quality-packaging-supervisor-en-bolton-food\/\" >\n\t\t\t\tUn caf\u00e9 con Catalina Cortizo, Quality Packaging Supervisor en Bolton Food\t\t\t<\/a>\n\t\t<\/h3>\n\t\t\t\t<div class=\"elementor-post__excerpt\">\n\t\t\t<p>Empack: Catalina, cu\u00e9ntanos un poco tu experiencia en Bolton Food y c\u00f3mo es tu d\u00eda a d\u00eda dentro de la empresa. Catalina: Mi experiencia en<\/p>\n\t\t<\/div>\n\t\t\n\t\t<a class=\"elementor-post__read-more\" href=\"https:\/\/www.empackmadrid.com\/es\/2026\/04\/08\/un-cafe-con-catalina-cortizo-quality-packaging-supervisor-en-bolton-food\/\" aria-label=\"Read more about Un caf\u00e9 con Catalina Cortizo, Quality Packaging Supervisor en Bolton Food\" tabindex=\"-1\" >\n\t\t\tRead More \u00bb\t\t<\/a>\n\n\t\t\t\t<\/div>\n\t\t\t\t<\/article>\n\t\t\t\t<\/div>\n\t\t\n\t\t\t\t\t\t<\/div>\n\t\t\t\t<\/div>\n\t\t\t\t<div class=\"elementor-element elementor-element-cf4f095 elementor-hidden-desktop elementor-hidden-tablet elementor-hidden-phone elementor-widget elementor-widget-wp-widget-adsanity-rotating-ads\" data-id=\"cf4f095\" data-element_type=\"widget\" data-widget_type=\"wp-widget-adsanity-rotating-ads.default\">\n\t\t\t\t<div class=\"elementor-widget-container\">\n\t\t\t\t\t<div class=\"adsanity-rotating-ads ad-aligncenter\" data-ids=\"11574,11578,11576,11580\" data-timer=\"5\" data-align=\"aligncenter\" data-max-width=\"0\">\n<div id=\"ad-11574\" class=\"ad-300x250 adsanity-300x250 aligncenter adsanity-aligncenter\"\n><div class=\"adsanity-inner\">\n\n<div class=\"adsanity-gati\" data-title=\"MPU 1\"><a rel=\"nofollow\" href=\"https:\/\/www.empackmadrid.com\/es\/ads\/mpu-1\/\" ><img loading=\"lazy\" decoding=\"async\" width=\"300\" height=\"250\" src=\"https:\/\/easyfairsassets.com\/sites\/199\/2020\/12\/300-x-250_Risk.jpg\" class=\"no-lazy-load wp-post-image\" alt=\"300-x-250_Risk\" \/><\/a><\/div>\n<\/div><\/div>\n\n<\/div>\t\t\t\t<\/div>\n\t\t\t\t<\/div>\n\t\t\t\t<div class=\"elementor-element elementor-element-32229c2 elementor-hidden-desktop elementor-hidden-tablet elementor-hidden-phone elementor-widget elementor-widget-wp-widget-adsanity-rotating-ads\" data-id=\"32229c2\" data-element_type=\"widget\" data-widget_type=\"wp-widget-adsanity-rotating-ads.default\">\n\t\t\t\t<div class=\"elementor-widget-container\">\n\t\t\t\t\t<div class=\"adsanity-rotating-ads ad-aligncenter\" data-ids=\"11580,11574,11576,11578\" data-timer=\"5\" data-align=\"aligncenter\" data-max-width=\"0\">\n<div id=\"ad-11580\" class=\"ad-300x250 adsanity-300x250 aligncenter adsanity-aligncenter\"\n><div class=\"adsanity-inner\">\n\n<div class=\"adsanity-gati\" data-title=\"MPU 4\"><a rel=\"nofollow\" href=\"https:\/\/www.empackmadrid.com\/es\/ads\/mpu-4\/\"  target=\"_blank\"><img loading=\"lazy\" decoding=\"async\" width=\"300\" height=\"250\" src=\"https:\/\/easyfairsassets.com\/sites\/199\/2020\/12\/300-x-250_Edoc.jpg\" class=\"no-lazy-load wp-post-image\" alt=\"P16084 edoc MPU 300x250\" \/><\/a><\/div>\n<\/div><\/div>\n\n<\/div>\t\t\t\t<\/div>\n\t\t\t\t<\/div>\n\t\t\t\t\t<\/div>\n\t\t<\/div>\n\t\t\t\t\t<\/div>\n\t\t<\/section>\n\t\t\t\t<section class=\"elementor-section elementor-top-section elementor-element elementor-element-cea0b67 elementor-section-boxed elementor-section-height-default elementor-section-height-default\" data-id=\"cea0b67\" data-element_type=\"section\">\n\t\t\t\t\t\t<div class=\"elementor-container elementor-column-gap-default\">\n\t\t\t\t\t<div class=\"elementor-column elementor-col-100 elementor-top-column elementor-element elementor-element-fa3e35c\" data-id=\"fa3e35c\" data-element_type=\"column\">\n\t\t\t<div class=\"elementor-widget-wrap elementor-element-populated\">\n\t\t\t\t\t\t<section class=\"elementor-section elementor-inner-section elementor-element elementor-element-fa32c0f elementor-section-boxed elementor-section-height-default elementor-section-height-default\" data-id=\"fa32c0f\" data-element_type=\"section\">\n\t\t\t\t\t\t<div class=\"elementor-container elementor-column-gap-default\">\n\t\t\t\t\t<div class=\"elementor-column elementor-col-50 elementor-inner-column elementor-element elementor-element-b1cab46\" data-id=\"b1cab46\" data-element_type=\"column\">\n\t\t\t<div class=\"elementor-widget-wrap\">\n\t\t\t\t\t\t\t<\/div>\n\t\t<\/div>\n\t\t\t\t<div class=\"elementor-column elementor-col-50 elementor-inner-column elementor-element elementor-element-b70cfb3\" data-id=\"b70cfb3\" data-element_type=\"column\">\n\t\t\t<div class=\"elementor-widget-wrap\">\n\t\t\t\t\t\t\t<\/div>\n\t\t<\/div>\n\t\t\t\t\t<\/div>\n\t\t<\/section>\n\t\t\t\t\t<\/div>\n\t\t<\/div>\n\t\t\t\t\t<\/div>\n\t\t<\/section>\n\t\t\t\t<\/div>\n\t\t","protected":false},"excerpt":{"rendered":"<p>Camino Lifante es directora de Compras y Planificaci\u00f3n en el Grupo Entrepinares desde 2018. Anteriormente a su incorporaci\u00f3n al Grupo Entrepinares, desarroll\u00f3 la mayor parte de su carrera profesional en el Reino Unido, trabajando en el Banco Santander UK, Britvic Drinks y BP entre otros, especializada en la entrega de proyectos relacionados con la optimizaci\u00f3n [&hellip;]<\/p>\n","protected":false},"author":85,"featured_media":161563,"comment_status":"closed","ping_status":"open","sticky":false,"template":"","format":"standard","meta":{"_seopress_robots_primary_cat":"none","_seopress_titles_title":"Un caf\u00e9 con... Maria Camino Lifante, directora de Compras y Planificaci\u00f3n en Grupo Entrepinares","_seopress_titles_desc":"Un caf\u00e9 con... Maria Camino Lifante, directora de Compras y Planificaci\u00f3n en Grupo Entrepinares","_seopress_robots_index":"","footnotes":""},"categories":[326,699],"tags":[873,2721,2733,860,1067,2431],"edition":[],"class_list":["post-159835","post","type-post","status-publish","format-standard","has-post-thumbnail","hentry","category-blog","category-un-cafe-con","tag-entrevista","tag-francisco","tag-grupo-entrepinares","tag-reciclaje","tag-un-cafe-con","tag-un-cafe-con-2"],"_links":{"self":[{"href":"https:\/\/www.empackmadrid.com\/es\/wp-json\/wp\/v2\/posts\/159835","targetHints":{"allow":["GET"]}}],"collection":[{"href":"https:\/\/www.empackmadrid.com\/es\/wp-json\/wp\/v2\/posts"}],"about":[{"href":"https:\/\/www.empackmadrid.com\/es\/wp-json\/wp\/v2\/types\/post"}],"author":[{"embeddable":true,"href":"https:\/\/www.empackmadrid.com\/es\/wp-json\/wp\/v2\/users\/85"}],"replies":[{"embeddable":true,"href":"https:\/\/www.empackmadrid.com\/es\/wp-json\/wp\/v2\/comments?post=159835"}],"version-history":[{"count":5,"href":"https:\/\/www.empackmadrid.com\/es\/wp-json\/wp\/v2\/posts\/159835\/revisions"}],"predecessor-version":[{"id":159846,"href":"https:\/\/www.empackmadrid.com\/es\/wp-json\/wp\/v2\/posts\/159835\/revisions\/159846"}],"wp:featuredmedia":[{"embeddable":true,"href":"https:\/\/www.empackmadrid.com\/es\/wp-json\/wp\/v2\/media\/161563"}],"wp:attachment":[{"href":"https:\/\/www.empackmadrid.com\/es\/wp-json\/wp\/v2\/media?parent=159835"}],"wp:term":[{"taxonomy":"category","embeddable":true,"href":"https:\/\/www.empackmadrid.com\/es\/wp-json\/wp\/v2\/categories?post=159835"},{"taxonomy":"post_tag","embeddable":true,"href":"https:\/\/www.empackmadrid.com\/es\/wp-json\/wp\/v2\/tags?post=159835"},{"taxonomy":"edition","embeddable":true,"href":"https:\/\/www.empackmadrid.com\/es\/wp-json\/wp\/v2\/edition?post=159835"}],"curies":[{"name":"wp","href":"https:\/\/api.w.org\/{rel}","templated":true}]}}