{"id":159847,"date":"2025-07-02T09:15:33","date_gmt":"2025-07-02T07:15:33","guid":{"rendered":"https:\/\/www.empackmadrid.com\/?p=159847"},"modified":"2025-07-04T13:33:38","modified_gmt":"2025-07-04T11:33:38","slug":"date-un-si-el-cambio-valiente-de-bodegas-lan-para-liderar-la-transformacion-actitudinal-del-vino","status":"publish","type":"post","link":"https:\/\/www.empackmadrid.com\/es\/2025\/07\/02\/date-un-si-el-cambio-valiente-de-bodegas-lan-para-liderar-la-transformacion-actitudinal-del-vino\/","title":{"rendered":"\u201cDate un s\u00ed\u201d: El cambio valiente de Bodegas LAN para liderar la transformaci\u00f3n actitudinal del vino.\u00a0"},"content":{"rendered":"\t\t<div data-elementor-type=\"wp-post\" data-elementor-id=\"159847\" class=\"elementor elementor-159847\" data-elementor-post-type=\"post\">\n\t\t\t\t\t\t<section class=\"elementor-section elementor-top-section elementor-element elementor-element-186bb815 elementor-section-full_width elementor-section-height-default elementor-section-height-default\" data-id=\"186bb815\" data-element_type=\"section\">\n\t\t\t\t\t\t<div class=\"elementor-container elementor-column-gap-default\">\n\t\t\t\t\t<div class=\"elementor-column elementor-col-50 elementor-top-column elementor-element elementor-element-717d635b\" data-id=\"717d635b\" data-element_type=\"column\">\n\t\t\t<div class=\"elementor-widget-wrap elementor-element-populated\">\n\t\t\t\t\t\t<section class=\"elementor-section elementor-inner-section elementor-element elementor-element-4ed52ce elementor-section-boxed elementor-section-height-default elementor-section-height-default\" data-id=\"4ed52ce\" data-element_type=\"section\">\n\t\t\t\t\t\t<div class=\"elementor-container elementor-column-gap-default\">\n\t\t\t\t\t<div class=\"elementor-column elementor-col-50 elementor-inner-column elementor-element elementor-element-7507035\" data-id=\"7507035\" data-element_type=\"column\">\n\t\t\t<div class=\"elementor-widget-wrap elementor-element-populated\">\n\t\t\t\t\t\t<div class=\"elementor-element elementor-element-2aecddd elementor-invisible elementor-widget elementor-widget-heading\" data-id=\"2aecddd\" data-element_type=\"widget\" data-settings=\"{&quot;_animation&quot;:&quot;fadeInRight&quot;}\" data-widget_type=\"heading.default\">\n\t\t\t\t<div class=\"elementor-widget-container\">\n\t\t\t\t\t<h1 class=\"elementor-heading-title elementor-size-default\">\u201cDate un s\u00ed\u201d: El cambio valiente de Bodegas LAN para liderar la transformaci\u00f3n actitudinal del vino.\u00a0<\/h1>\t\t\t\t<\/div>\n\t\t\t\t<\/div>\n\t\t\t\t\t<\/div>\n\t\t<\/div>\n\t\t\t\t<div class=\"elementor-column elementor-col-50 elementor-inner-column elementor-element elementor-element-a17c9f4\" data-id=\"a17c9f4\" data-element_type=\"column\">\n\t\t\t<div class=\"elementor-widget-wrap elementor-element-populated\">\n\t\t\t\t\t\t<div class=\"elementor-element elementor-element-6d01a66 elementor-widget elementor-widget-heading\" data-id=\"6d01a66\" data-element_type=\"widget\" data-widget_type=\"heading.default\">\n\t\t\t\t<div class=\"elementor-widget-container\">\n\t\t\t\t\t<h3 class=\"elementor-heading-title elementor-size-default\">con la colaboraci\u00f3n de:<\/h3>\t\t\t\t<\/div>\n\t\t\t\t<\/div>\n\t\t\t\t<div class=\"elementor-element elementor-element-7156e20 elementor-widget__width-initial elementor-widget elementor-widget-image\" data-id=\"7156e20\" data-element_type=\"widget\" data-widget_type=\"image.default\">\n\t\t\t\t<div class=\"elementor-widget-container\">\n\t\t\t\t\t\t\t\t\t\t\t\t\t\t\t<img fetchpriority=\"high\" decoding=\"async\" width=\"768\" height=\"192\" src=\"https:\/\/easyfairsassets.com\/sites\/199\/2023\/06\/01_AEBRAND_IDENTIDAD-05-e1727951790555-768x192.jpg\" class=\"attachment-medium_large size-medium_large wp-image-97337\" alt=\"Logo AEBRAND\" srcset=\"https:\/\/easyfairsassets.com\/sites\/199\/2023\/06\/01_AEBRAND_IDENTIDAD-05-e1727951790555-768x192.jpg 768w, https:\/\/easyfairsassets.com\/sites\/199\/2023\/06\/01_AEBRAND_IDENTIDAD-05-e1727951790555-300x75.jpg 300w, https:\/\/easyfairsassets.com\/sites\/199\/2023\/06\/01_AEBRAND_IDENTIDAD-05-e1727951790555-1024x256.jpg 1024w, https:\/\/easyfairsassets.com\/sites\/199\/2023\/06\/01_AEBRAND_IDENTIDAD-05-e1727951790555-1536x384.jpg 1536w, https:\/\/easyfairsassets.com\/sites\/199\/2023\/06\/01_AEBRAND_IDENTIDAD-05-e1727951790555.jpg 1920w\" sizes=\"(max-width: 768px) 100vw, 768px\" \/>\t\t\t\t\t\t\t\t\t\t\t\t\t\t\t<\/div>\n\t\t\t\t<\/div>\n\t\t\t\t\t<\/div>\n\t\t<\/div>\n\t\t\t\t\t<\/div>\n\t\t<\/section>\n\t\t\t\t<div class=\"elementor-element elementor-element-60127de elementor-widget elementor-widget-text-editor\" data-id=\"60127de\" data-element_type=\"widget\" data-widget_type=\"text-editor.default\">\n\t\t\t\t<div class=\"elementor-widget-container\">\n\t\t\t\t\t\t\t\t\t<p><span data-contrast=\"auto\">Durante m\u00e1s de cinco d\u00e9cadas, Bodegas LAN ha sido una de las grandes referencias de la Denominaci\u00f3n de Origen Calificada Rioja. Reconocida por la calidad de sus vinos, su saber hacer y su trayectoria, LAN ha representado \u2014como muchas otras bodegas tradicionales\u2014 una forma cl\u00e1sica de entender y comunicar el vino. Pero los tiempos han cambiado, y con ellos, las personas, sus h\u00e1bitos, sus c\u00f3digos y, sobre todo, sus expectativas hacia las marcas.<\/span><span data-ccp-props=\"{&quot;134233117&quot;:true,&quot;134233118&quot;:true}\">\u00a0<\/span><\/p><p><span data-contrast=\"auto\">En un contexto donde las nuevas generaciones se alejan del vino, donde surgen Denominaciones m\u00e1s j\u00f3venes con lenguajes m\u00e1s contempor\u00e1neos, y donde el consumo de alcohol empieza a mirarse con otros ojos, LAN entendi\u00f3 que deb\u00eda replantearse todo. No como reacci\u00f3n t\u00e1ctica, sino como una decisi\u00f3n estrat\u00e9gica para volver a conectar desde la relevancia, el prop\u00f3sito y la valent\u00eda. Y emprendi\u00f3 un viaje de transformaci\u00f3n de la mano de la consultora Gr\u00e1vita, especialista en transformaci\u00f3n competitiva de Marca.<\/span><span data-ccp-props=\"{&quot;134233117&quot;:true,&quot;134233118&quot;:true}\">\u00a0<\/span><\/p><p><span style=\"text-decoration: underline;\"><strong>Un diagn\u00f3stico que va m\u00e1s all\u00e1 del vino\u00a0<\/strong><\/span><\/p><p><span data-contrast=\"auto\">El proyecto nace de una ambici\u00f3n clara: pasar de ser una marca de vino respetada a convertirse en una <\/span><i><span data-contrast=\"auto\">Love Brand<\/span><\/i><span data-contrast=\"auto\">, una marca que la gente elige no solo por lo que ofrece, sino por lo que representa. Y para lograrlo, era necesario empezar por mirar hacia dentro\u2026 y hacia fuera.<\/span><span data-ccp-props=\"{&quot;134233117&quot;:true,&quot;134233118&quot;:true}\">\u00a0<\/span><\/p><p><span data-contrast=\"auto\">Se realiz\u00f3 un diagn\u00f3stico integral: an\u00e1lisis del negocio, revisi\u00f3n del portafolio, entrevistas internas, investigaci\u00f3n cultural, estudios de consumidor y un profundo an\u00e1lisis de las tensiones de la categor\u00eda. El hallazgo fue rotundo: la categor\u00eda del vino se hab\u00eda construido sobre un conjunto de reglas y c\u00f3digos que, si bien otorgaban legitimidad, tambi\u00e9n actuaban como una barrera de entrada.<\/span><span data-ccp-props=\"{&quot;134233117&quot;:true,&quot;134233118&quot;:true}\">\u00a0<\/span><\/p><p><i><span data-contrast=\"auto\">Winesnobismo<\/span><\/i><span data-contrast=\"auto\">, tecnicismos, etiquetas recargadas, complejidad innecesaria, protagonismo absoluto del producto, y una narrativa dominada hist\u00f3ricamente por una voz masculina y experta. Todo esto pod\u00eda generar orgullo dentro de la industria, pero para muchos consumidores, especialmente los m\u00e1s j\u00f3venes, generaba justo lo contrario: distancia, desconexi\u00f3n e incluso inseguridad.<\/span><span data-ccp-props=\"{&quot;134233117&quot;:true,&quot;134233118&quot;:true}\">\u00a0<\/span><\/p><p><span data-contrast=\"auto\">En palabras del equipo de transformaci\u00f3n: <\/span><i><span data-contrast=\"auto\">\u201cEl vino hab\u00eda dejado de invitar para empezar a imponer\u201d<\/span><\/i><span data-contrast=\"auto\">.<\/span><span data-ccp-props=\"{&quot;134233117&quot;:true,&quot;134233118&quot;:true}\">\u00a0<\/span><\/p><p><span style=\"text-decoration: underline;\"><b>Una nueva actitud de marca: m\u00e1s all\u00e1 del producto<\/b>\u00a0<\/span><\/p><p><span data-contrast=\"auto\">El desaf\u00edo no era simplemente redise\u00f1ar etiquetas o lanzar una campa\u00f1a. Se trataba de cambiar de actitud. De redefinir el lugar que el vino ocupa en la vida de las personas. Porque el problema no era el producto \u2014LAN segu\u00eda siendo una bodega de enorme calidad\u2014, sino c\u00f3mo se presentaba ese producto al mundo.<\/span><span data-ccp-props=\"{&quot;134233117&quot;:true,&quot;134233118&quot;:true}\">\u00a0<\/span><\/p><p><span data-contrast=\"auto\">Desde esta nueva mirada, se construy\u00f3 una propuesta de valor que romp\u00eda con lo establecido:<\/span><span data-ccp-props=\"{&quot;134233117&quot;:true,&quot;134233118&quot;:true}\">\u00a0<\/span><\/p><p><b><span data-contrast=\"auto\">\u201cVinos descomplicados, inspiradores y sorprendentes de las tierras de Rioja, que se atreven a decir s\u00ed, para ayudarnos a volver a ser los protagonistas de nuestras vidas.\u201d<\/span><\/b><span data-ccp-props=\"{&quot;134233117&quot;:true,&quot;134233118&quot;:true}\">\u00a0<\/span><\/p><p><span data-contrast=\"auto\">Esta idea, potente y emocional, conecta el vino con un deseo humano profundo: vivir con autenticidad, tomar decisiones propias, disfrutar sin miedo ni juicio. En un mundo saturado de deberes, restricciones y filtros, LAN propone lo contrario: darte un s\u00ed.<\/span><span data-ccp-props=\"{&quot;134233117&quot;:true,&quot;134233118&quot;:true}\">\u00a0<\/span><\/p><p><span data-contrast=\"auto\">Ese concepto se cristaliz\u00f3 en un nuevo tagline: <\/span><b><span data-contrast=\"auto\">\u201cDate un s\u00ed\u201d<\/span><\/b><span data-contrast=\"auto\">, una frase sencilla pero poderosa, que recoge tanto el esp\u00edritu de la marca como el papel que quiere jugar en la vida de las personas.<\/span><span data-ccp-props=\"{&quot;134233117&quot;:true,&quot;134233118&quot;:true}\">\u00a0<\/span><\/p><p><span style=\"text-decoration: underline;\"><b>Del s\u00ed al dise\u00f1o: cuando el packaging encarna el prop\u00f3sito<\/b>\u00a0<\/span><\/p><p><span data-contrast=\"auto\">Una vez definida esta nueva plataforma estrat\u00e9gica, el siguiente paso fue activar ese posicionamiento en todos los puntos de contacto. Y uno de los m\u00e1s importantes, especialmente en la categor\u00eda del vino, es el <\/span><i><span data-contrast=\"auto\">packaging<\/span><\/i><span data-contrast=\"auto\">.<\/span><span data-ccp-props=\"{&quot;134233117&quot;:true,&quot;134233118&quot;:true}\">\u00a0<\/span><\/p><p><span data-contrast=\"auto\">El packaging en vino no solo comunica, tambi\u00e9n educa, seduce y construye percepci\u00f3n de valor. Por eso, cualquier transformaci\u00f3n real deb\u00eda partir de una reformulaci\u00f3n visual profunda, coherente con la nueva actitud.<\/span><span data-ccp-props=\"{&quot;134233117&quot;:true,&quot;134233118&quot;:true}\">\u00a0<\/span><\/p><p><span data-contrast=\"auto\">As\u00ed, se dise\u00f1\u00f3 una nueva arquitectura de marca centrada en tres ejes estrat\u00e9gicos, pero con un elemento com\u00fan, esto no va de vino, va de ti, con las personas y los momentos de vida como protagonistas inesperados del packaging.<\/span><span data-ccp-props=\"{&quot;134233117&quot;:true,&quot;134233118&quot;:true}\">\u00a0<\/span><\/p><p><span data-contrast=\"auto\">Cada gama del portafolio se reorganiz\u00f3 bajo estos tres pilares, alineando el dise\u00f1o con los distintos perfiles de consumidor: desde los <\/span><i><span data-contrast=\"auto\">WineLovers<\/span><\/i><span data-contrast=\"auto\"> que buscan experiencias sofisticadas, hasta los <\/span><i><span data-contrast=\"auto\">LifeLovers<\/span><\/i><span data-contrast=\"auto\"> que valoran m\u00e1s la vivencia que el tecnicismo.<\/span><span data-ccp-props=\"{&quot;134233117&quot;:true,&quot;134233118&quot;:true}\">\u00a0<\/span><\/p>\t\t\t\t\t\t\t\t<\/div>\n\t\t\t\t<\/div>\n\t\t\t\t<section class=\"elementor-section elementor-inner-section elementor-element elementor-element-657a6ca elementor-section-boxed elementor-section-height-default elementor-section-height-default\" data-id=\"657a6ca\" data-element_type=\"section\">\n\t\t\t\t\t\t<div class=\"elementor-container elementor-column-gap-default\">\n\t\t\t\t\t<div class=\"elementor-column elementor-col-50 elementor-inner-column elementor-element elementor-element-0433143\" data-id=\"0433143\" data-element_type=\"column\">\n\t\t\t<div class=\"elementor-widget-wrap elementor-element-populated\">\n\t\t\t\t\t\t<div class=\"elementor-element elementor-element-8b16066 elementor-widget elementor-widget-image\" data-id=\"8b16066\" data-element_type=\"widget\" data-widget_type=\"image.default\">\n\t\t\t\t<div class=\"elementor-widget-container\">\n\t\t\t\t\t\t\t\t\t\t\t\t\t\t\t<img decoding=\"async\" width=\"800\" height=\"534\" src=\"https:\/\/easyfairsassets.com\/sites\/199\/2025\/06\/LAN_17_TimeCrianza-1024x683.jpg\" class=\"attachment-large size-large wp-image-159863\" alt=\"LAN_17_TimeCrianza\" srcset=\"https:\/\/easyfairsassets.com\/sites\/199\/2025\/06\/LAN_17_TimeCrianza-1024x683.jpg 1024w, https:\/\/easyfairsassets.com\/sites\/199\/2025\/06\/LAN_17_TimeCrianza-300x200.jpg 300w, https:\/\/easyfairsassets.com\/sites\/199\/2025\/06\/LAN_17_TimeCrianza-768x512.jpg 768w, https:\/\/easyfairsassets.com\/sites\/199\/2025\/06\/LAN_17_TimeCrianza-1536x1024.jpg 1536w, https:\/\/easyfairsassets.com\/sites\/199\/2025\/06\/LAN_17_TimeCrianza.jpg 1920w\" sizes=\"(max-width: 800px) 100vw, 800px\" \/>\t\t\t\t\t\t\t\t\t\t\t\t\t\t\t<\/div>\n\t\t\t\t<\/div>\n\t\t\t\t\t<\/div>\n\t\t<\/div>\n\t\t\t\t<div class=\"elementor-column elementor-col-50 elementor-inner-column elementor-element elementor-element-a13cd60\" data-id=\"a13cd60\" data-element_type=\"column\">\n\t\t\t<div class=\"elementor-widget-wrap elementor-element-populated\">\n\t\t\t\t\t\t<div class=\"elementor-element elementor-element-31c5b71 elementor-widget elementor-widget-image\" data-id=\"31c5b71\" data-element_type=\"widget\" data-widget_type=\"image.default\">\n\t\t\t\t<div class=\"elementor-widget-container\">\n\t\t\t\t\t\t\t\t\t\t\t\t\t\t\t<img decoding=\"async\" width=\"768\" height=\"512\" src=\"https:\/\/easyfairsassets.com\/sites\/199\/2025\/06\/LAN_25_AMano_Macro-768x512.jpg\" class=\"attachment-medium_large size-medium_large wp-image-159867\" alt=\"LAN_25_AMano_Macro\" srcset=\"https:\/\/easyfairsassets.com\/sites\/199\/2025\/06\/LAN_25_AMano_Macro-768x512.jpg 768w, https:\/\/easyfairsassets.com\/sites\/199\/2025\/06\/LAN_25_AMano_Macro-300x200.jpg 300w, https:\/\/easyfairsassets.com\/sites\/199\/2025\/06\/LAN_25_AMano_Macro-1024x683.jpg 1024w, https:\/\/easyfairsassets.com\/sites\/199\/2025\/06\/LAN_25_AMano_Macro-1536x1024.jpg 1536w, https:\/\/easyfairsassets.com\/sites\/199\/2025\/06\/LAN_25_AMano_Macro.jpg 1920w\" sizes=\"(max-width: 768px) 100vw, 768px\" \/>\t\t\t\t\t\t\t\t\t\t\t\t\t\t\t<\/div>\n\t\t\t\t<\/div>\n\t\t\t\t\t<\/div>\n\t\t<\/div>\n\t\t\t\t\t<\/div>\n\t\t<\/section>\n\t\t\t\t<div class=\"elementor-element elementor-element-495a50c elementor-widget elementor-widget-text-editor\" data-id=\"495a50c\" data-element_type=\"widget\" data-widget_type=\"text-editor.default\">\n\t\t\t\t<div class=\"elementor-widget-container\">\n\t\t\t\t\t\t\t\t\t<p><span style=\"text-decoration: underline;\"><strong>Packaging como expresi\u00f3n de cultura de marca\u00a0<\/strong><\/span><\/p><p><span data-contrast=\"auto\">Pero el redise\u00f1o no se qued\u00f3 en lo gr\u00e1fico. El nuevo packaging es solo la punta del iceberg de una transformaci\u00f3n mucho m\u00e1s integral que abarca m\u00faltiples dimensiones de marca:<\/span><span data-ccp-props=\"{&quot;134233117&quot;:true,&quot;134233118&quot;:true}\">\u00a0<\/span><\/p><ul><li><b><span data-contrast=\"auto\">Verbal<\/span><\/b><span data-contrast=\"auto\">: se desarroll\u00f3 un nuevo tono de voz adaptado a cada audiencia, m\u00e1s emp\u00e1tico, m\u00e1s vital, menos instructivo.<\/span><\/li><li><b style=\"font-style: inherit;\"><span data-contrast=\"auto\">Sensorial<\/span><\/b><span style=\"font-size: 16px;\" data-contrast=\"auto\">: se cre\u00f3 un sistema de <\/span><i style=\"font-weight: inherit;\"><span data-contrast=\"auto\">Sonic Branding<\/span><\/i><span style=\"font-size: 16px;\" data-contrast=\"auto\"> que refuerza la experiencia emocional y multisensorial de la marca.<\/span><\/li><li><b style=\"font-style: inherit;\"><span data-contrast=\"auto\">Actitudinal<\/span><\/b><span style=\"font-size: 16px;\" data-contrast=\"auto\">: se dise\u00f1\u00f3 un <\/span><i style=\"font-weight: inherit;\"><span data-contrast=\"auto\">Plan de Comportamientos<\/span><\/i><span style=\"font-size: 16px;\" data-contrast=\"auto\"> para alinear a todos los equipos internos con esta nueva visi\u00f3n. Porque una marca valiente no puede serlo solo en el lineal: debe serlo en todo lo que hace.<\/span><span style=\"font-size: 16px;\" data-ccp-props=\"{&quot;134233117&quot;:true,&quot;134233118&quot;:true}\">\u00a0<\/span><\/li><\/ul><p><span data-contrast=\"auto\">Todo este sistema se dise\u00f1\u00f3 con coherencia y transversalidad, para asegurar que el nuevo \u201cs\u00ed\u201d no fuera un gesto de marketing, sino un principio de cultura.<\/span><span data-ccp-props=\"{&quot;134233117&quot;:true,&quot;134233118&quot;:true}\">\u00a0<\/span><\/p><p><span style=\"text-decoration: underline;\"><strong>Una musa para guiar el cambio<\/strong><\/span><span data-ccp-props=\"{&quot;134233117&quot;:true,&quot;134233118&quot;:true}\">\u00a0<\/span><\/p><p><span data-contrast=\"auto\">Para articular esta nueva personalidad, se defini\u00f3 un arquetipo que sirviera como gu\u00eda simb\u00f3lica y creativa: <\/span><b><span data-contrast=\"auto\">la Musa de la Valent\u00eda<\/span><\/b><span data-contrast=\"auto\">. Una figura inspiradora que representa el nuevo rol de la marca: animar a las personas a atreverse, a romper moldes, a tomar decisiones desde la autenticidad.<\/span><span data-ccp-props=\"{&quot;134233117&quot;:true,&quot;134233118&quot;:true}\">\u00a0<\/span><\/p><p><span data-contrast=\"auto\">Este arquetipo no solo gu\u00eda la expresi\u00f3n est\u00e9tica, sino tambi\u00e9n la actitud de la marca en campa\u00f1as, contenidos, innovaci\u00f3n y comunicaci\u00f3n interna.<\/span><span data-ccp-props=\"{&quot;134233117&quot;:true,&quot;134233118&quot;:true}\">\u00a0<\/span><\/p><p><span style=\"text-decoration: underline;\"><b>Resultados: mucho m\u00e1s que un cambio de identidad, un cambio de rumbo.<\/b>\u00a0<\/span><\/p><p><span data-contrast=\"auto\">Aunque el proyecto es reciente, la transformaci\u00f3n ya empieza a mostrar resultados. No solo en m\u00e9tricas comerciales, sino en aspectos cualitativos clave:<\/span><span data-ccp-props=\"{&quot;134233117&quot;:true,&quot;134233118&quot;:true}\">\u00a0<\/span><\/p><ul><li><b><span data-contrast=\"auto\">Mejor percepci\u00f3n de marca<\/span><\/b><span data-contrast=\"auto\"> entre audiencias j\u00f3venes y perfiles no tradicionales.<\/span><\/li><li><b style=\"font-style: inherit;\"><span data-contrast=\"auto\">Mayor coherencia en el portafolio<\/span><\/b><span style=\"font-size: 16px;\" data-contrast=\"auto\">, facilitando la comprensi\u00f3n y la elecci\u00f3n del consumidor.<\/span><\/li><li><b style=\"font-style: inherit;\"><span data-contrast=\"auto\">Incremento de engagement<\/span><\/b><span style=\"font-size: 16px;\" data-contrast=\"auto\"> en entornos digitales, gracias a un lenguaje m\u00e1s humano y visualmente atractivo.<\/span><\/li><li><b style=\"font-style: inherit;\"><span data-contrast=\"auto\">Mayor orgullo interno<\/span><\/b><span style=\"font-size: 16px;\" data-contrast=\"auto\">, con equipos que entienden y comparten el nuevo prop\u00f3sito.<\/span><span style=\"font-size: 16px;\" data-ccp-props=\"{&quot;134233117&quot;:true,&quot;134233118&quot;:true}\">\u00a0<\/span><\/li><\/ul><p><span data-contrast=\"auto\">Y sobre todo, LAN ha logrado algo dif\u00edcil de medir pero fundamental: abrir un nuevo espacio en la categor\u00eda. Un espacio m\u00e1s accesible, m\u00e1s inclusivo, m\u00e1s actual. Un espacio donde el vino vuelve a ser una celebraci\u00f3n, no una lecci\u00f3n.<\/span><span data-ccp-props=\"{&quot;134233117&quot;:true,&quot;134233118&quot;:true}\">\u00a0<\/span><\/p><p><span style=\"text-decoration: underline;\"><strong>Conclusi\u00f3n: cuando el packaging lidera la transformaci\u00f3n\u00a0<\/strong><\/span><\/p><p><span data-contrast=\"auto\">El caso de Bodegas LAN demuestra que el <\/span><i><span data-contrast=\"auto\">packaging<\/span><\/i><span data-contrast=\"auto\"> no es un elemento decorativo, ni un simple envoltorio. Es un dispositivo estrat\u00e9gico capaz de encarnar una visi\u00f3n de marca, conectar emocionalmente con las personas y activar un cambio cultural.<\/span><span data-ccp-props=\"{&quot;134233117&quot;:true,&quot;134233118&quot;:true}\">\u00a0<\/span><\/p><p><span data-contrast=\"auto\">En un mercado saturado, donde muchas marcas compiten con los mismos c\u00f3digos y promesas, diferenciarse ya no es cuesti\u00f3n de dise\u00f1o bonito, sino de valent\u00eda estrat\u00e9gica. Y esa valent\u00eda se empieza a ver \u2014y a sentir\u2014 desde la etiqueta.<\/span><span data-ccp-props=\"{&quot;134233117&quot;:true,&quot;134233118&quot;:true}\">\u00a0<\/span><\/p><p><span data-contrast=\"auto\">Porque al final, lo que LAN ha hecho no es solo redise\u00f1ar su packaging. Ha redise\u00f1ado su actitud. Ha desafiado las normas. Y lo ha hecho con una convicci\u00f3n clara: cuando una marca se da un s\u00ed a s\u00ed misma, invita a todos los dem\u00e1s a hacer lo mismo.<\/span><span data-ccp-props=\"{&quot;134233117&quot;:true,&quot;134233118&quot;:true}\">\u00a0<\/span><\/p><p>Iv\u00e1n D\u00edaz, responsable de consultor\u00eda de Gr\u00e1vita<\/p>\t\t\t\t\t\t\t\t<\/div>\n\t\t\t\t<\/div>\n\t\t\t\t<div class=\"elementor-element elementor-element-2b62e73 elementor-widget elementor-widget-image\" data-id=\"2b62e73\" data-element_type=\"widget\" data-widget_type=\"image.default\">\n\t\t\t\t<div class=\"elementor-widget-container\">\n\t\t\t\t\t\t\t\t\t\t\t\t\t\t\t<img loading=\"lazy\" decoding=\"async\" width=\"768\" height=\"512\" src=\"https:\/\/easyfairsassets.com\/sites\/199\/2025\/06\/LAN_15_Simplifica-768x512.jpg\" class=\"attachment-medium_large size-medium_large wp-image-159861\" alt=\"LAN_15_Simplifica\" srcset=\"https:\/\/easyfairsassets.com\/sites\/199\/2025\/06\/LAN_15_Simplifica-768x512.jpg 768w, https:\/\/easyfairsassets.com\/sites\/199\/2025\/06\/LAN_15_Simplifica-300x200.jpg 300w, https:\/\/easyfairsassets.com\/sites\/199\/2025\/06\/LAN_15_Simplifica-1024x683.jpg 1024w, https:\/\/easyfairsassets.com\/sites\/199\/2025\/06\/LAN_15_Simplifica-1536x1024.jpg 1536w, https:\/\/easyfairsassets.com\/sites\/199\/2025\/06\/LAN_15_Simplifica.jpg 1920w\" sizes=\"(max-width: 768px) 100vw, 768px\" \/>\t\t\t\t\t\t\t\t\t\t\t\t\t\t\t<\/div>\n\t\t\t\t<\/div>\n\t\t\t\t<div class=\"elementor-element elementor-element-1acd7351 elementor-invisible elementor-widget elementor-widget-text-editor\" data-id=\"1acd7351\" data-element_type=\"widget\" data-settings=\"{&quot;_animation&quot;:&quot;fadeInRight&quot;}\" data-widget_type=\"text-editor.default\">\n\t\t\t\t<div class=\"elementor-widget-container\">\n\t\t\t\t\t\t\t\t\t<p><span style=\"vertical-align: inherit\"><span style=\"vertical-align: inherit\"><span style=\"vertical-align: inherit\"><span style=\"vertical-align: inherit\"><span style=\"vertical-align: inherit\"><span style=\"vertical-align: inherit\">Share this article<\/span><\/span><\/span><\/span><\/span><\/span><\/p>\t\t\t\t\t\t\t\t<\/div>\n\t\t\t\t<\/div>\n\t\t\t\t<div class=\"elementor-element elementor-element-e058e3b elementor-share-buttons--view-icon elementor-share-buttons--skin-flat elementor-share-buttons--shape-rounded elementor-share-buttons--color-custom elementor-grid-0 elementor-widget elementor-widget-share-buttons\" data-id=\"e058e3b\" data-element_type=\"widget\" data-widget_type=\"share-buttons.default\">\n\t\t\t\t<div class=\"elementor-widget-container\">\n\t\t\t\t\t\t\t<div class=\"elementor-grid\" role=\"list\">\n\t\t\t\t\t\t\t\t<div class=\"elementor-grid-item\" role=\"listitem\">\n\t\t\t\t\t\t<div class=\"elementor-share-btn elementor-share-btn_facebook\" role=\"button\" tabindex=\"0\" aria-label=\"Share on facebook\">\n\t\t\t\t\t\t\t\t\t\t\t\t\t\t\t<span class=\"elementor-share-btn__icon\">\n\t\t\t\t\t\t\t\t<i class=\"fab fa-facebook\" aria-hidden=\"true\"><\/i>\t\t\t\t\t\t\t<\/span>\n\t\t\t\t\t\t\t\t\t\t\t\t\t\t\t\t\t\t\t\t<\/div>\n\t\t\t\t\t<\/div>\n\t\t\t\t\t\t\t\t\t<div class=\"elementor-grid-item\" role=\"listitem\">\n\t\t\t\t\t\t<div class=\"elementor-share-btn elementor-share-btn_twitter\" role=\"button\" tabindex=\"0\" aria-label=\"Share on twitter\">\n\t\t\t\t\t\t\t\t\t\t\t\t\t\t\t<span class=\"elementor-share-btn__icon\">\n\t\t\t\t\t\t\t\t<i class=\"fab fa-twitter\" aria-hidden=\"true\"><\/i>\t\t\t\t\t\t\t<\/span>\n\t\t\t\t\t\t\t\t\t\t\t\t\t\t\t\t\t\t\t\t<\/div>\n\t\t\t\t\t<\/div>\n\t\t\t\t\t\t\t\t\t<div class=\"elementor-grid-item\" role=\"listitem\">\n\t\t\t\t\t\t<div class=\"elementor-share-btn elementor-share-btn_linkedin\" role=\"button\" tabindex=\"0\" aria-label=\"Share on linkedin\">\n\t\t\t\t\t\t\t\t\t\t\t\t\t\t\t<span class=\"elementor-share-btn__icon\">\n\t\t\t\t\t\t\t\t<i class=\"fab fa-linkedin\" aria-hidden=\"true\"><\/i>\t\t\t\t\t\t\t<\/span>\n\t\t\t\t\t\t\t\t\t\t\t\t\t\t\t\t\t\t\t\t<\/div>\n\t\t\t\t\t<\/div>\n\t\t\t\t\t\t<\/div>\n\t\t\t\t\t\t<\/div>\n\t\t\t\t<\/div>\n\t\t\t\t\t<\/div>\n\t\t<\/div>\n\t\t\t\t<div class=\"elementor-column elementor-col-50 elementor-top-column elementor-element elementor-element-42bf2a35\" data-id=\"42bf2a35\" data-element_type=\"column\">\n\t\t\t<div class=\"elementor-widget-wrap elementor-element-populated\">\n\t\t\t\t\t\t<div class=\"elementor-element elementor-element-f4979c4 elementor-hidden-desktop elementor-hidden-tablet elementor-hidden-mobile elementor-invisible elementor-widget elementor-widget-heading\" data-id=\"f4979c4\" data-element_type=\"widget\" data-settings=\"{&quot;_animation&quot;:&quot;fadeInRight&quot;}\" data-widget_type=\"heading.default\">\n\t\t\t\t<div class=\"elementor-widget-container\">\n\t\t\t\t\t<h2 class=\"elementor-heading-title elementor-size-default\">Ven a visitarnos a empack y logistics&amp;automation bilbao<\/h2>\t\t\t\t<\/div>\n\t\t\t\t<\/div>\n\t\t\t\t<div class=\"elementor-element elementor-element-681910d elementor-align-left elementor-hidden-desktop elementor-hidden-tablet elementor-hidden-mobile elementor-widget elementor-widget-global elementor-global-120611 elementor-widget-dynamic-button\" data-id=\"681910d\" data-element_type=\"widget\" data-widget_type=\"dynamic-button.default\">\n\t\t\t\t<div class=\"elementor-widget-container\">\n\t\t\t\t\t        <div class=\"elementor-button-wrapper\">\n            <a href=\"https:\/\/register.visitcloud.com\/survey\/0vn380ompp42t?actioncode=EMPB1\" target=\"_blank\" class=\"elementor-button-link elementor-button elementor-size-xs\" role=\"button\">\n                        <span class=\"elementor-button-content-wrapper\">\n\t\t\t\t\t\t<span class=\"elementor-button-text\">REG\u00cdSTRATE GRATIS EN  BILBAO<\/span>\n\t\t<\/span>\n                    <\/a>\n        <\/div>\n        \t\t\t\t<\/div>\n\t\t\t\t<\/div>\n\t\t\t\t<div class=\"elementor-element elementor-element-7714179 elementor-invisible elementor-widget elementor-widget-heading\" data-id=\"7714179\" data-element_type=\"widget\" data-settings=\"{&quot;_animation&quot;:&quot;fadeInRight&quot;}\" data-widget_type=\"heading.default\">\n\t\t\t\t<div class=\"elementor-widget-container\">\n\t\t\t\t\t<h2 class=\"elementor-heading-title elementor-size-default\">Suscr\u00edbete a nuestra newsletter<\/h2>\t\t\t\t<\/div>\n\t\t\t\t<\/div>\n\t\t\t\t<div class=\"elementor-element elementor-element-c26bbbd elementor-widget__width-inherit elementor-hidden-phone elementor-button-align-stretch elementor-widget elementor-widget-global elementor-global-125207 elementor-widget-form\" data-id=\"c26bbbd\" data-element_type=\"widget\" data-settings=\"{&quot;button_width&quot;:&quot;20&quot;,&quot;step_next_label&quot;:&quot;Next&quot;,&quot;step_previous_label&quot;:&quot;Previous&quot;,&quot;step_type&quot;:&quot;number_text&quot;,&quot;step_icon_shape&quot;:&quot;circle&quot;}\" data-widget_type=\"form.default\">\n\t\t\t\t<div class=\"elementor-widget-container\">\n\t\t\t\t\t\t\t<form class=\"elementor-form\" method=\"post\" name=\"Newsletter\" aria-label=\"Newsletter\">\n\t\t\t<input type=\"hidden\" name=\"post_id\" value=\"159847\"\/>\n\t\t\t<input type=\"hidden\" name=\"form_id\" value=\"c26bbbd\"\/>\n\t\t\t<input type=\"hidden\" name=\"referer_title\" value=\"\" \/>\n\n\t\t\t\n\t\t\t<div class=\"elementor-form-fields-wrapper elementor-labels-\">\n\t\t\t\t\t\t\t\t<div class=\"elementor-field-type-text elementor-field-group elementor-column elementor-field-group-FirstName elementor-col-100\">\n\t\t\t\t\t\t\t\t\t\t\t\t<label for=\"form-field-FirstName\" class=\"elementor-field-label elementor-screen-only\">\n\t\t\t\t\t\t\t\tNombre\t\t\t\t\t\t\t<\/label>\n\t\t\t\t\t\t\t\t\t\t\t\t\t\t<input size=\"1\" type=\"text\" name=\"form_fields[FirstName]\" id=\"form-field-FirstName\" class=\"elementor-field elementor-size-sm  elementor-field-textual\" placeholder=\"Nombre\">\n\t\t\t\t\t\t\t\t\t\t\t<\/div>\n\t\t\t\t\t\t\t\t<div class=\"elementor-field-type-text elementor-field-group elementor-column elementor-field-group-LastName elementor-col-100\">\n\t\t\t\t\t\t\t\t\t\t\t\t<label for=\"form-field-LastName\" class=\"elementor-field-label elementor-screen-only\">\n\t\t\t\t\t\t\t\tApellido\t\t\t\t\t\t\t<\/label>\n\t\t\t\t\t\t\t\t\t\t\t\t\t\t<input size=\"1\" type=\"text\" name=\"form_fields[LastName]\" id=\"form-field-LastName\" class=\"elementor-field elementor-size-sm  elementor-field-textual\" placeholder=\"Apellido\">\n\t\t\t\t\t\t\t\t\t\t\t<\/div>\n\t\t\t\t\t\t\t\t<div class=\"elementor-field-type-email elementor-field-group elementor-column elementor-field-group-Email elementor-col-100 elementor-field-required\">\n\t\t\t\t\t\t\t\t\t\t\t\t<label for=\"form-field-Email\" class=\"elementor-field-label elementor-screen-only\">\n\t\t\t\t\t\t\t\tEmail\t\t\t\t\t\t\t<\/label>\n\t\t\t\t\t\t\t\t\t\t\t\t\t\t<input size=\"1\" type=\"email\" name=\"form_fields[Email]\" id=\"form-field-Email\" class=\"elementor-field elementor-size-sm  elementor-field-textual\" placeholder=\"Email\" required=\"required\">\n\t\t\t\t\t\t\t\t\t\t\t<\/div>\n\t\t\t\t\t\t\t\t<div class=\"elementor-field-type-recaptcha_v3 elementor-field-group elementor-column elementor-field-group-field_81a6251 elementor-col-100 recaptcha_v3-inline\">\n\t\t\t\t\t<div class=\"elementor-field\" id=\"form-field-field_81a6251\"><div class=\"elementor-g-recaptcha\" data-sitekey=\"6Le35IIaAAAAAD3jT_Sfue3jxR464FxFobR3cEkm\" data-type=\"v3\" data-action=\"Form\" data-badge=\"inline\" data-size=\"invisible\"><\/div><\/div>\t\t\t\t<\/div>\n\t\t\t\t\t\t\t\t<div class=\"elementor-field-group elementor-column elementor-field-type-submit elementor-col-20 e-form__buttons\">\n\t\t\t\t\t<button class=\"elementor-button elementor-size-md\" type=\"submit\">\n\t\t\t\t\t\t<span class=\"elementor-button-content-wrapper\">\n\t\t\t\t\t\t\t\t\t\t\t\t\t\t\t\t\t\t\t\t\t\t<span class=\"elementor-button-text\">Enviar<\/span>\n\t\t\t\t\t\t\t\t\t\t\t\t\t<\/span>\n\t\t\t\t\t<\/button>\n\t\t\t\t<\/div>\n\t\t\t<\/div>\n\t\t<\/form>\n\t\t\t\t\t\t<\/div>\n\t\t\t\t<\/div>\n\t\t\t\t<div class=\"elementor-element elementor-element-e94ca32 elementor-hidden-desktop elementor-hidden-tablet elementor-hidden-phone elementor-widget elementor-widget-wp-widget-adsanity-rotating-ads\" data-id=\"e94ca32\" data-element_type=\"widget\" data-widget_type=\"wp-widget-adsanity-rotating-ads.default\">\n\t\t\t\t<div class=\"elementor-widget-container\">\n\t\t\t\t\t<div class=\"adsanity-rotating-ads ad-aligncenter\" data-ids=\"11580,11574,11578,11576\" data-timer=\"5\" data-align=\"aligncenter\" data-max-width=\"0\">\n<div id=\"ad-11580\" class=\"ad-300x250 adsanity-300x250 aligncenter adsanity-aligncenter\"\n><div class=\"adsanity-inner\">\n\n<div class=\"adsanity-gati\" data-title=\"MPU 4\"><a rel=\"nofollow\" href=\"https:\/\/www.empackmadrid.com\/es\/ads\/mpu-4\/\"  target=\"_blank\"><img loading=\"lazy\" decoding=\"async\" width=\"300\" height=\"250\" src=\"https:\/\/easyfairsassets.com\/sites\/199\/2020\/12\/300-x-250_Edoc.jpg\" class=\"no-lazy-load wp-post-image\" alt=\"P16084 edoc MPU 300x250\" \/><\/a><\/div>\n<\/div><\/div>\n\n<\/div>\t\t\t\t<\/div>\n\t\t\t\t<\/div>\n\t\t\t\t<div class=\"elementor-element elementor-element-496586bb elementor-widget-divider--view-line elementor-widget elementor-widget-divider\" data-id=\"496586bb\" data-element_type=\"widget\" data-widget_type=\"divider.default\">\n\t\t\t\t<div class=\"elementor-widget-container\">\n\t\t\t\t\t\t\t<div class=\"elementor-divider\">\n\t\t\t<span class=\"elementor-divider-separator\">\n\t\t\t\t\t\t<\/span>\n\t\t<\/div>\n\t\t\t\t\t\t<\/div>\n\t\t\t\t<\/div>\n\t\t\t\t<div class=\"elementor-element elementor-element-54989791 elementor-grid-1 elementor-posts--thumbnail-none elementor-grid-tablet-1 elementor-grid-mobile-1 elementor-widget elementor-widget-posts\" data-id=\"54989791\" data-element_type=\"widget\" data-settings=\"{&quot;classic_columns&quot;:&quot;1&quot;,&quot;classic_row_gap&quot;:{&quot;unit&quot;:&quot;px&quot;,&quot;size&quot;:&quot;23&quot;,&quot;sizes&quot;:[]},&quot;classic_columns_tablet&quot;:&quot;1&quot;,&quot;classic_columns_mobile&quot;:&quot;1&quot;,&quot;classic_row_gap_tablet&quot;:{&quot;unit&quot;:&quot;px&quot;,&quot;size&quot;:&quot;&quot;,&quot;sizes&quot;:[]},&quot;classic_row_gap_mobile&quot;:{&quot;unit&quot;:&quot;px&quot;,&quot;size&quot;:&quot;&quot;,&quot;sizes&quot;:[]}}\" data-widget_type=\"posts.classic\">\n\t\t\t\t<div class=\"elementor-widget-container\">\n\t\t\t\t\t\t\t<div class=\"elementor-posts-container elementor-posts elementor-posts--skin-classic elementor-grid\" role=\"list\">\n\t\t\t\t<article class=\"elementor-post elementor-grid-item post-173177 post type-post status-publish format-standard has-post-thumbnail hentry category-blog category-maquinaria-y-tecnologia-de-packaging tag-roland-dg tag-tintas-multicolor tag-tintas-multicolor-dea2 tag-truevis-xp640\" role=\"listitem\">\n\t\t\t\t<div class=\"elementor-post__text\">\n\t\t\t\t<h3 class=\"elementor-post__title\">\n\t\t\t<a href=\"https:\/\/www.empackmadrid.com\/es\/2026\/04\/08\/mondi-revela-como-los-envases-de-carton-ondulado-pueden-reducir-el-desperdicio-alimentario\/\" >\n\t\t\t\tMondi revela c\u00f3mo los envases de cart\u00f3n ondulado pueden reducir el desperdicio alimentario\t\t\t<\/a>\n\t\t<\/h3>\n\t\t\t\t<div class=\"elementor-post__excerpt\">\n\t\t\t<p>Mondi ha publicado un nuevo informe t\u00e9cnico que explora c\u00f3mo\u00a0los embalajes adecuados pueden ayudar\u00a0a los productores y minoristas de alimentos\u00a0a proteger la calidad del producto<\/p>\n\t\t<\/div>\n\t\t\n\t\t<a class=\"elementor-post__read-more\" href=\"https:\/\/www.empackmadrid.com\/es\/2026\/04\/08\/mondi-revela-como-los-envases-de-carton-ondulado-pueden-reducir-el-desperdicio-alimentario\/\" aria-label=\"Read more about Mondi revela c\u00f3mo los envases de cart\u00f3n ondulado pueden reducir el desperdicio alimentario\" tabindex=\"-1\" >\n\t\t\tRead More \u00bb\t\t<\/a>\n\n\t\t\t\t<\/div>\n\t\t\t\t<\/article>\n\t\t\t\t<article class=\"elementor-post elementor-grid-item post-173167 post type-post status-publish format-standard has-post-thumbnail hentry category-blog category-maquinaria-y-tecnologia-de-packaging tag-roland-dg tag-tintas-multicolor tag-tintas-multicolor-dea2 tag-truevis-xp640\" role=\"listitem\">\n\t\t\t\t<div class=\"elementor-post__text\">\n\t\t\t\t<h3 class=\"elementor-post__title\">\n\t\t\t<a href=\"https:\/\/www.empackmadrid.com\/es\/2026\/04\/08\/itene-desarrolla-adhesivos-sostenibles-biobasados-para-packaging-y-calzado-con-menor-impacto-ambiental\/\" >\n\t\t\t\tITENE desarrolla adhesivos sostenibles biobasados para packaging y calzado con menor impacto ambiental\t\t\t<\/a>\n\t\t<\/h3>\n\t\t\t\t<div class=\"elementor-post__excerpt\">\n\t\t\t<p>ITENE desarrolla\u00a0adhesivos sostenibles biobasados para packaging y calzado\u00a0sin perder rendimiento, un avance que marca un punto de inflexi\u00f3n en la industria de los materiales al<\/p>\n\t\t<\/div>\n\t\t\n\t\t<a class=\"elementor-post__read-more\" href=\"https:\/\/www.empackmadrid.com\/es\/2026\/04\/08\/itene-desarrolla-adhesivos-sostenibles-biobasados-para-packaging-y-calzado-con-menor-impacto-ambiental\/\" aria-label=\"Read more about ITENE desarrolla adhesivos sostenibles biobasados para packaging y calzado con menor impacto ambiental\" tabindex=\"-1\" >\n\t\t\tRead More \u00bb\t\t<\/a>\n\n\t\t\t\t<\/div>\n\t\t\t\t<\/article>\n\t\t\t\t<article class=\"elementor-post elementor-grid-item post-173153 post type-post status-publish format-standard has-post-thumbnail hentry category-alimentacion-y-bebidas category-blog category-diseno-de-packaging category-ecommerce-sostenibilidad-retail tag-actualidad tag-envases tag-normativa tag-packaging tag-regulacion-2\" role=\"listitem\">\n\t\t\t\t<div class=\"elementor-post__text\">\n\t\t\t\t<h3 class=\"elementor-post__title\">\n\t\t\t<a href=\"https:\/\/www.empackmadrid.com\/es\/2026\/04\/08\/pack-talks-la-sostenibilidad-como-motor-de-innovacion-de-tendencia-a-commoditie\/\" >\n\t\t\t\tPack Talks: La Sostenibilidad como Motor de Innovaci\u00f3n: De Tendencia a Commoditie\t\t\t<\/a>\n\t\t<\/h3>\n\t\t\t\t<div class=\"elementor-post__excerpt\">\n\t\t\t<p>En colaboraci\u00f3n con Empack, la feria l\u00edder de packaging en Madrid, lanzamos PackTalks, un nuevo espacio dedicado a explorar el fascinante mundo del packaging. Y<\/p>\n\t\t<\/div>\n\t\t\n\t\t<a class=\"elementor-post__read-more\" href=\"https:\/\/www.empackmadrid.com\/es\/2026\/04\/08\/pack-talks-la-sostenibilidad-como-motor-de-innovacion-de-tendencia-a-commoditie\/\" aria-label=\"Read more about Pack Talks: La Sostenibilidad como Motor de Innovaci\u00f3n: De Tendencia a Commoditie\" tabindex=\"-1\" >\n\t\t\tRead More \u00bb\t\t<\/a>\n\n\t\t\t\t<\/div>\n\t\t\t\t<\/article>\n\t\t\t\t<article class=\"elementor-post elementor-grid-item post-173137 post type-post status-publish format-standard has-post-thumbnail hentry category-blog category-un-cafe-con tag-bolton-food tag-catalina-cortizo tag-entrevista tag-quality-packaging-supervisor tag-un-cafe-con\" role=\"listitem\">\n\t\t\t\t<div class=\"elementor-post__text\">\n\t\t\t\t<h3 class=\"elementor-post__title\">\n\t\t\t<a href=\"https:\/\/www.empackmadrid.com\/es\/2026\/04\/08\/un-cafe-con-catalina-cortizo-quality-packaging-supervisor-en-bolton-food\/\" >\n\t\t\t\tUn caf\u00e9 con Catalina Cortizo, Quality Packaging Supervisor en Bolton Food\t\t\t<\/a>\n\t\t<\/h3>\n\t\t\t\t<div class=\"elementor-post__excerpt\">\n\t\t\t<p>Empack: Catalina, cu\u00e9ntanos un poco tu experiencia en Bolton Food y c\u00f3mo es tu d\u00eda a d\u00eda dentro de la empresa. Catalina: Mi experiencia en<\/p>\n\t\t<\/div>\n\t\t\n\t\t<a class=\"elementor-post__read-more\" href=\"https:\/\/www.empackmadrid.com\/es\/2026\/04\/08\/un-cafe-con-catalina-cortizo-quality-packaging-supervisor-en-bolton-food\/\" aria-label=\"Read more about Un caf\u00e9 con Catalina Cortizo, Quality Packaging Supervisor en Bolton Food\" tabindex=\"-1\" >\n\t\t\tRead More \u00bb\t\t<\/a>\n\n\t\t\t\t<\/div>\n\t\t\t\t<\/article>\n\t\t\t\t<\/div>\n\t\t\n\t\t\t\t\t\t<\/div>\n\t\t\t\t<\/div>\n\t\t\t\t<div class=\"elementor-element elementor-element-cf4f095 elementor-hidden-desktop elementor-hidden-tablet elementor-hidden-phone elementor-widget elementor-widget-wp-widget-adsanity-rotating-ads\" data-id=\"cf4f095\" data-element_type=\"widget\" data-widget_type=\"wp-widget-adsanity-rotating-ads.default\">\n\t\t\t\t<div class=\"elementor-widget-container\">\n\t\t\t\t\t<div class=\"adsanity-rotating-ads ad-aligncenter\" data-ids=\"11578,11576,11580,11574\" data-timer=\"5\" data-align=\"aligncenter\" data-max-width=\"0\">\n<div id=\"ad-11578\" class=\"ad-300x250 adsanity-300x250 aligncenter adsanity-aligncenter\"\n><div class=\"adsanity-inner\">\n\n<div class=\"adsanity-gati\" data-title=\"MPU 3\"><a rel=\"nofollow\" href=\"https:\/\/www.empackmadrid.com\/es\/ads\/mpu-3\/\"  target=\"_blank\"><img loading=\"lazy\" decoding=\"async\" width=\"300\" height=\"250\" src=\"https:\/\/easyfairsassets.com\/sites\/199\/2020\/12\/300-x-250_Honeywell.jpg\" class=\"no-lazy-load wp-post-image\" alt=\"300 x 250_Honeywell\" \/><\/a><\/div>\n<\/div><\/div>\n\n<\/div>\t\t\t\t<\/div>\n\t\t\t\t<\/div>\n\t\t\t\t<div class=\"elementor-element elementor-element-32229c2 elementor-hidden-desktop elementor-hidden-tablet elementor-hidden-phone elementor-widget elementor-widget-wp-widget-adsanity-rotating-ads\" data-id=\"32229c2\" data-element_type=\"widget\" data-widget_type=\"wp-widget-adsanity-rotating-ads.default\">\n\t\t\t\t<div class=\"elementor-widget-container\">\n\t\t\t\t\t<div class=\"adsanity-rotating-ads ad-aligncenter\" data-ids=\"11574,11578,11576,11580\" data-timer=\"5\" data-align=\"aligncenter\" data-max-width=\"0\">\n<div id=\"ad-11574\" class=\"ad-300x250 adsanity-300x250 aligncenter adsanity-aligncenter\"\n><div class=\"adsanity-inner\">\n\n<div class=\"adsanity-gati\" data-title=\"MPU 1\"><a rel=\"nofollow\" href=\"https:\/\/www.empackmadrid.com\/es\/ads\/mpu-1\/\" ><img loading=\"lazy\" decoding=\"async\" width=\"300\" height=\"250\" src=\"https:\/\/easyfairsassets.com\/sites\/199\/2020\/12\/300-x-250_Risk.jpg\" class=\"no-lazy-load wp-post-image\" alt=\"300-x-250_Risk\" \/><\/a><\/div>\n<\/div><\/div>\n\n<\/div>\t\t\t\t<\/div>\n\t\t\t\t<\/div>\n\t\t\t\t\t<\/div>\n\t\t<\/div>\n\t\t\t\t\t<\/div>\n\t\t<\/section>\n\t\t\t\t<\/div>\n\t\t","protected":false},"excerpt":{"rendered":"<p>con la colaboraci\u00f3n de: Durante m\u00e1s de cinco d\u00e9cadas, Bodegas LAN ha sido una de las grandes referencias de la Denominaci\u00f3n de Origen Calificada Rioja. Reconocida por la calidad de sus vinos, su saber hacer y su trayectoria, LAN ha representado \u2014como muchas otras bodegas tradicionales\u2014 una forma cl\u00e1sica de entender y comunicar el vino. [&hellip;]<\/p>\n","protected":false},"author":85,"featured_media":161613,"comment_status":"closed","ping_status":"open","sticky":false,"template":"","format":"standard","meta":{"_seopress_robots_primary_cat":"none","_seopress_titles_title":"\u201cDate un s\u00ed\u201d: El cambio valiente de Bodegas LAN para liderar la transformaci\u00f3n actitudinal del vino.","_seopress_titles_desc":"","_seopress_robots_index":"","footnotes":""},"categories":[1120,326,1118],"tags":[2734,1398,2724,2420,445,1504],"edition":[],"class_list":["post-159847","post","type-post","status-publish","format-standard","has-post-thumbnail","hentry","category-alimentacion-y-bebidas","category-blog","category-diseno-de-packaging","tag-bodegas-lan","tag-diseno","tag-estrategia","tag-etiqueta","tag-packaging","tag-vino"],"_links":{"self":[{"href":"https:\/\/www.empackmadrid.com\/es\/wp-json\/wp\/v2\/posts\/159847","targetHints":{"allow":["GET"]}}],"collection":[{"href":"https:\/\/www.empackmadrid.com\/es\/wp-json\/wp\/v2\/posts"}],"about":[{"href":"https:\/\/www.empackmadrid.com\/es\/wp-json\/wp\/v2\/types\/post"}],"author":[{"embeddable":true,"href":"https:\/\/www.empackmadrid.com\/es\/wp-json\/wp\/v2\/users\/85"}],"replies":[{"embeddable":true,"href":"https:\/\/www.empackmadrid.com\/es\/wp-json\/wp\/v2\/comments?post=159847"}],"version-history":[{"count":5,"href":"https:\/\/www.empackmadrid.com\/es\/wp-json\/wp\/v2\/posts\/159847\/revisions"}],"predecessor-version":[{"id":161689,"href":"https:\/\/www.empackmadrid.com\/es\/wp-json\/wp\/v2\/posts\/159847\/revisions\/161689"}],"wp:featuredmedia":[{"embeddable":true,"href":"https:\/\/www.empackmadrid.com\/es\/wp-json\/wp\/v2\/media\/161613"}],"wp:attachment":[{"href":"https:\/\/www.empackmadrid.com\/es\/wp-json\/wp\/v2\/media?parent=159847"}],"wp:term":[{"taxonomy":"category","embeddable":true,"href":"https:\/\/www.empackmadrid.com\/es\/wp-json\/wp\/v2\/categories?post=159847"},{"taxonomy":"post_tag","embeddable":true,"href":"https:\/\/www.empackmadrid.com\/es\/wp-json\/wp\/v2\/tags?post=159847"},{"taxonomy":"edition","embeddable":true,"href":"https:\/\/www.empackmadrid.com\/es\/wp-json\/wp\/v2\/edition?post=159847"}],"curies":[{"name":"wp","href":"https:\/\/api.w.org\/{rel}","templated":true}]}}