{"id":166257,"date":"2025-09-01T17:01:21","date_gmt":"2025-09-01T15:01:21","guid":{"rendered":"https:\/\/www.empackmadrid.com\/?p=166257"},"modified":"2025-09-09T09:52:28","modified_gmt":"2025-09-09T07:52:28","slug":"tecnologia-y-sostenibilidad-las-claves-de-la-innovacion-que-transformaran-su-negocio-en-2025","status":"publish","type":"post","link":"https:\/\/www.empackmadrid.com\/es\/2025\/09\/01\/tecnologia-y-sostenibilidad-las-claves-de-la-innovacion-que-transformaran-su-negocio-en-2025\/","title":{"rendered":"Tecnolog\u00eda y Sostenibilidad: Las Claves de la Innovaci\u00f3n que Transformar\u00e1n su Negocio en 2025"},"content":{"rendered":"\t\t<div data-elementor-type=\"wp-post\" data-elementor-id=\"166257\" class=\"elementor elementor-166257\" data-elementor-post-type=\"post\">\n\t\t\t\t\t\t<section class=\"elementor-section elementor-top-section elementor-element elementor-element-186bb815 elementor-section-full_width elementor-section-height-default elementor-section-height-default\" data-id=\"186bb815\" data-element_type=\"section\">\n\t\t\t\t\t\t<div class=\"elementor-container elementor-column-gap-default\">\n\t\t\t\t\t<div class=\"elementor-column elementor-col-50 elementor-top-column elementor-element elementor-element-717d635b\" data-id=\"717d635b\" data-element_type=\"column\">\n\t\t\t<div class=\"elementor-widget-wrap elementor-element-populated\">\n\t\t\t\t\t\t<section class=\"elementor-section elementor-inner-section elementor-element elementor-element-4ed52ce elementor-section-boxed elementor-section-height-default elementor-section-height-default\" data-id=\"4ed52ce\" data-element_type=\"section\">\n\t\t\t\t\t\t<div class=\"elementor-container elementor-column-gap-default\">\n\t\t\t\t\t<div class=\"elementor-column elementor-col-100 elementor-inner-column elementor-element elementor-element-7507035\" data-id=\"7507035\" data-element_type=\"column\">\n\t\t\t<div class=\"elementor-widget-wrap elementor-element-populated\">\n\t\t\t\t\t\t<div class=\"elementor-element elementor-element-2aecddd elementor-invisible elementor-widget elementor-widget-heading\" data-id=\"2aecddd\" data-element_type=\"widget\" data-settings=\"{&quot;_animation&quot;:&quot;fadeInRight&quot;}\" data-widget_type=\"heading.default\">\n\t\t\t\t<div class=\"elementor-widget-container\">\n\t\t\t\t\t<h1 class=\"elementor-heading-title elementor-size-default\">Tecnolog\u00eda y Sostenibilidad: Las Claves de la Innovaci\u00f3n que Transformar\u00e1n su Negocio en 2025<\/h1>\t\t\t\t<\/div>\n\t\t\t\t<\/div>\n\t\t\t\t\t<\/div>\n\t\t<\/div>\n\t\t\t\t\t<\/div>\n\t\t<\/section>\n\t\t\t\t<div class=\"elementor-element elementor-element-60127de elementor-widget elementor-widget-text-editor\" data-id=\"60127de\" data-element_type=\"widget\" data-widget_type=\"text-editor.default\">\n\t\t\t\t<div class=\"elementor-widget-container\">\n\t\t\t\t\t\t\t\t\t<p class=\"elementtoproof\" style=\"background: white;\"><b><span style=\"font-family: 'Calibri',sans-serif; color: black;\">Gabriel Gil<\/span><\/b><b><span style=\"font-family: 'Calibri',sans-serif; color: #242424;\">\u00a0y Jos\u00e9 Mar\u00eda Lambea. <\/span><\/b><b><span style=\"font-family: 'Calibri',sans-serif; color: black;\">Grupo Labelmarket<\/span><\/b><b><span style=\"font-family: 'Calibri',sans-serif; color: #242424;\">.<\/span><\/b><\/p><p class=\"elementtoproof\" style=\"background: white;\"><span style=\"font-family: 'Calibri',sans-serif; color: black;\">En un mundo donde la velocidad del cambio tecnol\u00f3gico supera nuestra capacidad de asimilaci\u00f3n, las empresas que sobreviven no son las m\u00e1s grandes, sino las que mejor anticipan el futuro. En Grupo Labelmarket llevamos dos d\u00e9cadas observando c\u00f3mo cada revoluci\u00f3n tecnol\u00f3gica separa a los l\u00edderes de los rezagados. Hoy, desde nuestra posici\u00f3n como partner Gold de EMPACK Madrid 2025, queremos compartir las dos fuerzas que est\u00e1n redefiniendo completamente el sector de identificaci\u00f3n, codificaci\u00f3n y trazabilidad: la convergencia tecnol\u00f3gica exponencial y el imperativo de sostenibilidad real.<\/span><\/p><p class=\"elementtoproof\" style=\"background: white;\"><b><span style=\"font-family: 'Calibri',sans-serif; color: black;\">La Revoluci\u00f3n Silenciosa Ya Est\u00e1 Aqu\u00ed: RFID Ultra-Wideband<\/span><\/b><\/p><p class=\"elementtoproof\" style=\"background: white;\"><span style=\"font-family: 'Calibri',sans-serif; color: black;\">Mientras el tejido empresarial espa\u00f1ol contin\u00faa debatiendo si implementar c\u00f3digos QR o RFID tradicional, gigantes como Amazon han dado un salto cu\u00e1ntico que redefine las reglas del juego. Su implementaci\u00f3n de tecnolog\u00eda RFID Ultra-Wideband (UWB) en sus centros log\u00edsticos ha conseguido algo que parec\u00eda imposible: reducir el tiempo de localizaci\u00f3n de productos de 15 minutos a 3 segundos, con una precisi\u00f3n tridimensional de 10 cent\u00edmetros.<\/span><\/p><p class=\"elementtoproof\" style=\"background: white;\"><span style=\"font-family: 'Calibri',sans-serif; color: black;\">Esta tecnolog\u00eda funciona de manera fundamentalmente diferente al RFID convencional. No se trata de saber que un producto est\u00e1 \u00aben el almac\u00e9n\u00bb, sino de conocer que est\u00e1 \u00aben la estanter\u00eda B-14, nivel 3, a 45 cent\u00edmetros del borde izquierdo\u00bb. Los resultados son demoledores: reducci\u00f3n del 87% en tiempos de picking, ca\u00edda del 94% en errores de env\u00edo y, lo m\u00e1s sorprendente, un retorno de inversi\u00f3n completo en apenas 4 meses frente a los 18-24 meses del RFID tradicional.<\/span><\/p><p class=\"elementtoproof\" style=\"background: white;\"><span style=\"font-family: 'Calibri',sans-serif; color: black;\">La ventana de oportunidad competitiva mediante UWB se est\u00e1 cerrando r\u00e1pidamente. En Grupo Labelmarket ya estamos implementando estas soluciones para empresas del middle y big market espa\u00f1ol, con resultados que superan consistentemente las expectativas m\u00e1s optimistas. La pregunta no es si su empresa necesita esta tecnolog\u00eda, sino cu\u00e1nto est\u00e1 dispuesta a esperar antes de que sus competidores la adopten primero.<\/span><\/p><p class=\"elementtoproof\" style=\"background: white;\"><b><span style=\"font-family: 'Calibri',sans-serif; color: black;\">Digital Product Passport 2027: La Cuenta Atr\u00e1s Invisible<\/span><\/b><\/p><p class=\"elementtoproof\" style=\"background: white;\"><span style=\"font-family: 'Calibri',sans-serif; color: black;\">Pero si el UWB representa el presente inmediato, el Digital Product Passport (DPP) es el tsunami regulatorio que transformar\u00e1 completamente el mercado europeo. Entre 2027 y 2030, todos los productos comercializados en la UE deber\u00e1n implementar obligatoriamente este sistema de trazabilidad digital. Estamos hablando de 500.000 empresas espa\u00f1olas que, en poco m\u00e1s de 12 meses, necesitar\u00e1n comenzar su transformaci\u00f3n hacia el DPP o enfrentarse a multas que pueden alcanzar el 4% de su facturaci\u00f3n.<\/span><\/p><p class=\"elementtoproof\" style=\"background: white;\"><span style=\"font-family: 'Calibri',sans-serif; color: black;\">El DPP no es simplemente otro requisito burocr\u00e1tico; es la materializaci\u00f3n de un nuevo paradigma donde cada producto llevar\u00e1 consigo su historia completa: origen de materiales, huella de carbono, condiciones laborales de fabricaci\u00f3n, instrucciones de reciclaje y trazabilidad completa de su ciclo de vida. Las implicaciones son enormes, no solo para hardware y software AIDC, sino para toda la cadena de valor: consumibles, sistemas de gesti\u00f3n, mantenimiento y actualizaci\u00f3n continua.<\/span><\/p><p class=\"elementtoproof\" style=\"background: white;\"><span style=\"font-family: 'Calibri',sans-serif; color: black;\">La realidad es que la mayor\u00eda de las empresas espa\u00f1olas desconocen c\u00f3mo abordar este cambio fundamental en sus operaciones. Necesitar\u00e1n partners que no solo dominen la tecnolog\u00eda, sino que comprendan las especificidades de cada sector y puedan dise\u00f1ar soluciones que cumplan con la normativa mientras mantienen la eficiencia operativa.<\/span><\/p><p class=\"elementtoproof\" style=\"background: white;\"><b><span style=\"font-family: 'Calibri',sans-serif; color: black;\">Sistemas AIDC: La Evoluci\u00f3n de Equipo a Ecosistema<\/span><\/b><\/p><p class=\"elementtoproof\" style=\"background: white;\"><span style=\"font-family: 'Calibri',sans-serif; color: black;\">La complejidad actual de las necesidades empresariales ha superado la era de las soluciones puntuales. Ya no basta con implementar un lector de c\u00f3digos o un software de gesti\u00f3n aislado. Las empresas l\u00edderes est\u00e1n adoptando verdaderos Sistemas AIDC (AIDC-SYS), ecosistemas tecnol\u00f3gicos donde convergen m\u00faltiples tecnolog\u00edas en una sinfon\u00eda operativa perfectamente orquestada.<\/span><\/p><p class=\"elementtoproof\" style=\"background: white;\"><span style=\"font-family: 'Calibri',sans-serif; color: black;\">Estos sistemas integran secuencialmente diferentes fases y estaciones de trabajo: etiquetado inteligente, inyecci\u00f3n de tinta, marcado l\u00e1ser de alta precisi\u00f3n, RFID multicapa, rob\u00f3tica colaborativa, visi\u00f3n artificial avanzada y, cada vez m\u00e1s, elementos de Industria 5.0 como IoT industrial, inteligencia artificial predictiva, Big Data anal\u00edtico y computaci\u00f3n en la nube. El resultado es una capacidad de respuesta y adaptaci\u00f3n que multiplica exponencialmente la eficiencia operativa.<\/span><\/p><p class=\"elementtoproof\" style=\"background: white;\"><span style=\"font-family: 'Calibri',sans-serif; color: black;\">En Grupo Labelmarket, esta evoluci\u00f3n nos ha llevado a transformar completamente nuestra propuesta de valor. Hemos pasado de ser proveedores de equipos a convertirnos en arquitectos de soluciones hol\u00edsticas, capaces de dise\u00f1ar, implementar y mantener <\/span><span style=\"font-family: 'Calibri',sans-serif; color: #242424;\">S<\/span><span style=\"font-family: 'Calibri',sans-serif; color: black;\">istemas AIDC completos que se adaptan espec\u00edficamente a las necesidades \u00fanicas de cada cliente, manteniendo siempre los par\u00e1metros cr\u00edticos de velocidad, precisi\u00f3n y fiabilidad que demandan sectores como el farmac\u00e9utico, automoci\u00f3n o retail premium.<\/span><\/p><p class=\"elementtoproof\" style=\"background: white;\"><b><span style=\"font-family: 'Calibri',sans-serif; color: black;\">Sostenibilidad: Del Greenwashing a la Certificaci\u00f3n Real<\/span><\/b><\/p><p class=\"elementtoproof\" style=\"background: white;\"><span style=\"font-family: 'Calibri',sans-serif; color: black;\">Paralelamente a esta revoluci\u00f3n tecnol\u00f3gica, emerge un imperativo igualmente transformador: la sostenibilidad real y certificada. El mercado ha evolucionado m\u00e1s all\u00e1 del \u00abgreenwashing\u00bb. Consumidores y empresas exigen ahora pruebas fehacientes de compromiso ambiental y social, respaldadas por certificaciones internacionales reconocidas.<\/span><\/p><p class=\"elementtoproof\" style=\"background: white;\"><span style=\"font-family: 'Calibri',sans-serif; color: black;\">En este contexto, Grupo Labelmarket ha alcanzado hitos significativos que validan nuestro compromiso genuino con la sostenibilidad. En 2025, nos situamos en el TOP 15% mundial de empresas evaluadas en Responsabilidad Social Corporativa seg\u00fan ECOVADIS, obteniendo la prestigiosa calificaci\u00f3n Plata. Este reconocimiento eval\u00faa exhaustivamente cuatro pilares fundamentales: medioambiente y gesti\u00f3n sostenible, pr\u00e1cticas laborales y derechos humanos, \u00e9tica empresarial y transparencia, y compras responsables en la cadena de suministro.<\/span><\/p><p class=\"elementtoproof\" style=\"background: white;\"><span style=\"font-family: 'Calibri',sans-serif; color: black;\">Complementariamente, hemos alcanzado una puntuaci\u00f3n sobresaliente en la evaluaci\u00f3n SAQ 5.0, el est\u00e1ndar de referencia en el sector automoci\u00f3n que valora la gesti\u00f3n de riesgos ambientales, el cumplimiento normativo exhaustivo, la trazabilidad y calidad en procesos, y la innovaci\u00f3n sostenible. Estas certificaciones no son meros diplomas; son la garant\u00eda de que asumimos los m\u00e1s altos est\u00e1ndares internacionales y gestionamos proactivamente riesgos y oportunidades.<\/span><\/p><p class=\"elementtoproof\" style=\"background: white;\"><b><span style=\"font-family: 'Calibri',sans-serif; color: black;\">Innovaci\u00f3n Tangible: Donde la Teor\u00eda se Convierte en Resultados<\/span><\/b><\/p><p class=\"elementtoproof\" style=\"background: white;\"><span style=\"font-family: 'Calibri',sans-serif; color: black;\">Nuestra apuesta por la sostenibilidad se materializa en innovaciones concretas: desarrollo de equipos linerless que eliminan el soporte de las etiquetas reduciendo residuos en un 40%, portfolio completo de consumibles ecol\u00f3gicos y etiquetas biodegradables, pol\u00edtica de aprovisionamiento con proveedores cercanos que reduce la huella de carbono log\u00edstica, y dise\u00f1o modular con piezas intercambiables que extiende la vida \u00fatil de los equipos hasta un 300%.<\/span><\/p><p class=\"elementtoproof\" style=\"background: white;\"><span style=\"font-family: 'Calibri',sans-serif; color: black;\">Esta combinaci\u00f3n de excelencia tecnol\u00f3gica y compromiso sostenible nos posiciona de manera \u00fanica en el mercado. Como grupo independiente con 20 a\u00f1os de trayectoria, mantenemos la agilidad para adaptarnos r\u00e1pidamente a las necesidades del mercado mientras disponemos de la solidez financiera y t\u00e9cnica para abordar proyectos de gran envergadura. Esta independencia nos permite tomar decisiones estrat\u00e9gicas r\u00e1pidas, invertir agresivamente en I+D y establecer partnerships tecnol\u00f3gicos sin las limitaciones de grupos corporativos m\u00e1s r\u00edgidos.<\/span><\/p><p class=\"elementtoproof\" style=\"background: white;\"><b><span style=\"font-family: 'Calibri',sans-serif; color: black;\">El Momento de la Decisi\u00f3n Estrat\u00e9gica<\/span><\/b><\/p><p class=\"elementtoproof\" style=\"background: white;\"><span style=\"font-family: 'Calibri',sans-serif; color: black;\">El mercado AIDC espa\u00f1ol se encuentra en un punto de inflexi\u00f3n hist\u00f3rico. La convergencia del <\/span><span style=\"font-family: 'Calibri',sans-serif; color: #242424;\">DPP<\/span><span style=\"font-family: 'Calibri',sans-serif; color: black;\">, las tecnolog\u00edas UWB, los requisitos de sostenibilidad certificada y la evoluci\u00f3n hacia <\/span><span style=\"font-family: 'Calibri',sans-serif; color: #242424;\">modelos <\/span><span style=\"font-family: 'Calibri',sans-serif; color: black;\">AIDC<\/span><span style=\"font-family: 'Calibri',sans-serif; color: #242424;\">-SYS<\/span><span style=\"font-family: 'Calibri',sans-serif; color: black;\">\u00a0integrados crear\u00e1 en los pr\u00f3ximos 5 a\u00f1os el mayor ciclo de inversi\u00f3n tecnol\u00f3gica que hayamos visto en el sector. Las empresas que act\u00faen ahora liderar\u00e1n sus mercados; las que esperen se ver\u00e1n forzadas a reaccionar desde una posici\u00f3n de desventaja competitiva.<\/span><\/p><p class=\"elementtoproof\" style=\"background: white;\"><span style=\"font-family: 'Calibri',sans-serif; color: black;\">En EMPACK Madrid 2025, desde nuestro stand como Gold Sponsor, demostraremos c\u00f3mo estas tecnolog\u00edas no son conceptos futuristas sino realidades operativas disponibles hoy.\u00a0<\/span><\/p><p class=\"elementtoproof\" style=\"background: white;\"><span style=\"font-family: 'Calibri',sans-serif; color: black;\">La transformaci\u00f3n digital del sector no es una posibilidad futura; est\u00e1 sucediendo ahora mismo. En Grupo Labelmarket no solo observamos esta revoluci\u00f3n: la lideramos, la implementamos y la hacemos accesible para las empresas m\u00e1s exigentes. El futuro de la identificaci\u00f3n, codificaci\u00f3n y trazabilidad ya est\u00e1 aqu\u00ed. La \u00fanica pregunta relevante es si su empresa ser\u00e1 protagonista o espectadora de esta transformaci\u00f3n.<\/span><\/p><p class=\"elementtoproof\" style=\"background: white;\"><b><span style=\"font-family: 'Calibri',sans-serif; color: black;\">Vis\u00edtenos en EMPACK Madrid 2025 &#8211; Stand 8E12 &#8211; Pabell\u00f3n 8<\/span><\/b><\/p>\t\t\t\t\t\t\t\t<\/div>\n\t\t\t\t<\/div>\n\t\t\t\t<section class=\"elementor-section elementor-inner-section elementor-element elementor-element-323f271 elementor-section-boxed elementor-section-height-default elementor-section-height-default\" data-id=\"323f271\" data-element_type=\"section\">\n\t\t\t\t\t\t<div class=\"elementor-container elementor-column-gap-default\">\n\t\t\t\t\t<div class=\"elementor-column elementor-col-50 elementor-inner-column elementor-element elementor-element-9585a3a\" data-id=\"9585a3a\" data-element_type=\"column\">\n\t\t\t<div class=\"elementor-widget-wrap elementor-element-populated\">\n\t\t\t\t\t\t<div class=\"elementor-element elementor-element-556d41c elementor-widget elementor-widget-image\" data-id=\"556d41c\" data-element_type=\"widget\" data-widget_type=\"image.default\">\n\t\t\t\t<div class=\"elementor-widget-container\">\n\t\t\t\t\t\t\t\t\t\t\t\t\t\t\t<img fetchpriority=\"high\" decoding=\"async\" width=\"768\" height=\"414\" src=\"https:\/\/easyfairsassets.com\/sites\/199\/2025\/09\/Feria-Empack-Madrid-Octubre-2025_1-768x414.png\" class=\"attachment-medium_large size-medium_large wp-image-166265\" alt=\"Feria Empack Madrid Octubre 2025_1\" srcset=\"https:\/\/easyfairsassets.com\/sites\/199\/2025\/09\/Feria-Empack-Madrid-Octubre-2025_1-768x414.png 768w, https:\/\/easyfairsassets.com\/sites\/199\/2025\/09\/Feria-Empack-Madrid-Octubre-2025_1-300x162.png 300w, https:\/\/easyfairsassets.com\/sites\/199\/2025\/09\/Feria-Empack-Madrid-Octubre-2025_1-1024x552.png 1024w, https:\/\/easyfairsassets.com\/sites\/199\/2025\/09\/Feria-Empack-Madrid-Octubre-2025_1-1536x828.png 1536w, https:\/\/easyfairsassets.com\/sites\/199\/2025\/09\/Feria-Empack-Madrid-Octubre-2025_1.png 1920w\" sizes=\"(max-width: 768px) 100vw, 768px\" \/>\t\t\t\t\t\t\t\t\t\t\t\t\t\t\t<\/div>\n\t\t\t\t<\/div>\n\t\t\t\t\t<\/div>\n\t\t<\/div>\n\t\t\t\t<div class=\"elementor-column elementor-col-50 elementor-inner-column elementor-element elementor-element-090d1ec\" data-id=\"090d1ec\" data-element_type=\"column\">\n\t\t\t<div class=\"elementor-widget-wrap elementor-element-populated\">\n\t\t\t\t\t\t<div class=\"elementor-element elementor-element-f0051a0 elementor-widget elementor-widget-image\" data-id=\"f0051a0\" data-element_type=\"widget\" data-widget_type=\"image.default\">\n\t\t\t\t<div class=\"elementor-widget-container\">\n\t\t\t\t\t\t\t\t\t\t\t\t\t\t\t<img decoding=\"async\" width=\"768\" height=\"414\" src=\"https:\/\/easyfairsassets.com\/sites\/199\/2025\/09\/Feria-Empack-Madrid-Octubre-2025_3-768x414.png\" class=\"attachment-medium_large size-medium_large wp-image-167177\" alt=\"Feria Empack Madrid Octubre 2025_3\" srcset=\"https:\/\/easyfairsassets.com\/sites\/199\/2025\/09\/Feria-Empack-Madrid-Octubre-2025_3-768x414.png 768w, https:\/\/easyfairsassets.com\/sites\/199\/2025\/09\/Feria-Empack-Madrid-Octubre-2025_3-300x162.png 300w, https:\/\/easyfairsassets.com\/sites\/199\/2025\/09\/Feria-Empack-Madrid-Octubre-2025_3-1024x552.png 1024w, https:\/\/easyfairsassets.com\/sites\/199\/2025\/09\/Feria-Empack-Madrid-Octubre-2025_3-1536x828.png 1536w, https:\/\/easyfairsassets.com\/sites\/199\/2025\/09\/Feria-Empack-Madrid-Octubre-2025_3.png 1920w\" sizes=\"(max-width: 768px) 100vw, 768px\" \/>\t\t\t\t\t\t\t\t\t\t\t\t\t\t\t<\/div>\n\t\t\t\t<\/div>\n\t\t\t\t\t<\/div>\n\t\t<\/div>\n\t\t\t\t\t<\/div>\n\t\t<\/section>\n\t\t\t\t<div class=\"elementor-element elementor-element-5d79d5c elementor-hidden-desktop elementor-hidden-tablet elementor-hidden-mobile elementor-widget elementor-widget-button\" data-id=\"5d79d5c\" data-element_type=\"widget\" data-widget_type=\"button.default\">\n\t\t\t\t<div class=\"elementor-widget-container\">\n\t\t\t\t\t\t\t\t\t<div class=\"elementor-button-wrapper\">\n\t\t\t\t\t<a class=\"elementor-button elementor-button-link elementor-size-sm\" href=\"https:\/\/www.distribucionactualidad.com\/las-tecnologias-visibles-e-invisibles-tiendas\/\">\n\t\t\t\t\t\t<span class=\"elementor-button-content-wrapper\">\n\t\t\t\t\t\t\t\t\t<span class=\"elementor-button-text\">LEER EL ART\u00cdCULO COMPLETO<\/span>\n\t\t\t\t\t<\/span>\n\t\t\t\t\t<\/a>\n\t\t\t\t<\/div>\n\t\t\t\t\t\t\t\t<\/div>\n\t\t\t\t<\/div>\n\t\t\t\t<div class=\"elementor-element elementor-element-1acd7351 elementor-invisible elementor-widget elementor-widget-text-editor\" data-id=\"1acd7351\" data-element_type=\"widget\" data-settings=\"{&quot;_animation&quot;:&quot;fadeInRight&quot;}\" data-widget_type=\"text-editor.default\">\n\t\t\t\t<div class=\"elementor-widget-container\">\n\t\t\t\t\t\t\t\t\t<p><span style=\"vertical-align: inherit\"><span style=\"vertical-align: inherit\"><span style=\"vertical-align: inherit\"><span style=\"vertical-align: inherit\"><span style=\"vertical-align: inherit\"><span style=\"vertical-align: inherit\">Share this article<\/span><\/span><\/span><\/span><\/span><\/span><\/p>\t\t\t\t\t\t\t\t<\/div>\n\t\t\t\t<\/div>\n\t\t\t\t<div class=\"elementor-element elementor-element-e058e3b elementor-share-buttons--view-icon elementor-share-buttons--skin-flat elementor-share-buttons--shape-rounded elementor-share-buttons--color-custom elementor-grid-0 elementor-widget elementor-widget-share-buttons\" data-id=\"e058e3b\" data-element_type=\"widget\" data-widget_type=\"share-buttons.default\">\n\t\t\t\t<div class=\"elementor-widget-container\">\n\t\t\t\t\t\t\t<div class=\"elementor-grid\" role=\"list\">\n\t\t\t\t\t\t\t\t<div class=\"elementor-grid-item\" role=\"listitem\">\n\t\t\t\t\t\t<div class=\"elementor-share-btn elementor-share-btn_facebook\" role=\"button\" tabindex=\"0\" aria-label=\"Share on facebook\">\n\t\t\t\t\t\t\t\t\t\t\t\t\t\t\t<span class=\"elementor-share-btn__icon\">\n\t\t\t\t\t\t\t\t<i class=\"fab fa-facebook\" aria-hidden=\"true\"><\/i>\t\t\t\t\t\t\t<\/span>\n\t\t\t\t\t\t\t\t\t\t\t\t\t\t\t\t\t\t\t\t<\/div>\n\t\t\t\t\t<\/div>\n\t\t\t\t\t\t\t\t\t<div class=\"elementor-grid-item\" role=\"listitem\">\n\t\t\t\t\t\t<div class=\"elementor-share-btn elementor-share-btn_twitter\" role=\"button\" tabindex=\"0\" aria-label=\"Share on twitter\">\n\t\t\t\t\t\t\t\t\t\t\t\t\t\t\t<span class=\"elementor-share-btn__icon\">\n\t\t\t\t\t\t\t\t<i class=\"fab fa-twitter\" aria-hidden=\"true\"><\/i>\t\t\t\t\t\t\t<\/span>\n\t\t\t\t\t\t\t\t\t\t\t\t\t\t\t\t\t\t\t\t<\/div>\n\t\t\t\t\t<\/div>\n\t\t\t\t\t\t\t\t\t<div class=\"elementor-grid-item\" role=\"listitem\">\n\t\t\t\t\t\t<div class=\"elementor-share-btn elementor-share-btn_linkedin\" role=\"button\" tabindex=\"0\" aria-label=\"Share on linkedin\">\n\t\t\t\t\t\t\t\t\t\t\t\t\t\t\t<span class=\"elementor-share-btn__icon\">\n\t\t\t\t\t\t\t\t<i class=\"fab fa-linkedin\" aria-hidden=\"true\"><\/i>\t\t\t\t\t\t\t<\/span>\n\t\t\t\t\t\t\t\t\t\t\t\t\t\t\t\t\t\t\t\t<\/div>\n\t\t\t\t\t<\/div>\n\t\t\t\t\t\t<\/div>\n\t\t\t\t\t\t<\/div>\n\t\t\t\t<\/div>\n\t\t\t\t\t<\/div>\n\t\t<\/div>\n\t\t\t\t<div class=\"elementor-column elementor-col-50 elementor-top-column elementor-element elementor-element-42bf2a35\" data-id=\"42bf2a35\" data-element_type=\"column\">\n\t\t\t<div class=\"elementor-widget-wrap elementor-element-populated\">\n\t\t\t\t\t\t<div class=\"elementor-element elementor-element-f4979c4 elementor-hidden-desktop elementor-hidden-tablet elementor-hidden-mobile elementor-invisible elementor-widget elementor-widget-heading\" data-id=\"f4979c4\" data-element_type=\"widget\" data-settings=\"{&quot;_animation&quot;:&quot;fadeInRight&quot;}\" data-widget_type=\"heading.default\">\n\t\t\t\t<div class=\"elementor-widget-container\">\n\t\t\t\t\t<h2 class=\"elementor-heading-title elementor-size-default\">Ven a visitarnos a empack y logistics&amp;automation bilbao<\/h2>\t\t\t\t<\/div>\n\t\t\t\t<\/div>\n\t\t\t\t<div class=\"elementor-element elementor-element-681910d elementor-align-left elementor-hidden-desktop elementor-hidden-tablet elementor-hidden-mobile elementor-widget elementor-widget-global elementor-global-120611 elementor-widget-dynamic-button\" data-id=\"681910d\" data-element_type=\"widget\" data-widget_type=\"dynamic-button.default\">\n\t\t\t\t<div class=\"elementor-widget-container\">\n\t\t\t\t\t        <div class=\"elementor-button-wrapper\">\n            <a href=\"https:\/\/register.visitcloud.com\/survey\/0vn380ompp42t?actioncode=EMPB1\" target=\"_blank\" class=\"elementor-button-link elementor-button elementor-size-xs\" role=\"button\">\n                        <span class=\"elementor-button-content-wrapper\">\n\t\t\t\t\t\t<span class=\"elementor-button-text\">REG\u00cdSTRATE GRATIS EN  BILBAO<\/span>\n\t\t<\/span>\n                    <\/a>\n        <\/div>\n        \t\t\t\t<\/div>\n\t\t\t\t<\/div>\n\t\t\t\t<div class=\"elementor-element elementor-element-7714179 elementor-invisible elementor-widget elementor-widget-heading\" data-id=\"7714179\" data-element_type=\"widget\" data-settings=\"{&quot;_animation&quot;:&quot;fadeInRight&quot;}\" data-widget_type=\"heading.default\">\n\t\t\t\t<div class=\"elementor-widget-container\">\n\t\t\t\t\t<h2 class=\"elementor-heading-title elementor-size-default\">Suscr\u00edbete a nuestra newsletter<\/h2>\t\t\t\t<\/div>\n\t\t\t\t<\/div>\n\t\t\t\t<div class=\"elementor-element elementor-element-c26bbbd elementor-widget__width-inherit elementor-hidden-phone elementor-button-align-stretch elementor-widget elementor-widget-global elementor-global-125207 elementor-widget-form\" data-id=\"c26bbbd\" data-element_type=\"widget\" data-settings=\"{&quot;button_width&quot;:&quot;20&quot;,&quot;step_next_label&quot;:&quot;Next&quot;,&quot;step_previous_label&quot;:&quot;Previous&quot;,&quot;step_type&quot;:&quot;number_text&quot;,&quot;step_icon_shape&quot;:&quot;circle&quot;}\" data-widget_type=\"form.default\">\n\t\t\t\t<div class=\"elementor-widget-container\">\n\t\t\t\t\t\t\t<form class=\"elementor-form\" method=\"post\" name=\"Newsletter\" aria-label=\"Newsletter\">\n\t\t\t<input type=\"hidden\" name=\"post_id\" value=\"166257\"\/>\n\t\t\t<input type=\"hidden\" name=\"form_id\" value=\"c26bbbd\"\/>\n\t\t\t<input type=\"hidden\" name=\"referer_title\" value=\"\" \/>\n\n\t\t\t\n\t\t\t<div class=\"elementor-form-fields-wrapper elementor-labels-\">\n\t\t\t\t\t\t\t\t<div class=\"elementor-field-type-text elementor-field-group elementor-column elementor-field-group-FirstName elementor-col-100\">\n\t\t\t\t\t\t\t\t\t\t\t\t<label for=\"form-field-FirstName\" class=\"elementor-field-label elementor-screen-only\">\n\t\t\t\t\t\t\t\tNombre\t\t\t\t\t\t\t<\/label>\n\t\t\t\t\t\t\t\t\t\t\t\t\t\t<input size=\"1\" type=\"text\" name=\"form_fields[FirstName]\" id=\"form-field-FirstName\" class=\"elementor-field elementor-size-sm  elementor-field-textual\" placeholder=\"Nombre\">\n\t\t\t\t\t\t\t\t\t\t\t<\/div>\n\t\t\t\t\t\t\t\t<div class=\"elementor-field-type-text elementor-field-group elementor-column elementor-field-group-LastName elementor-col-100\">\n\t\t\t\t\t\t\t\t\t\t\t\t<label for=\"form-field-LastName\" class=\"elementor-field-label elementor-screen-only\">\n\t\t\t\t\t\t\t\tApellido\t\t\t\t\t\t\t<\/label>\n\t\t\t\t\t\t\t\t\t\t\t\t\t\t<input size=\"1\" type=\"text\" name=\"form_fields[LastName]\" id=\"form-field-LastName\" class=\"elementor-field elementor-size-sm  elementor-field-textual\" placeholder=\"Apellido\">\n\t\t\t\t\t\t\t\t\t\t\t<\/div>\n\t\t\t\t\t\t\t\t<div class=\"elementor-field-type-email elementor-field-group elementor-column elementor-field-group-Email elementor-col-100 elementor-field-required\">\n\t\t\t\t\t\t\t\t\t\t\t\t<label for=\"form-field-Email\" class=\"elementor-field-label elementor-screen-only\">\n\t\t\t\t\t\t\t\tEmail\t\t\t\t\t\t\t<\/label>\n\t\t\t\t\t\t\t\t\t\t\t\t\t\t<input size=\"1\" type=\"email\" name=\"form_fields[Email]\" id=\"form-field-Email\" class=\"elementor-field elementor-size-sm  elementor-field-textual\" placeholder=\"Email\" required=\"required\">\n\t\t\t\t\t\t\t\t\t\t\t<\/div>\n\t\t\t\t\t\t\t\t<div class=\"elementor-field-type-recaptcha_v3 elementor-field-group elementor-column elementor-field-group-field_81a6251 elementor-col-100 recaptcha_v3-inline\">\n\t\t\t\t\t<div class=\"elementor-field\" id=\"form-field-field_81a6251\"><div class=\"elementor-g-recaptcha\" data-sitekey=\"6Le35IIaAAAAAD3jT_Sfue3jxR464FxFobR3cEkm\" data-type=\"v3\" data-action=\"Form\" data-badge=\"inline\" data-size=\"invisible\"><\/div><\/div>\t\t\t\t<\/div>\n\t\t\t\t\t\t\t\t<div class=\"elementor-field-group elementor-column elementor-field-type-submit elementor-col-20 e-form__buttons\">\n\t\t\t\t\t<button class=\"elementor-button elementor-size-md\" type=\"submit\">\n\t\t\t\t\t\t<span class=\"elementor-button-content-wrapper\">\n\t\t\t\t\t\t\t\t\t\t\t\t\t\t\t\t\t\t\t\t\t\t<span class=\"elementor-button-text\">Enviar<\/span>\n\t\t\t\t\t\t\t\t\t\t\t\t\t<\/span>\n\t\t\t\t\t<\/button>\n\t\t\t\t<\/div>\n\t\t\t<\/div>\n\t\t<\/form>\n\t\t\t\t\t\t<\/div>\n\t\t\t\t<\/div>\n\t\t\t\t<div class=\"elementor-element elementor-element-e94ca32 elementor-hidden-desktop elementor-hidden-tablet elementor-hidden-phone elementor-widget elementor-widget-wp-widget-adsanity-rotating-ads\" data-id=\"e94ca32\" data-element_type=\"widget\" data-widget_type=\"wp-widget-adsanity-rotating-ads.default\">\n\t\t\t\t<div class=\"elementor-widget-container\">\n\t\t\t\t\t<div class=\"adsanity-rotating-ads ad-aligncenter\" data-ids=\"11576,11580,11578,11574\" data-timer=\"5\" data-align=\"aligncenter\" data-max-width=\"0\">\n<div id=\"ad-11576\" class=\"ad-300x250 adsanity-300x250 aligncenter adsanity-aligncenter\"\n><div class=\"adsanity-inner\">\n\n<div class=\"adsanity-gati\" data-title=\"MPU 2\"><a rel=\"nofollow\" href=\"https:\/\/www.empackmadrid.com\/es\/ads\/mpu-2\/\"  target=\"_blank\"><img decoding=\"async\" width=\"300\" height=\"250\" src=\"https:\/\/easyfairsassets.com\/sites\/199\/2020\/12\/300-x-250_Interiors.jpg\" class=\"no-lazy-load wp-post-image\" alt=\"300-x-250_Interiors\" \/><\/a><\/div>\n<\/div><\/div>\n\n<\/div>\t\t\t\t<\/div>\n\t\t\t\t<\/div>\n\t\t\t\t<div class=\"elementor-element elementor-element-496586bb elementor-widget-divider--view-line elementor-widget elementor-widget-divider\" data-id=\"496586bb\" data-element_type=\"widget\" data-widget_type=\"divider.default\">\n\t\t\t\t<div class=\"elementor-widget-container\">\n\t\t\t\t\t\t\t<div class=\"elementor-divider\">\n\t\t\t<span class=\"elementor-divider-separator\">\n\t\t\t\t\t\t<\/span>\n\t\t<\/div>\n\t\t\t\t\t\t<\/div>\n\t\t\t\t<\/div>\n\t\t\t\t<div class=\"elementor-element elementor-element-54989791 elementor-grid-1 elementor-posts--thumbnail-none elementor-grid-tablet-1 elementor-grid-mobile-1 elementor-widget elementor-widget-posts\" data-id=\"54989791\" data-element_type=\"widget\" data-settings=\"{&quot;classic_columns&quot;:&quot;1&quot;,&quot;classic_row_gap&quot;:{&quot;unit&quot;:&quot;px&quot;,&quot;size&quot;:&quot;23&quot;,&quot;sizes&quot;:[]},&quot;classic_columns_tablet&quot;:&quot;1&quot;,&quot;classic_columns_mobile&quot;:&quot;1&quot;,&quot;classic_row_gap_tablet&quot;:{&quot;unit&quot;:&quot;px&quot;,&quot;size&quot;:&quot;&quot;,&quot;sizes&quot;:[]},&quot;classic_row_gap_mobile&quot;:{&quot;unit&quot;:&quot;px&quot;,&quot;size&quot;:&quot;&quot;,&quot;sizes&quot;:[]}}\" data-widget_type=\"posts.classic\">\n\t\t\t\t<div class=\"elementor-widget-container\">\n\t\t\t\t\t\t\t<div class=\"elementor-posts-container elementor-posts elementor-posts--skin-classic elementor-grid\" role=\"list\">\n\t\t\t\t<article class=\"elementor-post elementor-grid-item post-173177 post type-post status-publish format-standard has-post-thumbnail hentry category-blog category-maquinaria-y-tecnologia-de-packaging tag-roland-dg tag-tintas-multicolor tag-tintas-multicolor-dea2 tag-truevis-xp640\" role=\"listitem\">\n\t\t\t\t<div class=\"elementor-post__text\">\n\t\t\t\t<h3 class=\"elementor-post__title\">\n\t\t\t<a href=\"https:\/\/www.empackmadrid.com\/es\/2026\/04\/08\/mondi-revela-como-los-envases-de-carton-ondulado-pueden-reducir-el-desperdicio-alimentario\/\" >\n\t\t\t\tMondi revela c\u00f3mo los envases de cart\u00f3n ondulado pueden reducir el desperdicio alimentario\t\t\t<\/a>\n\t\t<\/h3>\n\t\t\t\t<div class=\"elementor-post__excerpt\">\n\t\t\t<p>Mondi ha publicado un nuevo informe t\u00e9cnico que explora c\u00f3mo\u00a0los embalajes adecuados pueden ayudar\u00a0a los productores y minoristas de alimentos\u00a0a proteger la calidad del producto<\/p>\n\t\t<\/div>\n\t\t\n\t\t<a class=\"elementor-post__read-more\" href=\"https:\/\/www.empackmadrid.com\/es\/2026\/04\/08\/mondi-revela-como-los-envases-de-carton-ondulado-pueden-reducir-el-desperdicio-alimentario\/\" aria-label=\"Read more about Mondi revela c\u00f3mo los envases de cart\u00f3n ondulado pueden reducir el desperdicio alimentario\" tabindex=\"-1\" >\n\t\t\tRead More \u00bb\t\t<\/a>\n\n\t\t\t\t<\/div>\n\t\t\t\t<\/article>\n\t\t\t\t<article class=\"elementor-post elementor-grid-item post-173167 post type-post status-publish format-standard has-post-thumbnail hentry category-blog category-maquinaria-y-tecnologia-de-packaging tag-roland-dg tag-tintas-multicolor tag-tintas-multicolor-dea2 tag-truevis-xp640\" role=\"listitem\">\n\t\t\t\t<div class=\"elementor-post__text\">\n\t\t\t\t<h3 class=\"elementor-post__title\">\n\t\t\t<a href=\"https:\/\/www.empackmadrid.com\/es\/2026\/04\/08\/itene-desarrolla-adhesivos-sostenibles-biobasados-para-packaging-y-calzado-con-menor-impacto-ambiental\/\" >\n\t\t\t\tITENE desarrolla adhesivos sostenibles biobasados para packaging y calzado con menor impacto ambiental\t\t\t<\/a>\n\t\t<\/h3>\n\t\t\t\t<div class=\"elementor-post__excerpt\">\n\t\t\t<p>ITENE desarrolla\u00a0adhesivos sostenibles biobasados para packaging y calzado\u00a0sin perder rendimiento, un avance que marca un punto de inflexi\u00f3n en la industria de los materiales al<\/p>\n\t\t<\/div>\n\t\t\n\t\t<a class=\"elementor-post__read-more\" href=\"https:\/\/www.empackmadrid.com\/es\/2026\/04\/08\/itene-desarrolla-adhesivos-sostenibles-biobasados-para-packaging-y-calzado-con-menor-impacto-ambiental\/\" aria-label=\"Read more about ITENE desarrolla adhesivos sostenibles biobasados para packaging y calzado con menor impacto ambiental\" tabindex=\"-1\" >\n\t\t\tRead More \u00bb\t\t<\/a>\n\n\t\t\t\t<\/div>\n\t\t\t\t<\/article>\n\t\t\t\t<article class=\"elementor-post elementor-grid-item post-173153 post type-post status-publish format-standard has-post-thumbnail hentry category-alimentacion-y-bebidas category-blog category-diseno-de-packaging category-ecommerce-sostenibilidad-retail tag-actualidad tag-envases tag-normativa tag-packaging tag-regulacion-2\" role=\"listitem\">\n\t\t\t\t<div class=\"elementor-post__text\">\n\t\t\t\t<h3 class=\"elementor-post__title\">\n\t\t\t<a href=\"https:\/\/www.empackmadrid.com\/es\/2026\/04\/08\/pack-talks-la-sostenibilidad-como-motor-de-innovacion-de-tendencia-a-commoditie\/\" >\n\t\t\t\tPack Talks: La Sostenibilidad como Motor de Innovaci\u00f3n: De Tendencia a Commoditie\t\t\t<\/a>\n\t\t<\/h3>\n\t\t\t\t<div class=\"elementor-post__excerpt\">\n\t\t\t<p>En colaboraci\u00f3n con Empack, la feria l\u00edder de packaging en Madrid, lanzamos PackTalks, un nuevo espacio dedicado a explorar el fascinante mundo del packaging. Y<\/p>\n\t\t<\/div>\n\t\t\n\t\t<a class=\"elementor-post__read-more\" href=\"https:\/\/www.empackmadrid.com\/es\/2026\/04\/08\/pack-talks-la-sostenibilidad-como-motor-de-innovacion-de-tendencia-a-commoditie\/\" aria-label=\"Read more about Pack Talks: La Sostenibilidad como Motor de Innovaci\u00f3n: De Tendencia a Commoditie\" tabindex=\"-1\" >\n\t\t\tRead More \u00bb\t\t<\/a>\n\n\t\t\t\t<\/div>\n\t\t\t\t<\/article>\n\t\t\t\t<article class=\"elementor-post elementor-grid-item post-173137 post type-post status-publish format-standard has-post-thumbnail hentry category-blog category-un-cafe-con tag-bolton-food tag-catalina-cortizo tag-entrevista tag-quality-packaging-supervisor tag-un-cafe-con\" role=\"listitem\">\n\t\t\t\t<div class=\"elementor-post__text\">\n\t\t\t\t<h3 class=\"elementor-post__title\">\n\t\t\t<a href=\"https:\/\/www.empackmadrid.com\/es\/2026\/04\/08\/un-cafe-con-catalina-cortizo-quality-packaging-supervisor-en-bolton-food\/\" >\n\t\t\t\tUn caf\u00e9 con Catalina Cortizo, Quality Packaging Supervisor en Bolton Food\t\t\t<\/a>\n\t\t<\/h3>\n\t\t\t\t<div class=\"elementor-post__excerpt\">\n\t\t\t<p>Empack: Catalina, cu\u00e9ntanos un poco tu experiencia en Bolton Food y c\u00f3mo es tu d\u00eda a d\u00eda dentro de la empresa. Catalina: Mi experiencia en<\/p>\n\t\t<\/div>\n\t\t\n\t\t<a class=\"elementor-post__read-more\" href=\"https:\/\/www.empackmadrid.com\/es\/2026\/04\/08\/un-cafe-con-catalina-cortizo-quality-packaging-supervisor-en-bolton-food\/\" aria-label=\"Read more about Un caf\u00e9 con Catalina Cortizo, Quality Packaging Supervisor en Bolton Food\" tabindex=\"-1\" >\n\t\t\tRead More \u00bb\t\t<\/a>\n\n\t\t\t\t<\/div>\n\t\t\t\t<\/article>\n\t\t\t\t<\/div>\n\t\t\n\t\t\t\t\t\t<\/div>\n\t\t\t\t<\/div>\n\t\t\t\t<div class=\"elementor-element elementor-element-cf4f095 elementor-hidden-desktop elementor-hidden-tablet elementor-hidden-phone elementor-widget elementor-widget-wp-widget-adsanity-rotating-ads\" data-id=\"cf4f095\" data-element_type=\"widget\" data-widget_type=\"wp-widget-adsanity-rotating-ads.default\">\n\t\t\t\t<div class=\"elementor-widget-container\">\n\t\t\t\t\t<div class=\"adsanity-rotating-ads ad-aligncenter\" data-ids=\"11580,11576,11578,11574\" data-timer=\"5\" data-align=\"aligncenter\" data-max-width=\"0\">\n<div id=\"ad-11580\" class=\"ad-300x250 adsanity-300x250 aligncenter adsanity-aligncenter\"\n><div class=\"adsanity-inner\">\n\n<div class=\"adsanity-gati\" data-title=\"MPU 4\"><a rel=\"nofollow\" href=\"https:\/\/www.empackmadrid.com\/es\/ads\/mpu-4\/\"  target=\"_blank\"><img loading=\"lazy\" decoding=\"async\" width=\"300\" height=\"250\" src=\"https:\/\/easyfairsassets.com\/sites\/199\/2020\/12\/300-x-250_Edoc.jpg\" class=\"no-lazy-load wp-post-image\" alt=\"P16084 edoc MPU 300x250\" \/><\/a><\/div>\n<\/div><\/div>\n\n<\/div>\t\t\t\t<\/div>\n\t\t\t\t<\/div>\n\t\t\t\t<div class=\"elementor-element elementor-element-32229c2 elementor-hidden-desktop elementor-hidden-tablet elementor-hidden-phone elementor-widget elementor-widget-wp-widget-adsanity-rotating-ads\" data-id=\"32229c2\" data-element_type=\"widget\" data-widget_type=\"wp-widget-adsanity-rotating-ads.default\">\n\t\t\t\t<div class=\"elementor-widget-container\">\n\t\t\t\t\t<div class=\"adsanity-rotating-ads ad-aligncenter\" data-ids=\"11578,11580,11574,11576\" data-timer=\"5\" data-align=\"aligncenter\" data-max-width=\"0\">\n<div id=\"ad-11578\" class=\"ad-300x250 adsanity-300x250 aligncenter adsanity-aligncenter\"\n><div class=\"adsanity-inner\">\n\n<div class=\"adsanity-gati\" data-title=\"MPU 3\"><a rel=\"nofollow\" href=\"https:\/\/www.empackmadrid.com\/es\/ads\/mpu-3\/\"  target=\"_blank\"><img loading=\"lazy\" decoding=\"async\" width=\"300\" height=\"250\" src=\"https:\/\/easyfairsassets.com\/sites\/199\/2020\/12\/300-x-250_Honeywell.jpg\" class=\"no-lazy-load wp-post-image\" alt=\"300 x 250_Honeywell\" \/><\/a><\/div>\n<\/div><\/div>\n\n<\/div>\t\t\t\t<\/div>\n\t\t\t\t<\/div>\n\t\t\t\t\t<\/div>\n\t\t<\/div>\n\t\t\t\t\t<\/div>\n\t\t<\/section>\n\t\t\t\t<\/div>\n\t\t","protected":false},"excerpt":{"rendered":"<p>Gabriel Gil\u00a0y Jos\u00e9 Mar\u00eda Lambea. Grupo Labelmarket. En un mundo donde la velocidad del cambio tecnol\u00f3gico supera nuestra capacidad de asimilaci\u00f3n, las empresas que sobreviven no son las m\u00e1s grandes, sino las que mejor anticipan el futuro. En Grupo Labelmarket llevamos dos d\u00e9cadas observando c\u00f3mo cada revoluci\u00f3n tecnol\u00f3gica separa a los l\u00edderes de los rezagados. [&hellip;]<\/p>\n","protected":false},"author":135,"featured_media":166260,"comment_status":"closed","ping_status":"open","sticky":false,"template":"","format":"standard","meta":{"_seopress_robots_primary_cat":"none","_seopress_titles_title":"Tecnolog\u00eda y Sostenibilidad: Las Claves de la Innovaci\u00f3n que Transformar\u00e1n su Negocio en 2025","_seopress_titles_desc":"","_seopress_robots_index":"","footnotes":""},"categories":[326,1122,1119],"tags":[369,1136,903,1354,2768],"edition":[],"class_list":["post-166257","post","type-post","status-publish","format-standard","has-post-thumbnail","hentry","category-blog","category-ecommerce-sostenibilidad-retail","category-maquinaria-y-tecnologia-de-packaging","tag-envases","tag-etiquetas","tag-retail","tag-tecnologia","tag-tienda"],"_links":{"self":[{"href":"https:\/\/www.empackmadrid.com\/es\/wp-json\/wp\/v2\/posts\/166257","targetHints":{"allow":["GET"]}}],"collection":[{"href":"https:\/\/www.empackmadrid.com\/es\/wp-json\/wp\/v2\/posts"}],"about":[{"href":"https:\/\/www.empackmadrid.com\/es\/wp-json\/wp\/v2\/types\/post"}],"author":[{"embeddable":true,"href":"https:\/\/www.empackmadrid.com\/es\/wp-json\/wp\/v2\/users\/135"}],"replies":[{"embeddable":true,"href":"https:\/\/www.empackmadrid.com\/es\/wp-json\/wp\/v2\/comments?post=166257"}],"version-history":[{"count":5,"href":"https:\/\/www.empackmadrid.com\/es\/wp-json\/wp\/v2\/posts\/166257\/revisions"}],"predecessor-version":[{"id":167230,"href":"https:\/\/www.empackmadrid.com\/es\/wp-json\/wp\/v2\/posts\/166257\/revisions\/167230"}],"wp:featuredmedia":[{"embeddable":true,"href":"https:\/\/www.empackmadrid.com\/es\/wp-json\/wp\/v2\/media\/166260"}],"wp:attachment":[{"href":"https:\/\/www.empackmadrid.com\/es\/wp-json\/wp\/v2\/media?parent=166257"}],"wp:term":[{"taxonomy":"category","embeddable":true,"href":"https:\/\/www.empackmadrid.com\/es\/wp-json\/wp\/v2\/categories?post=166257"},{"taxonomy":"post_tag","embeddable":true,"href":"https:\/\/www.empackmadrid.com\/es\/wp-json\/wp\/v2\/tags?post=166257"},{"taxonomy":"edition","embeddable":true,"href":"https:\/\/www.empackmadrid.com\/es\/wp-json\/wp\/v2\/edition?post=166257"}],"curies":[{"name":"wp","href":"https:\/\/api.w.org\/{rel}","templated":true}]}}