{"id":169635,"date":"2025-10-01T09:24:46","date_gmt":"2025-10-01T07:24:46","guid":{"rendered":"https:\/\/www.empackmadrid.com\/?p=169635"},"modified":"2025-10-01T16:25:33","modified_gmt":"2025-10-01T14:25:33","slug":"un-cafe-con-raul-martinez-managing-director-en-laboratorios-vinfer","status":"publish","type":"post","link":"https:\/\/www.empackmadrid.com\/es\/2025\/10\/01\/un-cafe-con-raul-martinez-managing-director-en-laboratorios-vinfer\/","title":{"rendered":"Un caf\u00e9 con\u2026 Ra\u00fal Mart\u00ednez, Managing Director en Laboratorios Vinfer"},"content":{"rendered":"\t\t<div data-elementor-type=\"wp-post\" data-elementor-id=\"169635\" class=\"elementor elementor-169635\" data-elementor-post-type=\"post\">\n\t\t\t\t\t\t<section class=\"elementor-section elementor-top-section elementor-element elementor-element-186bb815 elementor-section-full_width elementor-section-height-default elementor-section-height-default\" data-id=\"186bb815\" data-element_type=\"section\">\n\t\t\t\t\t\t<div class=\"elementor-container elementor-column-gap-default\">\n\t\t\t\t\t<div class=\"elementor-column elementor-col-50 elementor-top-column elementor-element elementor-element-717d635b\" data-id=\"717d635b\" data-element_type=\"column\">\n\t\t\t<div class=\"elementor-widget-wrap elementor-element-populated\">\n\t\t\t\t\t\t<div class=\"elementor-element elementor-element-2aecddd elementor-invisible elementor-widget elementor-widget-heading\" data-id=\"2aecddd\" data-element_type=\"widget\" data-settings=\"{&quot;_animation&quot;:&quot;fadeInRight&quot;}\" data-widget_type=\"heading.default\">\n\t\t\t\t<div class=\"elementor-widget-container\">\n\t\t\t\t\t<h1 class=\"elementor-heading-title elementor-size-default\">Un caf\u00e9 con\u2026 Ra\u00fal Mart\u00ednez, Managing Director en Laboratorios Vinfer<\/h1>\t\t\t\t<\/div>\n\t\t\t\t<\/div>\n\t\t\t\t<div class=\"elementor-element elementor-element-f4b27ee elementor-widget__width-initial elementor-widget elementor-widget-text-editor\" data-id=\"f4b27ee\" data-element_type=\"widget\" data-widget_type=\"text-editor.default\">\n\t\t\t\t<div class=\"elementor-widget-container\">\n\t\t\t\t\t\t\t\t\t<p><b><span data-contrast=\"auto\">Empack: <\/span><\/b><strong>Ra\u00fal, llevas m\u00e1s de dos d\u00e9cadas vinculado a Laboratorios Vinfer, toda una vida profesional en la misma casa. \u00bfC\u00f3mo ha evolucionado tu trayectoria dentro de la empresa y qu\u00e9 aprendizajes destacar\u00edas de este recorrido?<\/strong><\/p><p><strong><b><span data-contrast=\"auto\">Ra\u00fal: <\/span><\/b><\/strong>Sinceramente, me siento muy afortunado de pertenecer al equipo de Laboratorios Vinfer. El proyecto a medio y largo plazo de la compa\u00f1\u00eda es muy atractivo y motivador, y al mismo tiempo supone un reto constante de mejora personal y profesional.<\/p><p>A lo largo de estos 20 a\u00f1os, he tenido la oportunidad de aprender y desarrollarme en casi todas las \u00e1reas de negocio de la empresa. Comenc\u00e9 como R. de Calidad, comprendiendo la sistem\u00e1tica y los procedimientos de trabajo de Laboratorios Vinfer, mientras compaginaba algunos desarrollos de I+D+i en el Laboratorio. En el a\u00f1o 2011 la compa\u00f1\u00eda evolucion\u00f3 en un proceso de profesionalizaci\u00f3n integral, aunando todas las \u00e1reas de fabricaci\u00f3n en un \u00fanico macrodepartamento de Operaciones, del que fui Director. Esta etapa la recuerdo siempre como altamente enriquecedora, tanto a nivel de conocimientos como en el trato y liderazgo de los diferentes equipos de trabajo.<\/p><p>En el a\u00f1o 2018 cuando promocion\u00e9 internamente hasta la Gerencia de Laboratorios Vinfer, un reto enorme y desconocido hasta entonces, pues tuve que \u201cponerme las pilas\u201d en cuestiones comerciales y financieras, especialmente en el \u00e1rea de Costes, adquiriendo una visi\u00f3n global de la empresa y su entorno.<\/p><p>Por \u00faltimo, en una nueva restructuraci\u00f3n interna a finales de 2021 asum\u00ed la D. General de la compa\u00f1\u00eda, trabajando de manera estrecha con la propiedad.<\/p><p><b><span data-contrast=\"auto\">Empack: <\/span><\/b><strong>El sector de higiene y limpieza est\u00e1 en plena transformaci\u00f3n, impulsado por la innovaci\u00f3n, la digitalizaci\u00f3n y una ciudadan\u00eda cada vez m\u00e1s consciente de su salud. Desde tu perspectiva, \u00bfqu\u00e9 tendencias crees que marcar\u00e1n los pr\u00f3ximos a\u00f1os?<\/strong><\/p><p><strong>Ra\u00fal: <\/strong>El consumidor final vive en un estado permanente de hiperinformaci\u00f3n, pues dispone al alcance de su mano de acceso a buscadores web, aplicaciones de IA y varias RRSS donde buscar y compartir conocimiento.<\/p><p>Sin embargo, debemos ser muy cr\u00edticos y diferenciar la informaci\u00f3n veraz y honesta, de la simple generaci\u00f3n de contenidos online, cuya \u00fanica finalidad es la de generar impacto y reconocimiento al creador.<\/p><p>Lo que no cabe lugar a dudas es que el consumidor es muy consciente que, las verdaderas innovaciones en el sector de la higiene y limpieza, proceden del uso responsable y seguro de productos qu\u00edmicos, la elecci\u00f3n de formulaciones y packaging sostenibles, y respetando siempre nuestro entorno. Cuando hablamos de innovaci\u00f3n no todo vale; los fabricantes tenemos una gran responsabilidad, y debemos ofrecer soluciones respetuosas y seguras para el consumidor, sostenibles con el medio ambiente, y al mismo tiempo econ\u00f3micamente razonables para todos los bolsillos.<\/p><p>El sector consumo en 2030 estar\u00e1 marcado por la Generaci\u00f3n Z, nativos digitales que priorizan la inmediatez, la conveniencia y el valor de la experiencia sobre la posesi\u00f3n, que utilizan las redes sociales como canal principal de informaci\u00f3n y compra, y son muy exigentes con la personalizaci\u00f3n y la autenticidad de las marcas.\u00a0<\/p>\t\t\t\t\t\t\t\t<\/div>\n\t\t\t\t<\/div>\n\t\t\t\t<div class=\"elementor-element elementor-element-913ffdc elementor-widget elementor-widget-image\" data-id=\"913ffdc\" data-element_type=\"widget\" data-widget_type=\"image.default\">\n\t\t\t\t<div class=\"elementor-widget-container\">\n\t\t\t\t\t\t\t\t\t\t\t\t\t\t\t<img fetchpriority=\"high\" decoding=\"async\" width=\"768\" height=\"512\" src=\"https:\/\/easyfairsassets.com\/sites\/199\/2025\/10\/CAFE-CON-LEER-NOTICIA-PACK-1-768x512.png\" class=\"attachment-medium_large size-medium_large wp-image-169640\" alt=\"un caf\u00e9 con vinfer\" srcset=\"https:\/\/easyfairsassets.com\/sites\/199\/2025\/10\/CAFE-CON-LEER-NOTICIA-PACK-1-768x512.png 768w, https:\/\/easyfairsassets.com\/sites\/199\/2025\/10\/CAFE-CON-LEER-NOTICIA-PACK-1-300x200.png 300w, https:\/\/easyfairsassets.com\/sites\/199\/2025\/10\/CAFE-CON-LEER-NOTICIA-PACK-1-1024x682.png 1024w, https:\/\/easyfairsassets.com\/sites\/199\/2025\/10\/CAFE-CON-LEER-NOTICIA-PACK-1.png 1250w\" sizes=\"(max-width: 768px) 100vw, 768px\" \/>\t\t\t\t\t\t\t\t\t\t\t\t\t\t\t<\/div>\n\t\t\t\t<\/div>\n\t\t\t\t<div class=\"elementor-element elementor-element-6d3cd75 elementor-widget elementor-widget-text-editor\" data-id=\"6d3cd75\" data-element_type=\"widget\" data-widget_type=\"text-editor.default\">\n\t\t\t\t<div class=\"elementor-widget-container\">\n\t\t\t\t\t\t\t\t\t<p><strong>Empack: <\/strong><strong>Ferias como Empack y Logistics &amp; Automation re\u00fanen a m\u00faltiples sectores con un punto en com\u00fan: la innovaci\u00f3n en envase, embalaje y log\u00edstica. Desde tu experiencia, \u00bfqu\u00e9 valor aportan estos encuentros para empresas de la industria higiene y limpieza como Laboratorios Vinfer?<\/strong><\/p><p><strong>Ra\u00fal: <\/strong>Empack y Logistics &amp; Automation es EL evento de referencia del envase y el embalaje, y lo m\u00e1s parecido a un parque de atracciones; en \u00fanicamente dos jornadas podemos asistir a conferencias de alt\u00edsimo nivel, acercarnos y conocer a expositores l\u00edderes del sector o descubrir soluciones realmente innovadoras, adem\u00e1s de ser un excelente punto de encuentro para el networking profesional de alto nivel.<\/p><p>Recuerdo que la primera vez que asist\u00ed a Empack fue en el a\u00f1o 2011, y desde entonces no he faltado a ninguna cita.<\/p><p>Las organizaciones invertimos m\u00e1s tiempo del que nos gustar\u00eda en mirar \u201chacia dentro\u201d, optimizando los procesos internos y realizando comparativas (en cierto modo vac\u00edas) con respecto a ejercicios anteriores. Sin embargo, los verdaderos avances de las empresas se originan cuando levantamos la vista hacia el exterior, y estamos atentos a lo que acontece en nuestro entorno.<\/p><p>Es por ello que recomiendo encarecidamente a cualquier profesional que todav\u00eda no haya tenido la oportunidad de conocer Empack Logistics&amp;Automation, que reserve y marque en rojo en su agenda los pr\u00f3ximos d\u00edas 15 y 16 de Octubre, en el recinto feria de IFEMA Madrid.<\/p><p><strong>Empack: <\/strong><strong>Y para ir cerrando este caf\u00e9&#8230; Si pensamos en el futuro del sector, \u00bfqu\u00e9 avances te ilusiona ver materializados en los pr\u00f3ximos a\u00f1os, tanto a nivel de producto como de impacto social o medioambiental?<\/strong><\/p><p><strong>Ra\u00fal: <\/strong>En primer lugar, y a pesar de que se trate m\u00e1s de un deseo que un pensamiento, me encantar\u00eda que se normalizara y potenciara institucionalmente la colaboraci\u00f3n activa entre empresas espa\u00f1olas; juntos somos mejores si queremos competir a nivel europeo e internacional, y la inteligencia colectiva es nuestra mejor herramienta para lograrlo.<\/p><p>Lo que s\u00ed tenemos muy claro es que el Ecodise\u00f1o ser\u00e1 fundamental en los envases del futuro inmediato, y que \u00e9stos se fabricar\u00e1n con biopl\u00e1sticos monomateriales y materias primas recicladas, que permitan su reutilizaci\u00f3n y reducci\u00f3n de la huella de carbono, resultando en una econom\u00eda circular efectiva.<\/p><p>El packaging es fundamental para el dise\u00f1o, transporte, funcionalidad y presentaci\u00f3n de un producto; y sin embargo, lo m\u00e1s importante es el contenido del mismo, es decir el propio bien de consumo. Y el cliente utilizar\u00e1 los mismos criterios en su decisi\u00f3n de compra del producto: sostenibilidad, uso seguro y responsable, y biodegradabilidad.<\/p><p><strong>Empack: <\/strong><strong>Por \u00faltimo, despu\u00e9s de un ejemplo como el tuyo de perseverancia y aprendizaje dentro de Laboratorios Vinfer, \u00bfQu\u00e9 consejos las dar\u00edas a los j\u00f3venes talentos que est\u00e1n comenzando su andadura en el mundo laboral?<\/strong><\/p><p><strong>Ra\u00fal: <\/strong>Las nuevas generaciones que se incorporan al mercado laboral son las que tienen una mayor y mejor preparaci\u00f3n a nivel formativo, y a buen seguro ayudar\u00e1n a las compa\u00f1\u00edas en el proceso de revoluci\u00f3n tecnol\u00f3gica digital.<\/p><p>No soy una persona propensa a ofrecer consejos a las dem\u00e1s, aunque si me gustar\u00eda decirles a estos j\u00f3venes talentos que dispongan de la paciencia necesaria para entender a la organizaci\u00f3n, su contexto y su cultura. As\u00ed ser\u00e1n capaces de realizar propuestas de mejora realistas y coherentes, evitando posibles procesos de frustraci\u00f3n.<\/p>\t\t\t\t\t\t\t\t<\/div>\n\t\t\t\t<\/div>\n\t\t\t\t<div class=\"elementor-element elementor-element-daf0bfb elementor-hidden-desktop elementor-hidden-tablet elementor-hidden-mobile elementor-widget elementor-widget-button\" data-id=\"daf0bfb\" data-element_type=\"widget\" data-widget_type=\"button.default\">\n\t\t\t\t<div class=\"elementor-widget-container\">\n\t\t\t\t\t\t\t\t\t<div class=\"elementor-button-wrapper\">\n\t\t\t\t\t<a class=\"elementor-button elementor-button-link elementor-size-sm\" href=\"https:\/\/www.interempresas.net\/Envase\/Articulos\/376402-Son-las-tendencias-actuales-en-envase-mas-sostenibles.html\" target=\"_blank\" rel=\"nofollow\">\n\t\t\t\t\t\t<span class=\"elementor-button-content-wrapper\">\n\t\t\t\t\t\t\t\t\t<span class=\"elementor-button-text\">Lee la noticia completa<\/span>\n\t\t\t\t\t<\/span>\n\t\t\t\t\t<\/a>\n\t\t\t\t<\/div>\n\t\t\t\t\t\t\t\t<\/div>\n\t\t\t\t<\/div>\n\t\t\t\t<div class=\"elementor-element elementor-element-1acd7351 elementor-hidden-desktop elementor-hidden-tablet elementor-hidden-mobile elementor-invisible elementor-widget elementor-widget-text-editor\" data-id=\"1acd7351\" data-element_type=\"widget\" data-settings=\"{&quot;_animation&quot;:&quot;fadeInRight&quot;}\" data-widget_type=\"text-editor.default\">\n\t\t\t\t<div class=\"elementor-widget-container\">\n\t\t\t\t\t\t\t\t\t<p><span style=\"vertical-align: inherit;\"><span style=\"vertical-align: inherit;\"><span style=\"vertical-align: inherit;\"><span style=\"vertical-align: inherit;\"><span style=\"vertical-align: inherit;\"><span style=\"vertical-align: inherit;\">Share this article<\/span><\/span><\/span><\/span><\/span><\/span><\/p>\t\t\t\t\t\t\t\t<\/div>\n\t\t\t\t<\/div>\n\t\t\t\t<div class=\"elementor-element elementor-element-ed29d07 elementor-widget elementor-widget-image\" data-id=\"ed29d07\" data-element_type=\"widget\" data-widget_type=\"image.default\">\n\t\t\t\t<div class=\"elementor-widget-container\">\n\t\t\t\t\t\t\t\t\t\t\t\t\t\t\t\t<a href=\"http:\/\/app.gleanin.com\/share\/c\/16151\/s\/251598\">\n\t\t\t\t\t\t\t<img decoding=\"async\" width=\"1536\" height=\"115\" src=\"https:\/\/easyfairsassets.com\/sites\/199\/2023\/10\/Empack-News-1536x115.png\" class=\"attachment-1536x1536 size-1536x1536 wp-image-115947\" alt=\"gleanin empack newsletter banner\" srcset=\"https:\/\/easyfairsassets.com\/sites\/199\/2023\/10\/Empack-News-1536x115.png 1536w, https:\/\/easyfairsassets.com\/sites\/199\/2023\/10\/Empack-News-300x23.png 300w, https:\/\/easyfairsassets.com\/sites\/199\/2023\/10\/Empack-News-1024x77.png 1024w, https:\/\/easyfairsassets.com\/sites\/199\/2023\/10\/Empack-News-768x58.png 768w, https:\/\/easyfairsassets.com\/sites\/199\/2023\/10\/Empack-News.png 1920w\" sizes=\"(max-width: 1536px) 100vw, 1536px\" \/>\t\t\t\t\t\t\t\t<\/a>\n\t\t\t\t\t\t\t\t\t\t\t\t\t\t\t<\/div>\n\t\t\t\t<\/div>\n\t\t\t\t<div class=\"elementor-element elementor-element-574c33b elementor-widget elementor-widget-image\" data-id=\"574c33b\" data-element_type=\"widget\" data-widget_type=\"image.default\">\n\t\t\t\t<div class=\"elementor-widget-container\">\n\t\t\t\t\t\t\t\t\t\t\t\t\t\t\t\t<a href=\"https:\/\/www.empackmadrid.com\/es\/medios\/suscribete-a-nuestra-newsletter\/?actioncode=GLEA1\">\n\t\t\t\t\t\t\t<img decoding=\"async\" width=\"1536\" height=\"115\" src=\"https:\/\/easyfairsassets.com\/sites\/199\/2023\/10\/Empack-News-1-1536x115.png\" class=\"attachment-1536x1536 size-1536x1536 wp-image-115953\" alt=\"suscr\u00edbete a la newsletter banner\" srcset=\"https:\/\/easyfairsassets.com\/sites\/199\/2023\/10\/Empack-News-1-1536x115.png 1536w, https:\/\/easyfairsassets.com\/sites\/199\/2023\/10\/Empack-News-1-300x23.png 300w, https:\/\/easyfairsassets.com\/sites\/199\/2023\/10\/Empack-News-1-1024x77.png 1024w, https:\/\/easyfairsassets.com\/sites\/199\/2023\/10\/Empack-News-1-768x58.png 768w, https:\/\/easyfairsassets.com\/sites\/199\/2023\/10\/Empack-News-1.png 1920w\" sizes=\"(max-width: 1536px) 100vw, 1536px\" \/>\t\t\t\t\t\t\t\t<\/a>\n\t\t\t\t\t\t\t\t\t\t\t\t\t\t\t<\/div>\n\t\t\t\t<\/div>\n\t\t\t\t<div class=\"elementor-element elementor-element-e058e3b elementor-share-buttons--view-icon elementor-share-buttons--skin-flat elementor-share-buttons--shape-rounded elementor-share-buttons--color-custom elementor-grid-0 elementor-widget elementor-widget-share-buttons\" data-id=\"e058e3b\" data-element_type=\"widget\" data-widget_type=\"share-buttons.default\">\n\t\t\t\t<div class=\"elementor-widget-container\">\n\t\t\t\t\t\t\t<div class=\"elementor-grid\" role=\"list\">\n\t\t\t\t\t\t\t\t<div class=\"elementor-grid-item\" role=\"listitem\">\n\t\t\t\t\t\t<div class=\"elementor-share-btn elementor-share-btn_facebook\" role=\"button\" tabindex=\"0\" aria-label=\"Share on facebook\">\n\t\t\t\t\t\t\t\t\t\t\t\t\t\t\t<span class=\"elementor-share-btn__icon\">\n\t\t\t\t\t\t\t\t<i class=\"fab fa-facebook\" aria-hidden=\"true\"><\/i>\t\t\t\t\t\t\t<\/span>\n\t\t\t\t\t\t\t\t\t\t\t\t\t\t\t\t\t\t\t\t<\/div>\n\t\t\t\t\t<\/div>\n\t\t\t\t\t\t\t\t\t<div class=\"elementor-grid-item\" role=\"listitem\">\n\t\t\t\t\t\t<div class=\"elementor-share-btn elementor-share-btn_twitter\" role=\"button\" tabindex=\"0\" aria-label=\"Share on twitter\">\n\t\t\t\t\t\t\t\t\t\t\t\t\t\t\t<span class=\"elementor-share-btn__icon\">\n\t\t\t\t\t\t\t\t<i class=\"fab fa-twitter\" aria-hidden=\"true\"><\/i>\t\t\t\t\t\t\t<\/span>\n\t\t\t\t\t\t\t\t\t\t\t\t\t\t\t\t\t\t\t\t<\/div>\n\t\t\t\t\t<\/div>\n\t\t\t\t\t\t\t\t\t<div class=\"elementor-grid-item\" role=\"listitem\">\n\t\t\t\t\t\t<div class=\"elementor-share-btn elementor-share-btn_linkedin\" role=\"button\" tabindex=\"0\" aria-label=\"Share on linkedin\">\n\t\t\t\t\t\t\t\t\t\t\t\t\t\t\t<span class=\"elementor-share-btn__icon\">\n\t\t\t\t\t\t\t\t<i class=\"fab fa-linkedin\" aria-hidden=\"true\"><\/i>\t\t\t\t\t\t\t<\/span>\n\t\t\t\t\t\t\t\t\t\t\t\t\t\t\t\t\t\t\t\t<\/div>\n\t\t\t\t\t<\/div>\n\t\t\t\t\t\t<\/div>\n\t\t\t\t\t\t<\/div>\n\t\t\t\t<\/div>\n\t\t\t\t\t<\/div>\n\t\t<\/div>\n\t\t\t\t<div class=\"elementor-column elementor-col-50 elementor-top-column elementor-element elementor-element-42bf2a35\" data-id=\"42bf2a35\" data-element_type=\"column\">\n\t\t\t<div class=\"elementor-widget-wrap elementor-element-populated\">\n\t\t\t\t\t\t<div class=\"elementor-element elementor-element-f4979c4 elementor-invisible elementor-widget elementor-widget-heading\" data-id=\"f4979c4\" data-element_type=\"widget\" data-settings=\"{&quot;_animation&quot;:&quot;fadeInRight&quot;}\" data-widget_type=\"heading.default\">\n\t\t\t\t<div class=\"elementor-widget-container\">\n\t\t\t\t\t<h2 class=\"elementor-heading-title elementor-size-default\">Suscr\u00edbete a nuestra newsletter<\/h2>\t\t\t\t<\/div>\n\t\t\t\t<\/div>\n\t\t\t\t<div class=\"elementor-element elementor-element-c5144c8 elementor-widget__width-inherit elementor-hidden-phone elementor-button-align-stretch elementor-widget elementor-widget-global elementor-global-125207 elementor-widget-form\" data-id=\"c5144c8\" data-element_type=\"widget\" data-settings=\"{&quot;button_width&quot;:&quot;20&quot;,&quot;step_next_label&quot;:&quot;Next&quot;,&quot;step_previous_label&quot;:&quot;Previous&quot;,&quot;step_type&quot;:&quot;number_text&quot;,&quot;step_icon_shape&quot;:&quot;circle&quot;}\" data-widget_type=\"form.default\">\n\t\t\t\t<div class=\"elementor-widget-container\">\n\t\t\t\t\t\t\t<form class=\"elementor-form\" method=\"post\" name=\"Newsletter\" aria-label=\"Newsletter\">\n\t\t\t<input type=\"hidden\" name=\"post_id\" value=\"169635\"\/>\n\t\t\t<input type=\"hidden\" name=\"form_id\" value=\"c5144c8\"\/>\n\t\t\t<input type=\"hidden\" name=\"referer_title\" value=\"\" \/>\n\n\t\t\t\n\t\t\t<div class=\"elementor-form-fields-wrapper elementor-labels-\">\n\t\t\t\t\t\t\t\t<div class=\"elementor-field-type-text elementor-field-group elementor-column elementor-field-group-FirstName elementor-col-100\">\n\t\t\t\t\t\t\t\t\t\t\t\t<label for=\"form-field-FirstName\" class=\"elementor-field-label elementor-screen-only\">\n\t\t\t\t\t\t\t\tNombre\t\t\t\t\t\t\t<\/label>\n\t\t\t\t\t\t\t\t\t\t\t\t\t\t<input size=\"1\" type=\"text\" name=\"form_fields[FirstName]\" id=\"form-field-FirstName\" class=\"elementor-field elementor-size-sm  elementor-field-textual\" placeholder=\"Nombre\">\n\t\t\t\t\t\t\t\t\t\t\t<\/div>\n\t\t\t\t\t\t\t\t<div class=\"elementor-field-type-text elementor-field-group elementor-column elementor-field-group-LastName elementor-col-100\">\n\t\t\t\t\t\t\t\t\t\t\t\t<label for=\"form-field-LastName\" class=\"elementor-field-label elementor-screen-only\">\n\t\t\t\t\t\t\t\tApellido\t\t\t\t\t\t\t<\/label>\n\t\t\t\t\t\t\t\t\t\t\t\t\t\t<input size=\"1\" type=\"text\" name=\"form_fields[LastName]\" id=\"form-field-LastName\" class=\"elementor-field elementor-size-sm  elementor-field-textual\" placeholder=\"Apellido\">\n\t\t\t\t\t\t\t\t\t\t\t<\/div>\n\t\t\t\t\t\t\t\t<div class=\"elementor-field-type-email elementor-field-group elementor-column elementor-field-group-Email elementor-col-100 elementor-field-required\">\n\t\t\t\t\t\t\t\t\t\t\t\t<label for=\"form-field-Email\" class=\"elementor-field-label elementor-screen-only\">\n\t\t\t\t\t\t\t\tEmail\t\t\t\t\t\t\t<\/label>\n\t\t\t\t\t\t\t\t\t\t\t\t\t\t<input size=\"1\" type=\"email\" name=\"form_fields[Email]\" id=\"form-field-Email\" class=\"elementor-field elementor-size-sm  elementor-field-textual\" placeholder=\"Email\" required=\"required\">\n\t\t\t\t\t\t\t\t\t\t\t<\/div>\n\t\t\t\t\t\t\t\t<div class=\"elementor-field-type-recaptcha_v3 elementor-field-group elementor-column elementor-field-group-field_81a6251 elementor-col-100 recaptcha_v3-inline\">\n\t\t\t\t\t<div class=\"elementor-field\" id=\"form-field-field_81a6251\"><div class=\"elementor-g-recaptcha\" data-sitekey=\"6Le35IIaAAAAAD3jT_Sfue3jxR464FxFobR3cEkm\" data-type=\"v3\" data-action=\"Form\" data-badge=\"inline\" data-size=\"invisible\"><\/div><\/div>\t\t\t\t<\/div>\n\t\t\t\t\t\t\t\t<div class=\"elementor-field-group elementor-column elementor-field-type-submit elementor-col-20 e-form__buttons\">\n\t\t\t\t\t<button class=\"elementor-button elementor-size-md\" type=\"submit\">\n\t\t\t\t\t\t<span class=\"elementor-button-content-wrapper\">\n\t\t\t\t\t\t\t\t\t\t\t\t\t\t\t\t\t\t\t\t\t\t<span class=\"elementor-button-text\">Enviar<\/span>\n\t\t\t\t\t\t\t\t\t\t\t\t\t<\/span>\n\t\t\t\t\t<\/button>\n\t\t\t\t<\/div>\n\t\t\t<\/div>\n\t\t<\/form>\n\t\t\t\t\t\t<\/div>\n\t\t\t\t<\/div>\n\t\t\t\t<div class=\"elementor-element elementor-element-e94ca32 elementor-hidden-desktop elementor-hidden-tablet elementor-hidden-phone elementor-widget elementor-widget-wp-widget-adsanity-rotating-ads\" data-id=\"e94ca32\" data-element_type=\"widget\" data-widget_type=\"wp-widget-adsanity-rotating-ads.default\">\n\t\t\t\t<div class=\"elementor-widget-container\">\n\t\t\t\t\t<div class=\"adsanity-rotating-ads ad-aligncenter\" data-ids=\"11578,11574,11580,11576\" data-timer=\"5\" data-align=\"aligncenter\" data-max-width=\"0\">\n<div id=\"ad-11578\" class=\"ad-300x250 adsanity-300x250 aligncenter adsanity-aligncenter\"\n><div class=\"adsanity-inner\">\n\n<div class=\"adsanity-gati\" data-title=\"MPU 3\"><a rel=\"nofollow\" href=\"https:\/\/www.empackmadrid.com\/es\/ads\/mpu-3\/\"  target=\"_blank\"><img loading=\"lazy\" decoding=\"async\" width=\"300\" height=\"250\" src=\"https:\/\/easyfairsassets.com\/sites\/199\/2020\/12\/300-x-250_Honeywell.jpg\" class=\"no-lazy-load wp-post-image\" alt=\"300 x 250_Honeywell\" \/><\/a><\/div>\n<\/div><\/div>\n\n<\/div>\t\t\t\t<\/div>\n\t\t\t\t<\/div>\n\t\t\t\t<div class=\"elementor-element elementor-element-496586bb elementor-widget-divider--view-line elementor-widget elementor-widget-divider\" data-id=\"496586bb\" data-element_type=\"widget\" data-widget_type=\"divider.default\">\n\t\t\t\t<div class=\"elementor-widget-container\">\n\t\t\t\t\t\t\t<div class=\"elementor-divider\">\n\t\t\t<span class=\"elementor-divider-separator\">\n\t\t\t\t\t\t<\/span>\n\t\t<\/div>\n\t\t\t\t\t\t<\/div>\n\t\t\t\t<\/div>\n\t\t\t\t<div class=\"elementor-element elementor-element-54989791 elementor-grid-1 elementor-posts--thumbnail-none elementor-grid-tablet-1 elementor-grid-mobile-1 elementor-widget elementor-widget-posts\" data-id=\"54989791\" data-element_type=\"widget\" data-settings=\"{&quot;classic_columns&quot;:&quot;1&quot;,&quot;classic_row_gap&quot;:{&quot;unit&quot;:&quot;px&quot;,&quot;size&quot;:&quot;23&quot;,&quot;sizes&quot;:[]},&quot;classic_columns_tablet&quot;:&quot;1&quot;,&quot;classic_columns_mobile&quot;:&quot;1&quot;,&quot;classic_row_gap_tablet&quot;:{&quot;unit&quot;:&quot;px&quot;,&quot;size&quot;:&quot;&quot;,&quot;sizes&quot;:[]},&quot;classic_row_gap_mobile&quot;:{&quot;unit&quot;:&quot;px&quot;,&quot;size&quot;:&quot;&quot;,&quot;sizes&quot;:[]}}\" data-widget_type=\"posts.classic\">\n\t\t\t\t<div class=\"elementor-widget-container\">\n\t\t\t\t\t\t\t<div class=\"elementor-posts-container elementor-posts elementor-posts--skin-classic elementor-grid\" role=\"list\">\n\t\t\t\t<article class=\"elementor-post elementor-grid-item post-173177 post type-post status-publish format-standard has-post-thumbnail hentry category-blog category-maquinaria-y-tecnologia-de-packaging tag-roland-dg tag-tintas-multicolor tag-tintas-multicolor-dea2 tag-truevis-xp640\" role=\"listitem\">\n\t\t\t\t<div class=\"elementor-post__text\">\n\t\t\t\t<h3 class=\"elementor-post__title\">\n\t\t\t<a href=\"https:\/\/www.empackmadrid.com\/es\/2026\/04\/08\/mondi-revela-como-los-envases-de-carton-ondulado-pueden-reducir-el-desperdicio-alimentario\/\" >\n\t\t\t\tMondi revela c\u00f3mo los envases de cart\u00f3n ondulado pueden reducir el desperdicio alimentario\t\t\t<\/a>\n\t\t<\/h3>\n\t\t\t\t<div class=\"elementor-post__excerpt\">\n\t\t\t<p>Mondi ha publicado un nuevo informe t\u00e9cnico que explora c\u00f3mo\u00a0los embalajes adecuados pueden ayudar\u00a0a los productores y minoristas de alimentos\u00a0a proteger la calidad del producto<\/p>\n\t\t<\/div>\n\t\t\n\t\t<a class=\"elementor-post__read-more\" href=\"https:\/\/www.empackmadrid.com\/es\/2026\/04\/08\/mondi-revela-como-los-envases-de-carton-ondulado-pueden-reducir-el-desperdicio-alimentario\/\" aria-label=\"Read more about Mondi revela c\u00f3mo los envases de cart\u00f3n ondulado pueden reducir el desperdicio alimentario\" tabindex=\"-1\" >\n\t\t\tRead More \u00bb\t\t<\/a>\n\n\t\t\t\t<\/div>\n\t\t\t\t<\/article>\n\t\t\t\t<article class=\"elementor-post elementor-grid-item post-173167 post type-post status-publish format-standard has-post-thumbnail hentry category-blog category-maquinaria-y-tecnologia-de-packaging tag-roland-dg tag-tintas-multicolor tag-tintas-multicolor-dea2 tag-truevis-xp640\" role=\"listitem\">\n\t\t\t\t<div class=\"elementor-post__text\">\n\t\t\t\t<h3 class=\"elementor-post__title\">\n\t\t\t<a href=\"https:\/\/www.empackmadrid.com\/es\/2026\/04\/08\/itene-desarrolla-adhesivos-sostenibles-biobasados-para-packaging-y-calzado-con-menor-impacto-ambiental\/\" >\n\t\t\t\tITENE desarrolla adhesivos sostenibles biobasados para packaging y calzado con menor impacto ambiental\t\t\t<\/a>\n\t\t<\/h3>\n\t\t\t\t<div class=\"elementor-post__excerpt\">\n\t\t\t<p>ITENE desarrolla\u00a0adhesivos sostenibles biobasados para packaging y calzado\u00a0sin perder rendimiento, un avance que marca un punto de inflexi\u00f3n en la industria de los materiales al<\/p>\n\t\t<\/div>\n\t\t\n\t\t<a class=\"elementor-post__read-more\" href=\"https:\/\/www.empackmadrid.com\/es\/2026\/04\/08\/itene-desarrolla-adhesivos-sostenibles-biobasados-para-packaging-y-calzado-con-menor-impacto-ambiental\/\" aria-label=\"Read more about ITENE desarrolla adhesivos sostenibles biobasados para packaging y calzado con menor impacto ambiental\" tabindex=\"-1\" >\n\t\t\tRead More \u00bb\t\t<\/a>\n\n\t\t\t\t<\/div>\n\t\t\t\t<\/article>\n\t\t\t\t<article class=\"elementor-post elementor-grid-item post-173153 post type-post status-publish format-standard has-post-thumbnail hentry category-alimentacion-y-bebidas category-blog category-diseno-de-packaging category-ecommerce-sostenibilidad-retail tag-actualidad tag-envases tag-normativa tag-packaging tag-regulacion-2\" role=\"listitem\">\n\t\t\t\t<div class=\"elementor-post__text\">\n\t\t\t\t<h3 class=\"elementor-post__title\">\n\t\t\t<a href=\"https:\/\/www.empackmadrid.com\/es\/2026\/04\/08\/pack-talks-la-sostenibilidad-como-motor-de-innovacion-de-tendencia-a-commoditie\/\" >\n\t\t\t\tPack Talks: La Sostenibilidad como Motor de Innovaci\u00f3n: De Tendencia a Commoditie\t\t\t<\/a>\n\t\t<\/h3>\n\t\t\t\t<div class=\"elementor-post__excerpt\">\n\t\t\t<p>En colaboraci\u00f3n con Empack, la feria l\u00edder de packaging en Madrid, lanzamos PackTalks, un nuevo espacio dedicado a explorar el fascinante mundo del packaging. Y<\/p>\n\t\t<\/div>\n\t\t\n\t\t<a class=\"elementor-post__read-more\" href=\"https:\/\/www.empackmadrid.com\/es\/2026\/04\/08\/pack-talks-la-sostenibilidad-como-motor-de-innovacion-de-tendencia-a-commoditie\/\" aria-label=\"Read more about Pack Talks: La Sostenibilidad como Motor de Innovaci\u00f3n: De Tendencia a Commoditie\" tabindex=\"-1\" >\n\t\t\tRead More \u00bb\t\t<\/a>\n\n\t\t\t\t<\/div>\n\t\t\t\t<\/article>\n\t\t\t\t<article class=\"elementor-post elementor-grid-item post-173137 post type-post status-publish format-standard has-post-thumbnail hentry category-blog category-un-cafe-con tag-bolton-food tag-catalina-cortizo tag-entrevista tag-quality-packaging-supervisor tag-un-cafe-con\" role=\"listitem\">\n\t\t\t\t<div class=\"elementor-post__text\">\n\t\t\t\t<h3 class=\"elementor-post__title\">\n\t\t\t<a href=\"https:\/\/www.empackmadrid.com\/es\/2026\/04\/08\/un-cafe-con-catalina-cortizo-quality-packaging-supervisor-en-bolton-food\/\" >\n\t\t\t\tUn caf\u00e9 con Catalina Cortizo, Quality Packaging Supervisor en Bolton Food\t\t\t<\/a>\n\t\t<\/h3>\n\t\t\t\t<div class=\"elementor-post__excerpt\">\n\t\t\t<p>Empack: Catalina, cu\u00e9ntanos un poco tu experiencia en Bolton Food y c\u00f3mo es tu d\u00eda a d\u00eda dentro de la empresa. Catalina: Mi experiencia en<\/p>\n\t\t<\/div>\n\t\t\n\t\t<a class=\"elementor-post__read-more\" href=\"https:\/\/www.empackmadrid.com\/es\/2026\/04\/08\/un-cafe-con-catalina-cortizo-quality-packaging-supervisor-en-bolton-food\/\" aria-label=\"Read more about Un caf\u00e9 con Catalina Cortizo, Quality Packaging Supervisor en Bolton Food\" tabindex=\"-1\" >\n\t\t\tRead More \u00bb\t\t<\/a>\n\n\t\t\t\t<\/div>\n\t\t\t\t<\/article>\n\t\t\t\t<\/div>\n\t\t\n\t\t\t\t\t\t<\/div>\n\t\t\t\t<\/div>\n\t\t\t\t<div class=\"elementor-element elementor-element-cf4f095 elementor-hidden-desktop elementor-hidden-tablet elementor-hidden-phone elementor-widget elementor-widget-wp-widget-adsanity-rotating-ads\" data-id=\"cf4f095\" data-element_type=\"widget\" data-widget_type=\"wp-widget-adsanity-rotating-ads.default\">\n\t\t\t\t<div class=\"elementor-widget-container\">\n\t\t\t\t\t<div class=\"adsanity-rotating-ads ad-aligncenter\" data-ids=\"11576,11580,11578,11574\" data-timer=\"5\" data-align=\"aligncenter\" data-max-width=\"0\">\n<div id=\"ad-11576\" class=\"ad-300x250 adsanity-300x250 aligncenter adsanity-aligncenter\"\n><div class=\"adsanity-inner\">\n\n<div class=\"adsanity-gati\" data-title=\"MPU 2\"><a rel=\"nofollow\" href=\"https:\/\/www.empackmadrid.com\/es\/ads\/mpu-2\/\"  target=\"_blank\"><img loading=\"lazy\" decoding=\"async\" width=\"300\" height=\"250\" src=\"https:\/\/easyfairsassets.com\/sites\/199\/2020\/12\/300-x-250_Interiors.jpg\" class=\"no-lazy-load wp-post-image\" alt=\"300-x-250_Interiors\" \/><\/a><\/div>\n<\/div><\/div>\n\n<\/div>\t\t\t\t<\/div>\n\t\t\t\t<\/div>\n\t\t\t\t<div class=\"elementor-element elementor-element-32229c2 elementor-hidden-desktop elementor-hidden-tablet elementor-hidden-phone elementor-widget elementor-widget-wp-widget-adsanity-rotating-ads\" data-id=\"32229c2\" data-element_type=\"widget\" data-widget_type=\"wp-widget-adsanity-rotating-ads.default\">\n\t\t\t\t<div class=\"elementor-widget-container\">\n\t\t\t\t\t<div class=\"adsanity-rotating-ads ad-aligncenter\" data-ids=\"11580,11576,11578,11574\" data-timer=\"5\" data-align=\"aligncenter\" data-max-width=\"0\">\n<div id=\"ad-11580\" class=\"ad-300x250 adsanity-300x250 aligncenter adsanity-aligncenter\"\n><div class=\"adsanity-inner\">\n\n<div class=\"adsanity-gati\" data-title=\"MPU 4\"><a rel=\"nofollow\" href=\"https:\/\/www.empackmadrid.com\/es\/ads\/mpu-4\/\"  target=\"_blank\"><img loading=\"lazy\" decoding=\"async\" width=\"300\" height=\"250\" src=\"https:\/\/easyfairsassets.com\/sites\/199\/2020\/12\/300-x-250_Edoc.jpg\" class=\"no-lazy-load wp-post-image\" alt=\"P16084 edoc MPU 300x250\" \/><\/a><\/div>\n<\/div><\/div>\n\n<\/div>\t\t\t\t<\/div>\n\t\t\t\t<\/div>\n\t\t\t\t\t<\/div>\n\t\t<\/div>\n\t\t\t\t\t<\/div>\n\t\t<\/section>\n\t\t\t\t<section class=\"elementor-section elementor-top-section elementor-element elementor-element-cea0b67 elementor-section-boxed elementor-section-height-default elementor-section-height-default\" data-id=\"cea0b67\" data-element_type=\"section\">\n\t\t\t\t\t\t<div class=\"elementor-container elementor-column-gap-default\">\n\t\t\t\t\t<div class=\"elementor-column elementor-col-100 elementor-top-column elementor-element elementor-element-fa3e35c\" data-id=\"fa3e35c\" data-element_type=\"column\">\n\t\t\t<div class=\"elementor-widget-wrap elementor-element-populated\">\n\t\t\t\t\t\t<section class=\"elementor-section elementor-inner-section elementor-element elementor-element-fa32c0f elementor-section-boxed elementor-section-height-default elementor-section-height-default\" data-id=\"fa32c0f\" data-element_type=\"section\">\n\t\t\t\t\t\t<div class=\"elementor-container elementor-column-gap-default\">\n\t\t\t\t\t<div class=\"elementor-column elementor-col-50 elementor-inner-column elementor-element elementor-element-b1cab46\" data-id=\"b1cab46\" data-element_type=\"column\">\n\t\t\t<div class=\"elementor-widget-wrap\">\n\t\t\t\t\t\t\t<\/div>\n\t\t<\/div>\n\t\t\t\t<div class=\"elementor-column elementor-col-50 elementor-inner-column elementor-element elementor-element-b70cfb3\" data-id=\"b70cfb3\" data-element_type=\"column\">\n\t\t\t<div class=\"elementor-widget-wrap\">\n\t\t\t\t\t\t\t<\/div>\n\t\t<\/div>\n\t\t\t\t\t<\/div>\n\t\t<\/section>\n\t\t\t\t\t<\/div>\n\t\t<\/div>\n\t\t\t\t\t<\/div>\n\t\t<\/section>\n\t\t\t\t<\/div>\n\t\t","protected":false},"excerpt":{"rendered":"<p>Empack: Ra\u00fal, llevas m\u00e1s de dos d\u00e9cadas vinculado a Laboratorios Vinfer, toda una vida profesional en la misma casa. \u00bfC\u00f3mo ha evolucionado tu trayectoria dentro de la empresa y qu\u00e9 aprendizajes destacar\u00edas de este recorrido? Ra\u00fal: Sinceramente, me siento muy afortunado de pertenecer al equipo de Laboratorios Vinfer. El proyecto a medio y largo plazo [&hellip;]<\/p>\n","protected":false},"author":135,"featured_media":169638,"comment_status":"closed","ping_status":"open","sticky":false,"template":"","format":"standard","meta":{"_seopress_robots_primary_cat":"none","_seopress_titles_title":"Un caf\u00e9 con\u2026 Ra\u00fal Mart\u00ednez, Managing Director en Laboratorios Vinfer","_seopress_titles_desc":"Un caf\u00e9 con\u2026 Ra\u00fal Mart\u00ednez, Managing Director en Laboratorios Vinfer","_seopress_robots_index":"","footnotes":""},"categories":[326,699],"tags":[873,2771,2772,2770],"edition":[],"class_list":["post-169635","post","type-post","status-publish","format-standard","has-post-thumbnail","hentry","category-blog","category-un-cafe-con","tag-entrevista","tag-llusia","tag-mondelez-international","tag-noa"],"_links":{"self":[{"href":"https:\/\/www.empackmadrid.com\/es\/wp-json\/wp\/v2\/posts\/169635","targetHints":{"allow":["GET"]}}],"collection":[{"href":"https:\/\/www.empackmadrid.com\/es\/wp-json\/wp\/v2\/posts"}],"about":[{"href":"https:\/\/www.empackmadrid.com\/es\/wp-json\/wp\/v2\/types\/post"}],"author":[{"embeddable":true,"href":"https:\/\/www.empackmadrid.com\/es\/wp-json\/wp\/v2\/users\/135"}],"replies":[{"embeddable":true,"href":"https:\/\/www.empackmadrid.com\/es\/wp-json\/wp\/v2\/comments?post=169635"}],"version-history":[{"count":6,"href":"https:\/\/www.empackmadrid.com\/es\/wp-json\/wp\/v2\/posts\/169635\/revisions"}],"predecessor-version":[{"id":169748,"href":"https:\/\/www.empackmadrid.com\/es\/wp-json\/wp\/v2\/posts\/169635\/revisions\/169748"}],"wp:featuredmedia":[{"embeddable":true,"href":"https:\/\/www.empackmadrid.com\/es\/wp-json\/wp\/v2\/media\/169638"}],"wp:attachment":[{"href":"https:\/\/www.empackmadrid.com\/es\/wp-json\/wp\/v2\/media?parent=169635"}],"wp:term":[{"taxonomy":"category","embeddable":true,"href":"https:\/\/www.empackmadrid.com\/es\/wp-json\/wp\/v2\/categories?post=169635"},{"taxonomy":"post_tag","embeddable":true,"href":"https:\/\/www.empackmadrid.com\/es\/wp-json\/wp\/v2\/tags?post=169635"},{"taxonomy":"edition","embeddable":true,"href":"https:\/\/www.empackmadrid.com\/es\/wp-json\/wp\/v2\/edition?post=169635"}],"curies":[{"name":"wp","href":"https:\/\/api.w.org\/{rel}","templated":true}]}}