{"id":175795,"date":"2026-09-01T11:09:44","date_gmt":"2026-09-01T09:09:44","guid":{"rendered":"https:\/\/www.empackmadrid.com\/?p=175795"},"modified":"2026-09-01T11:18:16","modified_gmt":"2026-09-01T09:18:16","slug":"un-cafe-con-natalia-garcia-directora-de-calidad-sostenibilidad-y-prl-en-vicio","status":"publish","type":"post","link":"https:\/\/www.empackmadrid.com\/es\/2026\/09\/01\/un-cafe-con-natalia-garcia-directora-de-calidad-sostenibilidad-y-prl-en-vicio\/","title":{"rendered":"Un caf\u00e9 con Natalia Garc\u00eda, directora de Calidad, Sostenibilidad y PRL en Vicio"},"content":{"rendered":"\t\t<div data-elementor-type=\"wp-post\" data-elementor-id=\"175795\" class=\"elementor elementor-175795\" data-elementor-post-type=\"post\">\n\t\t\t\t\t\t<section class=\"elementor-section elementor-top-section elementor-element elementor-element-186bb815 elementor-section-full_width elementor-section-height-default elementor-section-height-default\" data-id=\"186bb815\" data-element_type=\"section\" data-e-type=\"section\">\n\t\t\t\t\t\t<div class=\"elementor-container elementor-column-gap-default\">\n\t\t\t\t\t<div class=\"elementor-column elementor-col-50 elementor-top-column elementor-element elementor-element-717d635b\" data-id=\"717d635b\" data-element_type=\"column\" data-e-type=\"column\">\n\t\t\t<div class=\"elementor-widget-wrap elementor-element-populated\">\n\t\t\t\t\t\t<div class=\"elementor-element elementor-element-2aecddd elementor-invisible elementor-widget elementor-widget-heading\" data-id=\"2aecddd\" data-element_type=\"widget\" data-e-type=\"widget\" data-settings=\"{&quot;_animation&quot;:&quot;fadeInRight&quot;}\" data-widget_type=\"heading.default\">\n\t\t\t\t<div class=\"elementor-widget-container\">\n\t\t\t\t\t<h1 class=\"elementor-heading-title elementor-size-default\">Un caf\u00e9 con Natalia Garc\u00eda, directora de Calidad, Sostenibilidad y PRL en Vicio<\/h1>\t\t\t\t<\/div>\n\t\t\t\t<\/div>\n\t\t\t\t<div class=\"elementor-element elementor-element-f4b27ee elementor-widget__width-initial elementor-widget elementor-widget-text-editor\" data-id=\"f4b27ee\" data-element_type=\"widget\" data-e-type=\"widget\" data-widget_type=\"text-editor.default\">\n\t\t\t\t<div class=\"elementor-widget-container\">\n\t\t\t\t\t\t\t\t\t<p><b><span data-contrast=\"auto\">Empack: <strong>Natalia,<\/strong> <strong>cu\u00e9ntanos un poco tu experiencia en Vicio y c\u00f3mo es tu d\u00eda a d\u00eda dentro de la empresa.<\/strong><\/span><\/b><\/p><p><strong><b><span data-contrast=\"auto\">Natalia: <\/span><\/b><\/strong>Mi incorporaci\u00f3n a Vicio fue un reto muy interesante. Me incorpor\u00e9 para crear el departamento de Calidad, y en una empresa con un crecimiento tan r\u00e1pido implicaba que todos los procesos tuvieran que evolucionar al mismo ritmo, por lo que casi en tiempo r\u00e9cord tuvimos que implementar protocolos de trabajo, normas y en definitiva todo un sistema que lo acompa\u00f1ara.<\/p><p>Actualmente, en mi d\u00eda a d\u00eda coordino tres \u00e1reas que est\u00e1n muy conectadas entre s\u00ed: Calidad y Seguridad Alimentaria, Sostenibilidad y Medio Ambiente, y Prevenci\u00f3n de Riesgos Laborales. Mi trabajo consiste en asegurar que cumplimos con la normativa en cada \u00e1rea, pero tambi\u00e9n en buscar la forma de ir m\u00e1s all\u00e1, de ser m\u00e1s creativos, m\u00e1s innovadores y hacer propuestas que sirvan para mejorar y hacer que en Vicio las cosas se hagan mejor, con un enfoque m\u00e1s orientado hacia la excelencia que a simplemente cumplir con la legislaci\u00f3n.<\/p><p>Respecto a mi d\u00eda a d\u00eda, en mi caso no hay dos d\u00edas iguales. Un d\u00eda puedo estar revisando un proyecto de packaging m\u00e1s sostenible, otro analizando indicadores de seguridad alimentaria, reuni\u00e9ndome con operaciones para optimizar procesos o trabajando con proveedores para mejorar nuestros productos.<\/p><p>Mi d\u00eda a d\u00eda trata de buscar soluciones a problemas o proponer formas de mejorar, y que todo esto tenga sentido no solo cuando lo planteo en la oficina, sino que luego sea ejecutable en nuestras cocinas.<\/p><p><b><span data-contrast=\"auto\">Empack: <strong>Tras tu larga trayectoria profesional en diferentes empresas,<\/strong> <strong>\u00bfqu\u00e9 proyectos te han supuesto un mayor reto o cu\u00e1les recuerdas especialmente y por qu\u00e9?<\/strong><\/span><\/b><\/p><p><strong><b><span data-contrast=\"auto\">Natalia<\/span><\/b>: <\/strong>He tenido la suerte de participar en proyectos muy diferentes, pero si tuviera que elegir, me quedar\u00eda con aquellos en los que ha habido que afrontar un reto desde cero, es decir, construir algo que antes no exist\u00eda.<\/p><p>Al final, implantar nuevos sistemas de calidad o protocolos de trabajo en materia preventiva, adaptar la compa\u00f1\u00eda a cambios normativos importantes o desarrollar estrategias de sostenibilidad desde pr\u00e1cticamente cero son proyectos que exigen mucho m\u00e1s que conocimientos t\u00e9cnicos. Requieren convencer, implicar a las personas y conseguir que todos entiendan el por qu\u00e9 de los cambios, y personalmente, creo que esos son los proyectos que mayores retos suponen, no los que todos dan por hecho que vas a sacar adelante porque entran dentro de tu \u00e1rea de gesti\u00f3n, sino los que implican cambios que impactan tambi\u00e9n en otros departamentos, y es ah\u00ed cuando te toca convencer al resto.<\/p><p><strong>Empack: <\/strong><strong>\u00bfCu\u00e1les crees que son las mayores ventajas de contar con ferias como Empack para el sector?<\/strong><\/p><p><strong><b><span data-contrast=\"auto\">Natalia<\/span><\/b>: <\/strong>Creo que tienen un valor enorme porque concentran en muy poco tiempo nuevas propuestas y networking. Yo en el d\u00eda a d\u00eda estoy muy centrada en resolver los retos de mi propia empresa, y si no sales de esa burbuja, es f\u00e1cil perder perspectiva de lo que est\u00e1 ocurriendo en el mercado. Por eso creo que este tipo de encuentros son especialmente interesantes, porque puedes descubrir nuevas soluciones, conocer tecnolog\u00edas que quiz\u00e1 no hab\u00edas considerado y hablar directamente con proveedores que est\u00e1n desarrollando productos muy interesantes que tal vez encajen justo con lo que estabas buscando.<\/p><p>Adem\u00e1s, creo que son espacios donde se generan conversaciones muy enriquecedoras entre empresas que, aunque podamos competir en el mercado, compartimos desaf\u00edos comunes como pueden ser reducir residuos, mejorar la reciclabilidad de los envases o cumplir con una regulaci\u00f3n cada vez m\u00e1s exigente.<\/p>\t\t\t\t\t\t\t\t<\/div>\n\t\t\t\t<\/div>\n\t\t\t\t<div class=\"elementor-element elementor-element-6d3cd75 elementor-widget elementor-widget-text-editor\" data-id=\"6d3cd75\" data-element_type=\"widget\" data-e-type=\"widget\" data-widget_type=\"text-editor.default\">\n\t\t\t\t<div class=\"elementor-widget-container\">\n\t\t\t\t\t\t\t\t\t<p><strong>Empack: Y si miramos al futuro: \u00bfqu\u00e9 te gustar\u00eda ver implantado en el sector dentro de cinco o diez a\u00f1os en t\u00e9rminos de sostenibilidad o innovaci\u00f3n?<\/strong><\/p><p><strong>Natalia:<\/strong><\/p><p>Me gustar\u00eda que se pasara de hablar de sostenibilidad como un proyecto paralelo a que formara parte de todas las decisiones del negocio de forma m\u00e1s natural. Igual que hoy en d\u00eda nadie cuestiona que una decisi\u00f3n tenga que ser rentable, creo que la sostenibilidad debe convertirse en otro criterio m\u00e1s de gesti\u00f3n.<\/p><p>En cuanto a la innovaci\u00f3n, creo que veremos un gran avance gracias a la digitalizaci\u00f3n y al uso de los datos. Vamos a ser capaces de medir mucho mejor nuestro impacto y eso permitir\u00e1 tomar decisiones m\u00e1s objetivas y eficaces.<\/p><p>Y hay otro aspecto que a m\u00ed me parece muy importante y que ya ha ido cogiendo peso en los \u00faltimos a\u00f1os y espero que siga haci\u00e9ndolo en los pr\u00f3ximos, y es la autenticidad. Creo que el futuro pasa por empresas que comuniquen con transparencia, que reconozcan tanto sus avances como los retos que todav\u00eda tienen por delante. Para m\u00ed la sostenibilidad no consiste en decir que somos perfectos, sino en ser conscientes de en qu\u00e9 punto estamos y querer trabajar para mejorar.<\/p><p><strong>Empack: Finalmente, si tuvieras que darle un consejo a tu yo de hace 10 a\u00f1os, teniendo en cuenta los cambios imprevisibles a los que nos hemos enfrentado en estos \u00faltimos a\u00f1os, \u00bfcu\u00e1l ser\u00eda?<\/strong><\/p><p><strong>Natalia:<\/strong><\/p><p>Lo primero que le dir\u00eda es que las situaciones imprevistas van a aparecer siempre y eso no depende de nosotros, pero la forma de afrontarlas y c\u00f3mo nos las tomamos s\u00ed.<\/p><p>Le dir\u00eda que van a aparecer situaciones que cambien completamente lo que ten\u00eda preconcebido, y en este sentido lo realmente importante no es preveerlo todo, sino desarrollar la capacidad de adaptarse r\u00e1pido, y para eso el orden va ayudarle mucho. Que no busque el orden para tenerlo todo bajo control, sino para poder reaccionar r\u00e1pido cuando las cosas cambian, porque us\u00e1ndolo como base, va a poder tomar decisiones con mucha m\u00e1s agilidad.<\/p><p>Y a partir de ah\u00ed le insistir\u00eda en la importancia de la flexibilidad para adaptarse, replantearse las cosas y encontrar la mejor soluci\u00f3n en cada momento. Creo que esa combinaci\u00f3n de orden y capacidad de adaptaci\u00f3n ser\u00eda la clave para que afrontara cualquier reto, y por supuesto, la actitud, una buena actitud puede cambiar totalmente el enfoque de cualquier situaci\u00f3n.<\/p><p>Tambi\u00e9n le dir\u00eda que la tecnolog\u00eda y las nuevas herramientas de inteligencia artificial le har\u00e1n la vida m\u00e1s f\u00e1cil y le ayudar\u00e1n a analizar la informaci\u00f3n de una forma mucho m\u00e1s r\u00e1pida y eficiente, pero que no hay que perder de vista que al final son las personas las que hacen que las cosas funcionen.<\/p><p>Y en ese sentido, le dir\u00eda que se rodee siempre de buenas personas, tanto en su vida personal como profesional, que con buenas personas a su lado va a poder lidiar mucho mejor con cualquier reto que la vida le ponga por delante.<\/p>\t\t\t\t\t\t\t\t<\/div>\n\t\t\t\t<\/div>\n\t\t\t\t<div class=\"elementor-element elementor-element-daf0bfb elementor-hidden-desktop elementor-hidden-tablet elementor-hidden-mobile elementor-widget elementor-widget-button\" data-id=\"daf0bfb\" data-element_type=\"widget\" data-e-type=\"widget\" data-widget_type=\"button.default\">\n\t\t\t\t<div class=\"elementor-widget-container\">\n\t\t\t\t\t\t\t\t\t<div class=\"elementor-button-wrapper\">\n\t\t\t\t\t<a class=\"elementor-button elementor-button-link elementor-size-sm\" href=\"https:\/\/www.interempresas.net\/Envase\/Articulos\/376402-Son-las-tendencias-actuales-en-envase-mas-sostenibles.html\" target=\"_blank\" rel=\"nofollow\">\n\t\t\t\t\t\t<span class=\"elementor-button-content-wrapper\">\n\t\t\t\t\t\t\t\t\t<span class=\"elementor-button-text\">Lee la noticia completa<\/span>\n\t\t\t\t\t<\/span>\n\t\t\t\t\t<\/a>\n\t\t\t\t<\/div>\n\t\t\t\t\t\t\t\t<\/div>\n\t\t\t\t<\/div>\n\t\t\t\t<div class=\"elementor-element elementor-element-1acd7351 elementor-hidden-desktop elementor-hidden-tablet elementor-hidden-mobile elementor-invisible elementor-widget elementor-widget-text-editor\" data-id=\"1acd7351\" data-element_type=\"widget\" data-e-type=\"widget\" data-settings=\"{&quot;_animation&quot;:&quot;fadeInRight&quot;}\" data-widget_type=\"text-editor.default\">\n\t\t\t\t<div class=\"elementor-widget-container\">\n\t\t\t\t\t\t\t\t\t<p><span style=\"vertical-align: inherit;\"><span style=\"vertical-align: inherit;\"><span style=\"vertical-align: inherit;\"><span style=\"vertical-align: inherit;\"><span style=\"vertical-align: inherit;\"><span style=\"vertical-align: inherit;\">Share this article<\/span><\/span><\/span><\/span><\/span><\/span><\/p>\t\t\t\t\t\t\t\t<\/div>\n\t\t\t\t<\/div>\n\t\t\t\t<div class=\"elementor-element elementor-element-ed29d07 elementor-widget elementor-widget-image\" data-id=\"ed29d07\" data-element_type=\"widget\" data-e-type=\"widget\" data-widget_type=\"image.default\">\n\t\t\t\t<div class=\"elementor-widget-container\">\n\t\t\t\t\t\t\t\t\t\t\t\t\t\t\t\t<a href=\"http:\/\/app.gleanin.com\/share\/c\/16151\/s\/251598\">\n\t\t\t\t\t\t\t<img fetchpriority=\"high\" decoding=\"async\" width=\"1536\" height=\"115\" src=\"https:\/\/easyfairsassets.com\/sites\/199\/2023\/10\/Empack-News-1536x115.png\" class=\"attachment-1536x1536 size-1536x1536 wp-image-115947\" alt=\"gleanin empack newsletter banner\" srcset=\"https:\/\/easyfairsassets.com\/sites\/199\/2023\/10\/Empack-News-1536x115.png 1536w, https:\/\/easyfairsassets.com\/sites\/199\/2023\/10\/Empack-News-300x23.png 300w, https:\/\/easyfairsassets.com\/sites\/199\/2023\/10\/Empack-News-1024x77.png 1024w, https:\/\/easyfairsassets.com\/sites\/199\/2023\/10\/Empack-News-768x58.png 768w, https:\/\/easyfairsassets.com\/sites\/199\/2023\/10\/Empack-News.png 1920w\" sizes=\"(max-width: 1536px) 100vw, 1536px\" \/>\t\t\t\t\t\t\t\t<\/a>\n\t\t\t\t\t\t\t\t\t\t\t\t\t\t\t<\/div>\n\t\t\t\t<\/div>\n\t\t\t\t<div class=\"elementor-element elementor-element-574c33b elementor-widget elementor-widget-image\" data-id=\"574c33b\" data-element_type=\"widget\" data-e-type=\"widget\" data-widget_type=\"image.default\">\n\t\t\t\t<div class=\"elementor-widget-container\">\n\t\t\t\t\t\t\t\t\t\t\t\t\t\t\t\t<a href=\"https:\/\/www.empackmadrid.com\/es\/medios\/suscribete-a-nuestra-newsletter\/?actioncode=GLEA1\">\n\t\t\t\t\t\t\t<img decoding=\"async\" width=\"1536\" height=\"115\" src=\"https:\/\/easyfairsassets.com\/sites\/199\/2023\/10\/Empack-News-1-1536x115.png\" class=\"attachment-1536x1536 size-1536x1536 wp-image-115953\" alt=\"suscr\u00edbete a la newsletter banner\" srcset=\"https:\/\/easyfairsassets.com\/sites\/199\/2023\/10\/Empack-News-1-1536x115.png 1536w, https:\/\/easyfairsassets.com\/sites\/199\/2023\/10\/Empack-News-1-300x23.png 300w, https:\/\/easyfairsassets.com\/sites\/199\/2023\/10\/Empack-News-1-1024x77.png 1024w, https:\/\/easyfairsassets.com\/sites\/199\/2023\/10\/Empack-News-1-768x58.png 768w, https:\/\/easyfairsassets.com\/sites\/199\/2023\/10\/Empack-News-1.png 1920w\" sizes=\"(max-width: 1536px) 100vw, 1536px\" \/>\t\t\t\t\t\t\t\t<\/a>\n\t\t\t\t\t\t\t\t\t\t\t\t\t\t\t<\/div>\n\t\t\t\t<\/div>\n\t\t\t\t<div class=\"elementor-element elementor-element-e058e3b elementor-share-buttons--view-icon elementor-share-buttons--skin-flat elementor-share-buttons--shape-rounded elementor-share-buttons--color-custom elementor-grid-0 elementor-widget elementor-widget-share-buttons\" data-id=\"e058e3b\" data-element_type=\"widget\" data-e-type=\"widget\" data-widget_type=\"share-buttons.default\">\n\t\t\t\t<div class=\"elementor-widget-container\">\n\t\t\t\t\t\t\t<div class=\"elementor-grid\" role=\"list\">\n\t\t\t\t\t\t\t\t<div class=\"elementor-grid-item\" role=\"listitem\">\n\t\t\t\t\t\t<div class=\"elementor-share-btn elementor-share-btn_facebook\" role=\"button\" tabindex=\"0\" aria-label=\"Share on facebook\">\n\t\t\t\t\t\t\t\t\t\t\t\t\t\t\t<span class=\"elementor-share-btn__icon\">\n\t\t\t\t\t\t\t\t<i class=\"fab fa-facebook\" aria-hidden=\"true\"><\/i>\t\t\t\t\t\t\t<\/span>\n\t\t\t\t\t\t\t\t\t\t\t\t\t\t\t\t\t\t\t\t<\/div>\n\t\t\t\t\t<\/div>\n\t\t\t\t\t\t\t\t\t<div class=\"elementor-grid-item\" role=\"listitem\">\n\t\t\t\t\t\t<div class=\"elementor-share-btn elementor-share-btn_twitter\" role=\"button\" tabindex=\"0\" aria-label=\"Share on twitter\">\n\t\t\t\t\t\t\t\t\t\t\t\t\t\t\t<span class=\"elementor-share-btn__icon\">\n\t\t\t\t\t\t\t\t<i class=\"fab fa-twitter\" aria-hidden=\"true\"><\/i>\t\t\t\t\t\t\t<\/span>\n\t\t\t\t\t\t\t\t\t\t\t\t\t\t\t\t\t\t\t\t<\/div>\n\t\t\t\t\t<\/div>\n\t\t\t\t\t\t\t\t\t<div class=\"elementor-grid-item\" role=\"listitem\">\n\t\t\t\t\t\t<div class=\"elementor-share-btn elementor-share-btn_linkedin\" role=\"button\" tabindex=\"0\" aria-label=\"Share on linkedin\">\n\t\t\t\t\t\t\t\t\t\t\t\t\t\t\t<span class=\"elementor-share-btn__icon\">\n\t\t\t\t\t\t\t\t<i class=\"fab fa-linkedin\" aria-hidden=\"true\"><\/i>\t\t\t\t\t\t\t<\/span>\n\t\t\t\t\t\t\t\t\t\t\t\t\t\t\t\t\t\t\t\t<\/div>\n\t\t\t\t\t<\/div>\n\t\t\t\t\t\t<\/div>\n\t\t\t\t\t\t<\/div>\n\t\t\t\t<\/div>\n\t\t\t\t\t<\/div>\n\t\t<\/div>\n\t\t\t\t<div class=\"elementor-column elementor-col-50 elementor-top-column elementor-element elementor-element-42bf2a35\" data-id=\"42bf2a35\" data-element_type=\"column\" data-e-type=\"column\">\n\t\t\t<div class=\"elementor-widget-wrap elementor-element-populated\">\n\t\t\t\t\t\t<div class=\"elementor-element elementor-element-f4979c4 elementor-invisible elementor-widget elementor-widget-heading\" data-id=\"f4979c4\" data-element_type=\"widget\" data-e-type=\"widget\" data-settings=\"{&quot;_animation&quot;:&quot;fadeInRight&quot;}\" data-widget_type=\"heading.default\">\n\t\t\t\t<div class=\"elementor-widget-container\">\n\t\t\t\t\t<h2 class=\"elementor-heading-title elementor-size-default\">Suscr\u00edbete a nuestra newsletter<\/h2>\t\t\t\t<\/div>\n\t\t\t\t<\/div>\n\t\t\t\t<div class=\"elementor-element elementor-element-c5144c8 elementor-widget__width-inherit elementor-hidden-phone elementor-button-align-stretch elementor-widget elementor-widget-global elementor-global-125207 elementor-widget-form\" data-id=\"c5144c8\" data-element_type=\"widget\" data-e-type=\"widget\" data-settings=\"{&quot;button_width&quot;:&quot;20&quot;,&quot;step_next_label&quot;:&quot;Next&quot;,&quot;step_previous_label&quot;:&quot;Previous&quot;,&quot;step_type&quot;:&quot;number_text&quot;,&quot;step_icon_shape&quot;:&quot;circle&quot;}\" data-widget_type=\"form.default\">\n\t\t\t\t<div class=\"elementor-widget-container\">\n\t\t\t\t\t\t\t<form class=\"elementor-form\" method=\"post\" name=\"Newsletter\" aria-label=\"Newsletter\">\n\t\t\t<input type=\"hidden\" name=\"post_id\" value=\"175795\"\/>\n\t\t\t<input type=\"hidden\" name=\"form_id\" value=\"c5144c8\"\/>\n\t\t\t<input type=\"hidden\" name=\"referer_title\" value=\"\" \/>\n\n\t\t\t\n\t\t\t<div class=\"elementor-form-fields-wrapper elementor-labels-\">\n\t\t\t\t\t\t\t\t<div class=\"elementor-field-type-text elementor-field-group elementor-column elementor-field-group-FirstName elementor-col-100\">\n\t\t\t\t\t\t\t\t\t\t\t\t<label for=\"form-field-FirstName\" class=\"elementor-field-label elementor-screen-only\">\n\t\t\t\t\t\t\t\tNombre\t\t\t\t\t\t\t<\/label>\n\t\t\t\t\t\t\t\t\t\t\t\t\t\t<input size=\"1\" type=\"text\" name=\"form_fields[FirstName]\" id=\"form-field-FirstName\" class=\"elementor-field elementor-size-sm  elementor-field-textual\" placeholder=\"Nombre\">\n\t\t\t\t\t\t\t\t\t\t\t<\/div>\n\t\t\t\t\t\t\t\t<div class=\"elementor-field-type-text elementor-field-group elementor-column elementor-field-group-LastName elementor-col-100\">\n\t\t\t\t\t\t\t\t\t\t\t\t<label for=\"form-field-LastName\" class=\"elementor-field-label elementor-screen-only\">\n\t\t\t\t\t\t\t\tApellido\t\t\t\t\t\t\t<\/label>\n\t\t\t\t\t\t\t\t\t\t\t\t\t\t<input size=\"1\" type=\"text\" name=\"form_fields[LastName]\" id=\"form-field-LastName\" class=\"elementor-field elementor-size-sm  elementor-field-textual\" placeholder=\"Apellido\">\n\t\t\t\t\t\t\t\t\t\t\t<\/div>\n\t\t\t\t\t\t\t\t<div class=\"elementor-field-type-email elementor-field-group elementor-column elementor-field-group-Email elementor-col-100 elementor-field-required\">\n\t\t\t\t\t\t\t\t\t\t\t\t<label for=\"form-field-Email\" class=\"elementor-field-label elementor-screen-only\">\n\t\t\t\t\t\t\t\tEmail\t\t\t\t\t\t\t<\/label>\n\t\t\t\t\t\t\t\t\t\t\t\t\t\t<input size=\"1\" type=\"email\" name=\"form_fields[Email]\" id=\"form-field-Email\" class=\"elementor-field elementor-size-sm  elementor-field-textual\" placeholder=\"Email\" required=\"required\">\n\t\t\t\t\t\t\t\t\t\t\t<\/div>\n\t\t\t\t\t\t\t\t<div class=\"elementor-field-type-recaptcha_v3 elementor-field-group elementor-column elementor-field-group-field_81a6251 elementor-col-100 recaptcha_v3-inline\">\n\t\t\t\t\t<div class=\"elementor-field\" id=\"form-field-field_81a6251\"><div class=\"elementor-g-recaptcha\" data-sitekey=\"6Le35IIaAAAAAD3jT_Sfue3jxR464FxFobR3cEkm\" data-type=\"v3\" data-action=\"Form\" data-badge=\"inline\" data-size=\"invisible\"><\/div><\/div>\t\t\t\t<\/div>\n\t\t\t\t\t\t\t\t<div class=\"elementor-field-group elementor-column elementor-field-type-submit elementor-col-20 e-form__buttons\">\n\t\t\t\t\t<button class=\"elementor-button elementor-size-md\" type=\"submit\">\n\t\t\t\t\t\t<span class=\"elementor-button-content-wrapper\">\n\t\t\t\t\t\t\t\t\t\t\t\t\t\t\t\t\t\t\t\t\t\t<span class=\"elementor-button-text\">Enviar<\/span>\n\t\t\t\t\t\t\t\t\t\t\t\t\t<\/span>\n\t\t\t\t\t<\/button>\n\t\t\t\t<\/div>\n\t\t\t<\/div>\n\t\t<\/form>\n\t\t\t\t\t\t<\/div>\n\t\t\t\t<\/div>\n\t\t\t\t<div class=\"elementor-element elementor-element-e94ca32 elementor-hidden-desktop elementor-hidden-tablet elementor-hidden-phone elementor-widget elementor-widget-wp-widget-adsanity-rotating-ads\" data-id=\"e94ca32\" data-element_type=\"widget\" data-e-type=\"widget\" data-widget_type=\"wp-widget-adsanity-rotating-ads.default\">\n\t\t\t\t<div class=\"elementor-widget-container\">\n\t\t\t\t\t<div class=\"adsanity-rotating-ads ad-aligncenter\" data-ids=\"11576,11580,11578,11574\" data-timer=\"5\" data-align=\"aligncenter\" data-max-width=\"0\">\n<div id=\"ad-11576\" class=\"ad-300x250 adsanity-300x250 aligncenter adsanity-aligncenter\"\n><div class=\"adsanity-inner\">\n\n<div class=\"adsanity-gati\" data-title=\"MPU 2\"><a rel=\"nofollow\" href=\"https:\/\/www.empackmadrid.com\/es\/ads\/mpu-2\/\"  target=\"_blank\"><img decoding=\"async\" width=\"300\" height=\"250\" src=\"https:\/\/easyfairsassets.com\/sites\/199\/2020\/12\/300-x-250_Interiors.jpg\" class=\"no-lazy-load wp-post-image\" alt=\"300-x-250_Interiors\" \/><\/a><\/div>\n<\/div><\/div>\n\n<\/div>\t\t\t\t<\/div>\n\t\t\t\t<\/div>\n\t\t\t\t<div class=\"elementor-element elementor-element-496586bb elementor-widget-divider--view-line elementor-widget elementor-widget-divider\" data-id=\"496586bb\" data-element_type=\"widget\" data-e-type=\"widget\" data-widget_type=\"divider.default\">\n\t\t\t\t<div class=\"elementor-widget-container\">\n\t\t\t\t\t\t\t<div class=\"elementor-divider\">\n\t\t\t<span class=\"elementor-divider-separator\">\n\t\t\t\t\t\t<\/span>\n\t\t<\/div>\n\t\t\t\t\t\t<\/div>\n\t\t\t\t<\/div>\n\t\t\t\t<div class=\"elementor-element elementor-element-54989791 elementor-grid-1 elementor-posts--thumbnail-none elementor-grid-tablet-1 elementor-grid-mobile-1 elementor-widget elementor-widget-posts\" data-id=\"54989791\" data-element_type=\"widget\" data-e-type=\"widget\" data-settings=\"{&quot;classic_columns&quot;:&quot;1&quot;,&quot;classic_row_gap&quot;:{&quot;unit&quot;:&quot;px&quot;,&quot;size&quot;:&quot;23&quot;,&quot;sizes&quot;:[]},&quot;classic_columns_tablet&quot;:&quot;1&quot;,&quot;classic_columns_mobile&quot;:&quot;1&quot;,&quot;classic_row_gap_tablet&quot;:{&quot;unit&quot;:&quot;px&quot;,&quot;size&quot;:&quot;&quot;,&quot;sizes&quot;:[]},&quot;classic_row_gap_mobile&quot;:{&quot;unit&quot;:&quot;px&quot;,&quot;size&quot;:&quot;&quot;,&quot;sizes&quot;:[]}}\" data-widget_type=\"posts.classic\">\n\t\t\t\t<div class=\"elementor-widget-container\">\n\t\t\t\t\t\t\t<div class=\"elementor-posts-container elementor-posts elementor-posts--skin-classic elementor-grid\" role=\"list\">\n\t\t\t\t<article class=\"elementor-post elementor-grid-item post-175815 post type-post status-publish format-standard has-post-thumbnail hentry category-blog category-diseno-de-packaging category-ecommerce-sostenibilidad-retail category-materiales-de-packaging category-sin-categorizar\" role=\"listitem\">\n\t\t\t\t<div class=\"elementor-post__text\">\n\t\t\t\t<h3 class=\"elementor-post__title\">\n\t\t\t<a href=\"https:\/\/www.empackmadrid.com\/es\/2026\/09\/01\/gs1-sunrise-2027-y-ppwr-como-adaptar-la-codificacion-industrial-a-la-nueva-era-de-la-trazabilidad\/\" >\n\t\t\t\tGS1 Sunrise 2027 y PPWR: C\u00f3mo adaptar la codificaci\u00f3n industrial a la nueva era de la trazabilidad\t\t\t<\/a>\n\t\t<\/h3>\n\t\t\t\t<div class=\"elementor-post__excerpt\">\n\t\t\t<p>GS1 Sunrise 2027 y el Reglamento sobre Envases y Residuos de Envases (PPWR) siguen protagonizando gran parte de las conversaciones del sector del packaging. Fabricantes,<\/p>\n\t\t<\/div>\n\t\t\n\t\t<a class=\"elementor-post__read-more\" href=\"https:\/\/www.empackmadrid.com\/es\/2026\/09\/01\/gs1-sunrise-2027-y-ppwr-como-adaptar-la-codificacion-industrial-a-la-nueva-era-de-la-trazabilidad\/\" aria-label=\"Read more about GS1 Sunrise 2027 y PPWR: C\u00f3mo adaptar la codificaci\u00f3n industrial a la nueva era de la trazabilidad\" tabindex=\"-1\" >\n\t\t\tRead More \u00bb\t\t<\/a>\n\n\t\t\t\t<\/div>\n\t\t\t\t<\/article>\n\t\t\t\t<article class=\"elementor-post elementor-grid-item post-175803 post type-post status-publish format-standard has-post-thumbnail hentry category-blog category-diseno-de-packaging category-ecommerce-sostenibilidad-retail\" role=\"listitem\">\n\t\t\t\t<div class=\"elementor-post__text\">\n\t\t\t\t<h3 class=\"elementor-post__title\">\n\t\t\t<a href=\"https:\/\/www.empackmadrid.com\/es\/2026\/09\/01\/reciclable-no-significa-reciclado-el-gran-reto-que-todavia-tiene-el-packaging\/\" >\n\t\t\t\tReciclable no significa reciclado: el gran reto que todav\u00eda tiene el packaging\t\t\t<\/a>\n\t\t<\/h3>\n\t\t\t\t<div class=\"elementor-post__excerpt\">\n\t\t\t<p>Durante los \u00faltimos a\u00f1os, una de las principales prioridades de la industria del packaging ha sido conseguir envases reciclables. Se han redise\u00f1ado formatos, sustituido materiales,<\/p>\n\t\t<\/div>\n\t\t\n\t\t<a class=\"elementor-post__read-more\" href=\"https:\/\/www.empackmadrid.com\/es\/2026\/09\/01\/reciclable-no-significa-reciclado-el-gran-reto-que-todavia-tiene-el-packaging\/\" aria-label=\"Read more about Reciclable no significa reciclado: el gran reto que todav\u00eda tiene el packaging\" tabindex=\"-1\" >\n\t\t\tRead More \u00bb\t\t<\/a>\n\n\t\t\t\t<\/div>\n\t\t\t\t<\/article>\n\t\t\t\t<article class=\"elementor-post elementor-grid-item post-175795 post type-post status-publish format-standard has-post-thumbnail hentry category-blog category-un-cafe-con tag-directora-de-calidad tag-natalia-garcia tag-prl tag-sostenibilidad tag-vicio\" role=\"listitem\">\n\t\t\t\t<div class=\"elementor-post__text\">\n\t\t\t\t<h3 class=\"elementor-post__title\">\n\t\t\t<a href=\"https:\/\/www.empackmadrid.com\/es\/2026\/09\/01\/un-cafe-con-natalia-garcia-directora-de-calidad-sostenibilidad-y-prl-en-vicio\/\" >\n\t\t\t\tUn caf\u00e9 con Natalia Garc\u00eda, directora de Calidad, Sostenibilidad y PRL en Vicio\t\t\t<\/a>\n\t\t<\/h3>\n\t\t\t\t<div class=\"elementor-post__excerpt\">\n\t\t\t<p>Empack: Natalia, cu\u00e9ntanos un poco tu experiencia en Vicio y c\u00f3mo es tu d\u00eda a d\u00eda dentro de la empresa. Natalia: Mi incorporaci\u00f3n a Vicio<\/p>\n\t\t<\/div>\n\t\t\n\t\t<a class=\"elementor-post__read-more\" href=\"https:\/\/www.empackmadrid.com\/es\/2026\/09\/01\/un-cafe-con-natalia-garcia-directora-de-calidad-sostenibilidad-y-prl-en-vicio\/\" aria-label=\"Read more about Un caf\u00e9 con Natalia Garc\u00eda, directora de Calidad, Sostenibilidad y PRL en Vicio\" tabindex=\"-1\" >\n\t\t\tRead More \u00bb\t\t<\/a>\n\n\t\t\t\t<\/div>\n\t\t\t\t<\/article>\n\t\t\t\t<article class=\"elementor-post elementor-grid-item post-175547 post type-post status-publish format-standard has-post-thumbnail hentry category-blog category-diseno-de-packaging category-ecommerce-sostenibilidad-retail category-materiales-de-packaging category-sin-categorizar\" role=\"listitem\">\n\t\t\t\t<div class=\"elementor-post__text\">\n\t\t\t\t<h3 class=\"elementor-post__title\">\n\t\t\t<a href=\"https:\/\/www.empackmadrid.com\/es\/2026\/08\/05\/vt600mf-un-unico-visor-para-gestionar-las-principales-operaciones-de-pesaje-en-tu-linea-de-produccion\/\" >\n\t\t\t\tVT600MF: un \u00fanico visor para gestionar las principales operaciones de pesaje en tu l\u00ednea de producci\u00f3n\t\t\t<\/a>\n\t\t<\/h3>\n\t\t\t\t<div class=\"elementor-post__excerpt\">\n\t\t\t<p>En la industria alimentaria, un mismo visor puede requerir diferentes operaciones de pesaje. El VT600MF de Dibal re\u00fane todas ellas en una \u00fanica soluci\u00f3n intuitiva,<\/p>\n\t\t<\/div>\n\t\t\n\t\t<a class=\"elementor-post__read-more\" href=\"https:\/\/www.empackmadrid.com\/es\/2026\/08\/05\/vt600mf-un-unico-visor-para-gestionar-las-principales-operaciones-de-pesaje-en-tu-linea-de-produccion\/\" aria-label=\"Read more about VT600MF: un \u00fanico visor para gestionar las principales operaciones de pesaje en tu l\u00ednea de producci\u00f3n\" tabindex=\"-1\" >\n\t\t\tRead More \u00bb\t\t<\/a>\n\n\t\t\t\t<\/div>\n\t\t\t\t<\/article>\n\t\t\t\t<\/div>\n\t\t\n\t\t\t\t\t\t<\/div>\n\t\t\t\t<\/div>\n\t\t\t\t<div class=\"elementor-element elementor-element-cf4f095 elementor-hidden-desktop elementor-hidden-tablet elementor-hidden-phone elementor-widget elementor-widget-wp-widget-adsanity-rotating-ads\" data-id=\"cf4f095\" data-element_type=\"widget\" data-e-type=\"widget\" data-widget_type=\"wp-widget-adsanity-rotating-ads.default\">\n\t\t\t\t<div class=\"elementor-widget-container\">\n\t\t\t\t\t<div class=\"adsanity-rotating-ads ad-aligncenter\" data-ids=\"11580,11578,11576,11574\" data-timer=\"5\" data-align=\"aligncenter\" data-max-width=\"0\">\n<div id=\"ad-11580\" class=\"ad-300x250 adsanity-300x250 aligncenter adsanity-aligncenter\"\n><div class=\"adsanity-inner\">\n\n<div class=\"adsanity-gati\" data-title=\"MPU 4\"><a rel=\"nofollow\" href=\"https:\/\/www.empackmadrid.com\/es\/ads\/mpu-4\/\"  target=\"_blank\"><img loading=\"lazy\" decoding=\"async\" width=\"300\" height=\"250\" src=\"https:\/\/easyfairsassets.com\/sites\/199\/2020\/12\/300-x-250_Edoc.jpg\" class=\"no-lazy-load wp-post-image\" alt=\"P16084 edoc MPU 300x250\" \/><\/a><\/div>\n<\/div><\/div>\n\n<\/div>\t\t\t\t<\/div>\n\t\t\t\t<\/div>\n\t\t\t\t<div class=\"elementor-element elementor-element-32229c2 elementor-hidden-desktop elementor-hidden-tablet elementor-hidden-phone elementor-widget elementor-widget-wp-widget-adsanity-rotating-ads\" data-id=\"32229c2\" data-element_type=\"widget\" data-e-type=\"widget\" data-widget_type=\"wp-widget-adsanity-rotating-ads.default\">\n\t\t\t\t<div class=\"elementor-widget-container\">\n\t\t\t\t\t<div class=\"adsanity-rotating-ads ad-aligncenter\" data-ids=\"11580,11576,11574,11578\" data-timer=\"5\" data-align=\"aligncenter\" data-max-width=\"0\">\n<div id=\"ad-11580\" class=\"ad-300x250 adsanity-300x250 aligncenter adsanity-aligncenter\"\n><div class=\"adsanity-inner\">\n\n<div class=\"adsanity-gati\" data-title=\"MPU 4\"><a rel=\"nofollow\" href=\"https:\/\/www.empackmadrid.com\/es\/ads\/mpu-4\/\"  target=\"_blank\"><img loading=\"lazy\" decoding=\"async\" width=\"300\" height=\"250\" src=\"https:\/\/easyfairsassets.com\/sites\/199\/2020\/12\/300-x-250_Edoc.jpg\" class=\"no-lazy-load wp-post-image\" alt=\"P16084 edoc MPU 300x250\" \/><\/a><\/div>\n<\/div><\/div>\n\n<\/div>\t\t\t\t<\/div>\n\t\t\t\t<\/div>\n\t\t\t\t\t<\/div>\n\t\t<\/div>\n\t\t\t\t\t<\/div>\n\t\t<\/section>\n\t\t\t\t<section class=\"elementor-section elementor-top-section elementor-element elementor-element-cea0b67 elementor-section-boxed elementor-section-height-default elementor-section-height-default\" data-id=\"cea0b67\" data-element_type=\"section\" data-e-type=\"section\">\n\t\t\t\t\t\t<div class=\"elementor-container elementor-column-gap-default\">\n\t\t\t\t\t<div class=\"elementor-column elementor-col-100 elementor-top-column elementor-element elementor-element-fa3e35c\" data-id=\"fa3e35c\" data-element_type=\"column\" data-e-type=\"column\">\n\t\t\t<div class=\"elementor-widget-wrap elementor-element-populated\">\n\t\t\t\t\t\t<section class=\"elementor-section elementor-inner-section elementor-element elementor-element-fa32c0f elementor-section-boxed elementor-section-height-default elementor-section-height-default\" data-id=\"fa32c0f\" data-element_type=\"section\" data-e-type=\"section\">\n\t\t\t\t\t\t<div class=\"elementor-container elementor-column-gap-default\">\n\t\t\t\t\t<div class=\"elementor-column elementor-col-50 elementor-inner-column elementor-element elementor-element-b1cab46\" data-id=\"b1cab46\" data-element_type=\"column\" data-e-type=\"column\">\n\t\t\t<div class=\"elementor-widget-wrap\">\n\t\t\t\t\t\t\t<\/div>\n\t\t<\/div>\n\t\t\t\t<div class=\"elementor-column elementor-col-50 elementor-inner-column elementor-element elementor-element-b70cfb3\" data-id=\"b70cfb3\" data-element_type=\"column\" data-e-type=\"column\">\n\t\t\t<div class=\"elementor-widget-wrap\">\n\t\t\t\t\t\t\t<\/div>\n\t\t<\/div>\n\t\t\t\t\t<\/div>\n\t\t<\/section>\n\t\t\t\t\t<\/div>\n\t\t<\/div>\n\t\t\t\t\t<\/div>\n\t\t<\/section>\n\t\t\t\t<\/div>\n\t\t","protected":false},"excerpt":{"rendered":"<p>Empack: Natalia, cu\u00e9ntanos un poco tu experiencia en Vicio y c\u00f3mo es tu d\u00eda a d\u00eda dentro de la empresa. Natalia: Mi incorporaci\u00f3n a Vicio fue un reto muy interesante. Me incorpor\u00e9 para crear el departamento de Calidad, y en una empresa con un crecimiento tan r\u00e1pido implicaba que todos los procesos tuvieran que evolucionar [&hellip;]<\/p>\n","protected":false},"author":135,"featured_media":175797,"comment_status":"closed","ping_status":"open","sticky":false,"template":"","format":"standard","meta":{"_seopress_titles_title":"Un caf\u00e9 con Natalia Garc\u00eda, directora de Calidad, Sostenibilidad y PRL en Vicio","_seopress_titles_desc":"Un caf\u00e9 con Natalia Garc\u00eda, directora de Calidad, Sostenibilidad y PRL en Vicio","_seopress_robots_index":"","_seopress_robots_follow":"","_seopress_robots_imageindex":"","_seopress_robots_snippet":"","_seopress_robots_primary_cat":"none","_seopress_robots_breadcrumbs":"","_seopress_robots_freeze_modified_date":"","_seopress_robots_custom_modified_date":"","_seopress_robots_canonical":"","_seopress_social_fb_title":"Un caf\u00e9 con Natalia Garc\u00eda, directora de Calidad, Sostenibilidad y PRL en Vicio","_seopress_social_fb_desc":"Un caf\u00e9 con Natalia Garc\u00eda, directora de Calidad, Sostenibilidad y PRL en Vicio","_seopress_social_fb_img":"https:\/\/easyfairsassets.com\/sites\/199\/2026\/09\/eugenia-2.png","_seopress_social_fb_img_attachment_id":175797,"_seopress_social_fb_img_width":1250,"_seopress_social_fb_img_height":833,"_seopress_social_twitter_title":"Un caf\u00e9 con Natalia Garc\u00eda, directora de Calidad, Sostenibilidad y PRL en Vicio","_seopress_social_twitter_desc":"Un caf\u00e9 con Natalia Garc\u00eda, directora de Calidad, Sostenibilidad y PRL en Vicio","_seopress_social_twitter_img":"https:\/\/easyfairsassets.com\/sites\/199\/2026\/09\/eugenia-2.png","_seopress_social_twitter_img_attachment_id":175797,"_seopress_social_twitter_img_width":1250,"_seopress_social_twitter_img_height":833,"_seopress_redirections_value":"","_seopress_redirections_enabled":"","_seopress_redirections_enabled_regex":"","_seopress_redirections_logged_status":"both","_seopress_redirections_param":"","_seopress_redirections_type":301,"_seopress_analysis_target_kw":"Empack,Logistics & Automation,Automation,Logistics,transporte,packaging,Highlights,Expositores,visitar,exponer,conferencias,sponsors,entrevista,Caf\u00e9 con,graphic systems","_seopress_news_disabled":"","_seopress_video_disabled":"","_seopress_video":[],"_seopress_pro_schemas_manual":[{"_seopress_pro_rich_snippets_type":"none"}],"_seopress_pro_rich_snippets_disable_all":"","_seopress_pro_rich_snippets_disable":[],"_seopress_pro_schemas":[],"footnotes":""},"categories":[326,699],"tags":[2863,2862,1583,577,2861],"edition":[],"class_list":["post-175795","post","type-post","status-publish","format-standard","has-post-thumbnail","hentry","category-blog","category-un-cafe-con","tag-directora-de-calidad","tag-natalia-garcia","tag-prl","tag-sostenibilidad","tag-vicio"],"_links":{"self":[{"href":"https:\/\/www.empackmadrid.com\/es\/wp-json\/wp\/v2\/posts\/175795","targetHints":{"allow":["GET"]}}],"collection":[{"href":"https:\/\/www.empackmadrid.com\/es\/wp-json\/wp\/v2\/posts"}],"about":[{"href":"https:\/\/www.empackmadrid.com\/es\/wp-json\/wp\/v2\/types\/post"}],"author":[{"embeddable":true,"href":"https:\/\/www.empackmadrid.com\/es\/wp-json\/wp\/v2\/users\/135"}],"replies":[{"embeddable":true,"href":"https:\/\/www.empackmadrid.com\/es\/wp-json\/wp\/v2\/comments?post=175795"}],"version-history":[{"count":4,"href":"https:\/\/www.empackmadrid.com\/es\/wp-json\/wp\/v2\/posts\/175795\/revisions"}],"predecessor-version":[{"id":175802,"href":"https:\/\/www.empackmadrid.com\/es\/wp-json\/wp\/v2\/posts\/175795\/revisions\/175802"}],"wp:featuredmedia":[{"embeddable":true,"href":"https:\/\/www.empackmadrid.com\/es\/wp-json\/wp\/v2\/media\/175797"}],"wp:attachment":[{"href":"https:\/\/www.empackmadrid.com\/es\/wp-json\/wp\/v2\/media?parent=175795"}],"wp:term":[{"taxonomy":"category","embeddable":true,"href":"https:\/\/www.empackmadrid.com\/es\/wp-json\/wp\/v2\/categories?post=175795"},{"taxonomy":"post_tag","embeddable":true,"href":"https:\/\/www.empackmadrid.com\/es\/wp-json\/wp\/v2\/tags?post=175795"},{"taxonomy":"edition","embeddable":true,"href":"https:\/\/www.empackmadrid.com\/es\/wp-json\/wp\/v2\/edition?post=175795"}],"curies":[{"name":"wp","href":"https:\/\/api.w.org\/{rel}","templated":true}]}}